{"id":8198,"date":"2023-08-26T00:00:00","date_gmt":"2023-08-25T21:00:00","guid":{"rendered":"https:\/\/www.bmaq.org\/2023\/08\/26\/celebration-en-lhonneur-des-enfants-maqdessis-de-la-colonie-de-vacances-la-marche-verte\/"},"modified":"2024-01-31T17:56:02","modified_gmt":"2024-01-31T14:56:02","slug":"celebration-en-lhonneur-des-enfants-maqdessis-de-la-colonie-de-vacances-la-marche-verte","status":"publish","type":"post","link":"https:\/\/www.bmaq.org\/fr\/2023\/08\/26\/celebration-en-lhonneur-des-enfants-maqdessis-de-la-colonie-de-vacances-la-marche-verte\/","title":{"rendered":"C\u00e9l\u00e9bration en l&rsquo;honneur des enfants maqdessis de la colonie de vacances \u00ab\u00a0La Marche Verte\u00a0\u00bb"},"content":{"rendered":"\n<p>Rabat, 25 ao\u00fbt 2023<\/p>\n\n\n\n<p>Une c\u00e9l\u00e9bration a \u00e9t\u00e9 organis\u00e9e, jeudi soir \u00e0 Rabat, en l&rsquo;honneur des enfants maqdessis participant \u00e0 la 14\u00e8me \u00e9dition de la colonie de vacances \u00ab\u00a0La Marche Verte\u00a0\u00bb, initi\u00e9e par l&rsquo;Agence Bayt Mal Al-Qods Acharif, sous le Haut patronage du Roi Mohammed VI, Pr\u00e9sident du Comit\u00e9 Al-Qods, en partenariat avec le le minist\u00e8re de la Jeunesse, de la Culture et de la Communication.<br>Dans une allocution prononc\u00e9e en son nom, le ministre de la Jeunesse, de la Culture et de la Communication, Mohamed Mehdi Bensaid a soulign\u00e9 que le programme estival, parrain\u00e9 chaque ann\u00e9e par l\u2019Agence Bayt Mal Al-Qods Acharif, t\u00e9moigne de la proximit\u00e9 envers les enfants maqdessis, en leur offrant de riches exp\u00e9riences susceptibles d\u2019am\u00e9liorer leurs capacit\u00e9s et leurs comp\u00e9tences personnelles.<br>Et d&rsquo;ajouter, dans cette allocution lue par la secr\u00e9taire g\u00e9n\u00e9rale du d\u00e9partement de la Culture, Samira Malizi, qu\u2019\u00e0 travers le programme diversifi\u00e9 de la colonie de vacances en termes de visites \u00e0 certaines villes marocaines et institutions sociales, \u00e9conomiques et s\u00e9curitaires, les enfants ont pu d\u00e9couvrir l\u2019histoire, la culture et la riche nature diversifi\u00e9e du Maroc, pays de coexistence et de l&rsquo;acceptation de l&rsquo;autre.<br>Pour Bensaid, le but est de parvenir \u00e0 une coop\u00e9ration fructueuse entre les diff\u00e9rentes parties prenantes pour r\u00e9aliser le bien-\u00eatre et le d\u00e9veloppement durable des enfants d&rsquo;Al Qods, \u00e0 travers la mise en place d\u2019un environnement p\u00e9dagogique et r\u00e9cr\u00e9atif sur, qui contribue au d\u00e9veloppement de leur personnalit\u00e9.<br>Pour sa part, le directeur charg\u00e9 de la gestion de l&rsquo;Agence de Bayt Mal Al-Qods Acharif, Mohamed Salem Cherkaoui a not\u00e9 que les colonies de vacances organis\u00e9es chaque ann\u00e9e au Maroc et \u00e0 Al Qods constituent un prolongement de la coh\u00e9sion avec les g\u00e9n\u00e9rations palestiniennes pour leur permettre de pr\u00e9server l\u2019identit\u00e9 palestinienne.<br>Dans une d\u00e9claration \u00e0 la presse, Cherkaoui a mis en avant l&rsquo;importance de cette tradition qui perp\u00e9tue les liens historiques unissant les Marocains \u00e0 leurs fr\u00e8res Palestiniens \u00e0 Al-Qods au fil des ann\u00e9es.<br>De son c\u00f4t\u00e9, le premier conseiller et charg\u00e9 d&rsquo;affaires de l&rsquo;ambassade de Palestine \u00e0 Rabat, Mohammed Rabie, a lou\u00e9 cette exp\u00e9rience, qui a permis aux enfants maqdessis de d\u00e9couvrir la richesse de l&rsquo;histoire du Royaume du Maroc \u00e0 travers un programme diversifi\u00e9 de visites \u00e0 plusieurs villes.<br>Des clich\u00e9s retra\u00e7ant la chronologie des pr\u00e9c\u00e9dentes \u00e9ditions de colonies de vacances au Maroc (2008-2023) au profit des enfants de la ville sainte ont \u00e9t\u00e9 expos\u00e9es au grand plaisir de l&rsquo;assistance.<br>Les activit\u00e9s de la 14\u00e8me \u00e9dition de la colonie de vacances \u00ab\u00a0La Marche Verte\u00a0\u00bb se poursuivent au profit de 50 enfants de la ville sainte jusqu&rsquo;au 26 ao\u00fbt, avec plusieurs activit\u00e9s r\u00e9cr\u00e9atives et \u00e9ducatives, dont des comp\u00e9titions artistiques\u00a0et\u00a0sportives.<\/p>\n","protected":false},"excerpt":{"rendered":"<p>Rabat, 25 ao\u00fbt 2023 Une c\u00e9l\u00e9bration a \u00e9t\u00e9 organis\u00e9e, jeudi soir \u00e0 Rabat, en l&rsquo;honneur des enfants maqdessis participant \u00e0 la 14\u00e8me \u00e9dition de la colonie de vacances \u00ab\u00a0La Marche Verte\u00a0\u00bb, initi\u00e9e par l&rsquo;Agence Bayt Mal Al-Qods Acharif, sous le Haut patronage du Roi Mohammed VI, Pr\u00e9sident du Comit\u00e9 Al-Qods, en partenariat avec le le&hellip;<\/p>\n","protected":false},"author":1,"featured_media":8199,"comment_status":"open","ping_status":"open","sticky":false,"template":"","format":"standard","meta":{"inline_featured_image":false,"footnotes":""},"categories":[19,41],"tags":[],"class_list":["post-8198","post","type-post","status-publish","format-standard","has-post-thumbnail","hentry","category-informations","category-lactualite","category-19","category-41","description-off"],"_links":{"self":[{"href":"https:\/\/www.bmaq.org\/fr\/wp-json\/wp\/v2\/posts\/8198","targetHints":{"allow":["GET"]}}],"collection":[{"href":"https:\/\/www.bmaq.org\/fr\/wp-json\/wp\/v2\/posts"}],"about":[{"href":"https:\/\/www.bmaq.org\/fr\/wp-json\/wp\/v2\/types\/post"}],"author":[{"embeddable":true,"href":"https:\/\/www.bmaq.org\/fr\/wp-json\/wp\/v2\/users\/1"}],"replies":[{"embeddable":true,"href":"https:\/\/www.bmaq.org\/fr\/wp-json\/wp\/v2\/comments?post=8198"}],"version-history":[{"count":1,"href":"https:\/\/www.bmaq.org\/fr\/wp-json\/wp\/v2\/posts\/8198\/revisions"}],"predecessor-version":[{"id":8648,"href":"https:\/\/www.bmaq.org\/fr\/wp-json\/wp\/v2\/posts\/8198\/revisions\/8648"}],"wp:featuredmedia":[{"embeddable":true,"href":"https:\/\/www.bmaq.org\/fr\/wp-json\/wp\/v2\/media\/8199"}],"wp:attachment":[{"href":"https:\/\/www.bmaq.org\/fr\/wp-json\/wp\/v2\/media?parent=8198"}],"wp:term":[{"taxonomy":"category","embeddable":true,"href":"https:\/\/www.bmaq.org\/fr\/wp-json\/wp\/v2\/categories?post=8198"},{"taxonomy":"post_tag","embeddable":true,"href":"https:\/\/www.bmaq.org\/fr\/wp-json\/wp\/v2\/tags?post=8198"}],"curies":[{"name":"wp","href":"https:\/\/api.w.org\/{rel}","templated":true}]}}