{"id":8180,"date":"2023-08-04T00:00:00","date_gmt":"2023-08-03T21:00:00","guid":{"rendered":"https:\/\/www.bmaq.org\/2023\/08\/04\/lagence-bayt-mal-al-qods-al-sharif-parraine-le-festival-danimations-marche-verte-dans-le-cadre-des-activites-ecoles-dete-dans-la-ville-sainte\/"},"modified":"2023-08-04T00:00:00","modified_gmt":"2023-08-03T21:00:00","slug":"lagence-bayt-mal-al-qods-al-sharif-parraine-le-festival-danimations-marche-verte-dans-le-cadre-des-activites-ecoles-dete-dans-la-ville-sainte","status":"publish","type":"post","link":"https:\/\/www.bmaq.org\/fr\/2023\/08\/04\/lagence-bayt-mal-al-qods-al-sharif-parraine-le-festival-danimations-marche-verte-dans-le-cadre-des-activites-ecoles-dete-dans-la-ville-sainte\/","title":{"rendered":"L&rsquo;Agence Bayt Mal Al-Qods Al-Sharif parraine le festival d&rsquo;animations \u00ab\u00a0Marche verte\u00a0\u00bb dans le cadre des activit\u00e9s \u00ab\u00a0\u00c9coles d&rsquo;\u00e9t\u00e9\u00a0\u00bb dans la Ville Sainte"},"content":{"rendered":"\n<p>Al-Qods, 3 ao\u00fbt 2023<\/p>\n\n\n\n<p>Les activit\u00e9s du festival d\u2019animations \u00ab\u00a0Marche verte\u00a0\u00bb ont \u00e9t\u00e9 lanc\u00e9es, hier soir \u00e0 Al-Qods, en pr\u00e9sence du Dr. Mohamed Salem Cherkaoui, le directeur charg\u00e9 de la gestion de l&rsquo;Agence Bayt Mal Al-Qods Al-Sharif, dans le cadre des activit\u00e9s \u00ab\u00a0\u00c9coles d&rsquo;\u00e9t\u00e9\u00a0\u00bb qui se poursuivent dans la Ville Sainte jusqu&rsquo;au 20 ao\u00fbt.<\/p>\n\n\n\n<p>Ce festival est organis\u00e9 par l&rsquo;Association du Centre Culturel Marocain &#8211; Bayt Al-Maghrib \u00e0 Al-Qods, en coop\u00e9ration avec les associations et clubs qui ont b\u00e9n\u00e9fici\u00e9 cette ann\u00e9e du programme \u00ab\u00a0\u00c9coles d&rsquo;\u00e9t\u00e9\u00a0\u00bb, parrain\u00e9 par l&rsquo;Agence Bayt Mal Al-Qods Al-Sharif et qui int\u00e9resse quatre \u00e9tablissements et neuf centres de camping r\u00e9partis dans les quartiers de la ville.<\/p>\n\n\n\n<p>Le festival, qui s&rsquo;est tenu au Beit Hanina Club, a vu la participation des enfants des \u00e9coles d&rsquo;\u00e9t\u00e9 du nord d\u2019Al-Qods et de leurs familles.<\/p>\n\n\n\n<p>Il est pr\u00e9vu que le festival se d\u00e9place dans les zones de rassemblement des enfants du sud et du centre d\u2019Al-Qods afin que les participants puissent b\u00e9n\u00e9ficier de ces manifestations anim\u00e9es par des artistes professionnels. L&rsquo;agence tient \u00e0 les inclure pour les soutenir dans la poursuite de leurs activit\u00e9s artistiques significatives et utiles. .<\/p>\n\n\n\n<p>Par la suite, M. Cherkaoui et ses compagnons ont visit\u00e9 les ar\u00e8nes, les salles et les stades sportifs du Beit Hanina Club et ont salu\u00e9 l&rsquo;engagement de sa direction et les efforts du club pour accueillir la jeunesse et les associations d\u2019Al-Qods dans divers sports.<\/p>\n\n\n\n<p>Il est \u00e0 noter que le programme \u00a0\u00bb \u00c9coles d&rsquo;\u00e9t\u00e9 \u00ab\u00a0, qui a \u00e9t\u00e9 lanc\u00e9 sous le slogan : \u00ab\u00a0Afin de diffuser les valeurs d&rsquo;unit\u00e9 et de solidarit\u00e9\u00a0\u00bb, consacre le r\u00f4le de l&rsquo;\u00e9cole dans la diffusion des valeurs d&rsquo;unit\u00e9 et de solidarit\u00e9 parmi les g\u00e9n\u00e9rations palestiniennes \u00e0 travers le plus grand rassemblement d&rsquo;enfance du genre \u00e0 la Ville Sainte, que ce soit en termes de nombre de b\u00e9n\u00e9ficiaires ou de nombre d&rsquo;endroits o\u00f9 encadrer.<\/p>\n\n\n\n<p>Le programme est divis\u00e9 en un espace important pour le divertissement et les loisirs, et un autre espace important pour l&rsquo;\u00e9ducation et la formation, qui comprend l&rsquo;organisation de 90 ateliers th\u00e9matiques et sp\u00e9cialis\u00e9s dans les domaines de l&rsquo;art, de la musique, du th\u00e9\u00e2tre et du sport, et des ateliers sp\u00e9cialis\u00e9s en langues de communication, \u00e9ducation environnementale, formation aux techniques de plaidoyer et aspects de l&rsquo;utilisation de l&rsquo;intelligence dans la communication gr\u00e2ce aux technologies modernes d&rsquo;information et de communication.<\/p>\n\n\n\n<p>Le programme comprend \u00e9galement une ligue de football et une autre entre les \u00e9coles d&rsquo;\u00e9t\u00e9, des jeux d&rsquo;intelligence, en plus des jeux pour enfants, des soir\u00e9es d&rsquo;animation, du carnaval et du th\u00e9\u00e2tre de marionnettes avec la participation d&rsquo;artistes&nbsp;sp\u00e9cialis\u00e9s.<\/p>\n\n\n\n<p><\/p>\n","protected":false},"excerpt":{"rendered":"<p>Al-Qods, 3 ao\u00fbt 2023 Les activit\u00e9s du festival d\u2019animations \u00ab\u00a0Marche verte\u00a0\u00bb ont \u00e9t\u00e9 lanc\u00e9es, hier soir \u00e0 Al-Qods, en pr\u00e9sence du Dr. Mohamed Salem Cherkaoui, le directeur charg\u00e9 de la gestion de l&rsquo;Agence Bayt Mal Al-Qods Al-Sharif, dans le cadre des activit\u00e9s \u00ab\u00a0\u00c9coles d&rsquo;\u00e9t\u00e9\u00a0\u00bb qui se poursuivent dans la Ville Sainte jusqu&rsquo;au 20 ao\u00fbt. Ce&hellip;<\/p>\n","protected":false},"author":1,"featured_media":0,"comment_status":"open","ping_status":"open","sticky":false,"template":"","format":"standard","meta":{"inline_featured_image":false,"footnotes":""},"categories":[19],"tags":[],"class_list":["post-8180","post","type-post","status-publish","format-standard","hentry","category-informations","category-19","description-off"],"_links":{"self":[{"href":"https:\/\/www.bmaq.org\/fr\/wp-json\/wp\/v2\/posts\/8180","targetHints":{"allow":["GET"]}}],"collection":[{"href":"https:\/\/www.bmaq.org\/fr\/wp-json\/wp\/v2\/posts"}],"about":[{"href":"https:\/\/www.bmaq.org\/fr\/wp-json\/wp\/v2\/types\/post"}],"author":[{"embeddable":true,"href":"https:\/\/www.bmaq.org\/fr\/wp-json\/wp\/v2\/users\/1"}],"replies":[{"embeddable":true,"href":"https:\/\/www.bmaq.org\/fr\/wp-json\/wp\/v2\/comments?post=8180"}],"version-history":[{"count":0,"href":"https:\/\/www.bmaq.org\/fr\/wp-json\/wp\/v2\/posts\/8180\/revisions"}],"wp:attachment":[{"href":"https:\/\/www.bmaq.org\/fr\/wp-json\/wp\/v2\/media?parent=8180"}],"wp:term":[{"taxonomy":"category","embeddable":true,"href":"https:\/\/www.bmaq.org\/fr\/wp-json\/wp\/v2\/categories?post=8180"},{"taxonomy":"post_tag","embeddable":true,"href":"https:\/\/www.bmaq.org\/fr\/wp-json\/wp\/v2\/tags?post=8180"}],"curies":[{"name":"wp","href":"https:\/\/api.w.org\/{rel}","templated":true}]}}