{"id":8176,"date":"2023-08-05T00:00:00","date_gmt":"2023-08-04T21:00:00","guid":{"rendered":"https:\/\/www.bmaq.org\/2023\/08\/05\/palestine-celebration-de-la-journee-du-royaume-du-maroc-a-al-qods\/"},"modified":"2023-08-05T00:00:00","modified_gmt":"2023-08-04T21:00:00","slug":"palestine-celebration-de-la-journee-du-royaume-du-maroc-a-al-qods","status":"publish","type":"post","link":"https:\/\/www.bmaq.org\/fr\/2023\/08\/05\/palestine-celebration-de-la-journee-du-royaume-du-maroc-a-al-qods\/","title":{"rendered":"Palestine : C\u00e9l\u00e9bration de la Journ\u00e9e du Royaume du Maroc \u00e0 Al-Qods"},"content":{"rendered":"\n<p>Al-Qods, 4 ao\u00fbt 2023<\/p>\n\n\n\n<p>Une c\u00e9r\u00e9monie c\u00e9l\u00e9brant la \u00ab\u00a0Journ\u00e9e du Royaume du Maroc \u00e0 Al-Qods\u00a0\u00bb a \u00e9t\u00e9 organis\u00e9e, vendredi \u00e0 Al-Qods, pour f\u00eater le jubil\u00e9 d&rsquo;argent et le 25\u00e8me anniversaire de l&rsquo;Agence Bayt Mal Al-Qods Acharif qui d\u00e9ploie ses services dans la ville d&rsquo;Al-Qods dans l&rsquo;objectif de renforcer la r\u00e9silience des Maqdessis et de leurs institutions.<\/p>\n\n\n\n<p>Organis\u00e9e par l&rsquo;Association du Centre culturel marocain &#8211; \u00ab\u00a0Bayt Al Maghrib\u00a0\u00bb \u00e0 Al-Qods, la c\u00e9r\u00e9monie s&rsquo;est d\u00e9roul\u00e9e en pr\u00e9sence du directeur charg\u00e9 de la gestion de l&rsquo;Agence Bayt Mal Al-Qods Acharif, Mohamed Salem Cherkaoui, de l&rsquo;ambassadeur du Maroc en Palestine, Abderrahim Meziane, de religieux musulmans et chr\u00e9tiens, d&rsquo;\u00e9minentes personnalit\u00e9s Maqdessies, de repr\u00e9sentants des agences des Nations unies, de pr\u00e9sidents d&rsquo;associations et d&rsquo;institutions sociales et civiles, ainsi que du repr\u00e9sentant de la Chambre de commerce.<\/p>\n\n\n\n<p>La c\u00e9l\u00e9bration a commenc\u00e9 par la coupure du ruban, l&rsquo;inauguration de l&rsquo;exposition du Royaume du Maroc et une visite dans ses stands. Cet espace comprend des produits de l&rsquo;artisanat marocain, de la poterie, de la dinanderie, des ustensiles de cuisine, des habits traditionnels et des bijoux, des instruments de musique et des tapis traditionnels, au milieu desquels se trouvent un tableau de fleurs aux couleurs du drapeau du Royaume, ainsi que des photos des Rois de la dynastie alaouite ch\u00e9rifienne, outre des monuments du Royaume du Maroc.<\/p>\n\n\n\n<p>Plusieurs personnalit\u00e9s ont prononc\u00e9 des allocutions \u00e0 cette occasion, notamment le directeur en charge de la gestion de l&rsquo;Agence Bayt Mal Al-Qods Acharif, l&rsquo;ambassadeur de S.M. le Roi, Khalil Abou Arafa de l&rsquo;Association du Centre culturel marocain, le charg\u00e9 du dossier d&rsquo;Al-Qods au sein de l&rsquo;Organisation de lib\u00e9ration de la Palestine (OLP), Adnane al-Husseini, l&rsquo;archev\u00eaque Suheil Dawani, le pr\u00e9sident de l&rsquo;Universit\u00e9 d&rsquo;Al-Qods, Imad Abu Kishk et la pr\u00e9sidente du Sommet international de l&rsquo;enfance, l&rsquo;\u00e9tudiante Maqdessie, Yasmine Ayyad.<\/p>\n\n\n\n<p>Les personnalit\u00e9s Maqdessies ont salu\u00e9 le r\u00f4le du Royaume du Maroc, sous la conduite de Sa Majest\u00e9 le Roi Mohammed VI, pr\u00e9sident du Comit\u00e9 Al-Qods, ainsi que le grand r\u00f4le du Souverain dans le soutien de la Ville Sainte et de ses habitants. Il a \u00e9t\u00e9 proc\u00e9d\u00e9, par la m\u00eame occasion, au lancement par l&rsquo;Agence Bayt Mal Al-Qods Acharif de l&rsquo;ouvrage \u00ab\u00a0Rabat \u00e0 Al-Qods\u00a0\u00bb ainsi que d&rsquo;une capsule vid\u00e9o intitul\u00e9e \u00ab\u00a0Le Maroc aux yeux des Palestiniens\u00a0\u00bb.<\/p>\n\n\n\n<p>Les participants ont adress\u00e9 un message de remerciements et de gratitude \u00e0 Sa Majest\u00e9 le Roi Mohammed VI, tout en exprimant leurs f\u00e9licitations au peuple marocain \u00e0 l&rsquo;occasion de la glorieuse&nbsp;f\u00eate&nbsp;du&nbsp;Tr\u00f4ne.<\/p>\n","protected":false},"excerpt":{"rendered":"<p>Al-Qods, 4 ao\u00fbt 2023 Une c\u00e9r\u00e9monie c\u00e9l\u00e9brant la \u00ab\u00a0Journ\u00e9e du Royaume du Maroc \u00e0 Al-Qods\u00a0\u00bb a \u00e9t\u00e9 organis\u00e9e, vendredi \u00e0 Al-Qods, pour f\u00eater le jubil\u00e9 d&rsquo;argent et le 25\u00e8me anniversaire de l&rsquo;Agence Bayt Mal Al-Qods Acharif qui d\u00e9ploie ses services dans la ville d&rsquo;Al-Qods dans l&rsquo;objectif de renforcer la r\u00e9silience des Maqdessis et de leurs&hellip;<\/p>\n","protected":false},"author":1,"featured_media":8177,"comment_status":"open","ping_status":"open","sticky":false,"template":"","format":"standard","meta":{"inline_featured_image":false,"footnotes":""},"categories":[19],"tags":[],"class_list":["post-8176","post","type-post","status-publish","format-standard","has-post-thumbnail","hentry","category-informations","category-19","description-off"],"_links":{"self":[{"href":"https:\/\/www.bmaq.org\/fr\/wp-json\/wp\/v2\/posts\/8176","targetHints":{"allow":["GET"]}}],"collection":[{"href":"https:\/\/www.bmaq.org\/fr\/wp-json\/wp\/v2\/posts"}],"about":[{"href":"https:\/\/www.bmaq.org\/fr\/wp-json\/wp\/v2\/types\/post"}],"author":[{"embeddable":true,"href":"https:\/\/www.bmaq.org\/fr\/wp-json\/wp\/v2\/users\/1"}],"replies":[{"embeddable":true,"href":"https:\/\/www.bmaq.org\/fr\/wp-json\/wp\/v2\/comments?post=8176"}],"version-history":[{"count":0,"href":"https:\/\/www.bmaq.org\/fr\/wp-json\/wp\/v2\/posts\/8176\/revisions"}],"wp:featuredmedia":[{"embeddable":true,"href":"https:\/\/www.bmaq.org\/fr\/wp-json\/wp\/v2\/media\/8177"}],"wp:attachment":[{"href":"https:\/\/www.bmaq.org\/fr\/wp-json\/wp\/v2\/media?parent=8176"}],"wp:term":[{"taxonomy":"category","embeddable":true,"href":"https:\/\/www.bmaq.org\/fr\/wp-json\/wp\/v2\/categories?post=8176"},{"taxonomy":"post_tag","embeddable":true,"href":"https:\/\/www.bmaq.org\/fr\/wp-json\/wp\/v2\/tags?post=8176"}],"curies":[{"name":"wp","href":"https:\/\/api.w.org\/{rel}","templated":true}]}}