{"id":8171,"date":"2023-07-29T00:00:00","date_gmt":"2023-07-28T21:00:00","guid":{"rendered":"https:\/\/www.bmaq.org\/2023\/07\/29\/lagence-bayt-mal-al-qods-et-lordre-islamique-supreme-conviennent-de-creer-une-bibliotheque-de-dotation-documentaire-dans-la-ville-sainte\/"},"modified":"2023-07-29T00:00:00","modified_gmt":"2023-07-28T21:00:00","slug":"lagence-bayt-mal-al-qods-et-lordre-islamique-supreme-conviennent-de-creer-une-bibliotheque-de-dotation-documentaire-dans-la-ville-sainte","status":"publish","type":"post","link":"https:\/\/www.bmaq.org\/fr\/2023\/07\/29\/lagence-bayt-mal-al-qods-et-lordre-islamique-supreme-conviennent-de-creer-une-bibliotheque-de-dotation-documentaire-dans-la-ville-sainte\/","title":{"rendered":"L&rsquo;Agence Bayt Mal Al-Qods et l\u2019Ordre islamique supr\u00eame conviennent de cr\u00e9er une biblioth\u00e8que de dotation documentaire dans la Ville Sainte"},"content":{"rendered":"\n<p>Al-Qods, 29 juillet 2023<\/p>\n\n\n\n<p>l&rsquo;Agence Bayt Mal Al-Qods Al-Sharif et l\u2019Ordre islamique supr\u00eame d\u2019Al-Qods ont sign\u00e9, aujourd&rsquo;hui (29 juillet 2023), un accord de soutien et de coop\u00e9ration visant \u00e0 organiser des activit\u00e9s conjointes dans la Ville Sainte.<\/p>\n\n\n\n<p>Les c\u00e9r\u00e9monies de cet accord, qui a \u00e9t\u00e9 sign\u00e9 au nom de l\u2019Ordre, par son pr\u00e9sident Cheikh Dr. Ikrima Sabri, et au nom de l&rsquo;Agence, par M. Ismail Al-Ramli, le coordinateur des projets et programmes de l&rsquo;Agence \u00e0 Al-Qods, se sont d\u00e9roul\u00e9es au si\u00e8ge de l\u2019Ordre dans la Vieille Ville, en pr\u00e9sence de membres de l\u2019Ordre et des cadres de l&rsquo;Agence, ainsi que d&rsquo;un certain nombre de personnalit\u00e9s Maqdessis .<\/p>\n\n\n\n<p>Au d\u00e9but de son discours prononc\u00e9 \u00e0 cette occasion, le Dr Ikrima Sabri a exprim\u00e9 ses remerciements \u00e0 Sa Majest\u00e9 le Roi Mohammed VI, Pr\u00e9sident du Comit\u00e9 Al-Qods, au peuple marocain et \u00e0 l&rsquo;Agence Bayt Mal Al-Qods Al-Sharif, le bras ex\u00e9cutif du Comit\u00e9 \u00e9manant de l&rsquo;Organisation de la coop\u00e9ration islamique, pour leur soutien \u00e0 Al-Qods et aux lieux saints.<\/p>\n\n\n\n<p>Et il a indiqu\u00e9 que \u00ab\u00a0l&rsquo;accord comprend la cr\u00e9ation d&rsquo;une biblioth\u00e8que de dotation documentaire, la tenue de la septi\u00e8me conf\u00e9rence acad\u00e9mique de l\u2019ordre, et l&rsquo;impression de ses publications\u00a0\u00bb, indiquant que l\u2019ordre restera en contact permanent avec l&rsquo;Agence pour mettre en \u0153uvre les projets qui concernent la ville d\u2019Al-Qods d&rsquo;une part, et les citoyens et les institutions de cette ville d&rsquo;autre part.<\/p>\n\n\n\n<p>Il a poursuivi : \u00ab Cette coop\u00e9ration entre les deux parties n&rsquo;est pas nouvelle. En effet, en 2011, l&rsquo;Agence a apport\u00e9 un soutien g\u00e9n\u00e9reux \u00e0 l\u2019Ordre, et cette bonne relation se renouvelle sans cesse \u00bb.<\/p>\n\n\n\n<p>Pour sa part, M. Ismail Al-Ramli a d\u00e9clar\u00e9 : \u00ab Cet accord s&rsquo;inscrit dans le cadre des travaux de l&rsquo;Agence, en application des hautes instructions de Sa Majest\u00e9 le Roi Mohammed VI, de poursuivre les efforts pour soutenir Al-Qods et ses institutions dans divers secteurs, dans le cadre des capacit\u00e9s financi\u00e8res dont dispose l&rsquo;institution \u00bb.<\/p>\n\n\n\n<p>Al-Ramli a soulign\u00e9 que \u00ab la supervision personnelle par Sa Majest\u00e9 le Roi du travail de l&rsquo;Agence \u00e0 Al-Qods, en tant que bras ex\u00e9cutif et de terrain du Comit\u00e9 Al-Qods, augmente son souci et son engagement \u00e0 choisir des projets r\u00e9alistes et r\u00e9alisables, dans le cadre d&rsquo;initiatives innovantes et dans le cadre de partenariats qualitatifs pour soutenir les institutions de la Ville Sainte \u00bb.<\/p>\n\n\n\n<p>En marge de la c\u00e9r\u00e9monie de signature de l&rsquo;accord, le po\u00e8te Maqdessi, Dr. Moataz Al-Qutb, a r\u00e9cit\u00e9 un po\u00e8me sur les relations d\u2019Al-Qods avec le Maroc, en signe d&rsquo;appr\u00e9ciation et de gratitude envers Sa Majest\u00e9 le Roi et le peuple marocain, qui c\u00e9l\u00e8brent la glorieuse f\u00eate du Tr\u00f4ne en ces jours.<\/p>\n\n\n\n<p>Il convient de noter que l\u2019Ordre islamique supr\u00eame est le premier organe islamique form\u00e9 apr\u00e8s 1967 et a une contribution estim\u00e9e \u00e0 la protection des sanctuaires islamiques \u00e0 Al-Qods, au sommet de laquelle se trouve la mosqu\u00e9e&nbsp;b\u00e9nie&nbsp;Al-Aqsa.<\/p>\n","protected":false},"excerpt":{"rendered":"<p>Al-Qods, 29 juillet 2023 l&rsquo;Agence Bayt Mal Al-Qods Al-Sharif et l\u2019Ordre islamique supr\u00eame d\u2019Al-Qods ont sign\u00e9, aujourd&rsquo;hui (29 juillet 2023), un accord de soutien et de coop\u00e9ration visant \u00e0 organiser des activit\u00e9s conjointes dans la Ville Sainte. Les c\u00e9r\u00e9monies de cet accord, qui a \u00e9t\u00e9 sign\u00e9 au nom de l\u2019Ordre, par son pr\u00e9sident Cheikh Dr.&hellip;<\/p>\n","protected":false},"author":1,"featured_media":8172,"comment_status":"open","ping_status":"open","sticky":false,"template":"","format":"standard","meta":{"inline_featured_image":false,"footnotes":""},"categories":[19],"tags":[],"class_list":["post-8171","post","type-post","status-publish","format-standard","has-post-thumbnail","hentry","category-informations","category-19","description-off"],"_links":{"self":[{"href":"https:\/\/www.bmaq.org\/fr\/wp-json\/wp\/v2\/posts\/8171","targetHints":{"allow":["GET"]}}],"collection":[{"href":"https:\/\/www.bmaq.org\/fr\/wp-json\/wp\/v2\/posts"}],"about":[{"href":"https:\/\/www.bmaq.org\/fr\/wp-json\/wp\/v2\/types\/post"}],"author":[{"embeddable":true,"href":"https:\/\/www.bmaq.org\/fr\/wp-json\/wp\/v2\/users\/1"}],"replies":[{"embeddable":true,"href":"https:\/\/www.bmaq.org\/fr\/wp-json\/wp\/v2\/comments?post=8171"}],"version-history":[{"count":0,"href":"https:\/\/www.bmaq.org\/fr\/wp-json\/wp\/v2\/posts\/8171\/revisions"}],"wp:featuredmedia":[{"embeddable":true,"href":"https:\/\/www.bmaq.org\/fr\/wp-json\/wp\/v2\/media\/8172"}],"wp:attachment":[{"href":"https:\/\/www.bmaq.org\/fr\/wp-json\/wp\/v2\/media?parent=8171"}],"wp:term":[{"taxonomy":"category","embeddable":true,"href":"https:\/\/www.bmaq.org\/fr\/wp-json\/wp\/v2\/categories?post=8171"},{"taxonomy":"post_tag","embeddable":true,"href":"https:\/\/www.bmaq.org\/fr\/wp-json\/wp\/v2\/tags?post=8171"}],"curies":[{"name":"wp","href":"https:\/\/api.w.org\/{rel}","templated":true}]}}