{"id":8165,"date":"2023-07-23T00:00:00","date_gmt":"2023-07-22T21:00:00","guid":{"rendered":"https:\/\/www.bmaq.org\/2023\/07\/23\/lagence-de-presse-koweitienne-kuna-met-en-lumiere-les-contributions-de-la-lagence-bayt-mal-al-qods-dans-la-ville-sainte\/"},"modified":"2023-07-23T00:00:00","modified_gmt":"2023-07-22T21:00:00","slug":"lagence-de-presse-koweitienne-kuna-met-en-lumiere-les-contributions-de-la-lagence-bayt-mal-al-qods-dans-la-ville-sainte","status":"publish","type":"post","link":"https:\/\/www.bmaq.org\/fr\/2023\/07\/23\/lagence-de-presse-koweitienne-kuna-met-en-lumiere-les-contributions-de-la-lagence-bayt-mal-al-qods-dans-la-ville-sainte\/","title":{"rendered":"L&rsquo;agence de presse kowe\u00eftienne \u00ab\u00a0KUNA\u00a0\u00bb met en lumi\u00e8re les contributions de la \u00ab\u00a0l&rsquo;Agence Bayt Mal Al-Qods\u00a0\u00bb dans la Ville Sainte"},"content":{"rendered":"\n<p>Kowe\u00eft, 22 juillet 2023<\/p>\n\n\n\n<p>Dans sa publication d&rsquo;aujourd&rsquo;hui, samedi 22 juillet 2023, l&rsquo;Agence de presse kowe\u00eftienne (KUNA) a soulign\u00e9 les contributions et les programmes de l&rsquo;Agence Bayt Mal Al-Qods Al-Sharif, le bras ex\u00e9cutif du Comit\u00e9 d&rsquo;Al-Qods, pr\u00e9sid\u00e9 par Sa Majest\u00e9 le Roi Mohammed VI, face \u00e0 la responsabilit\u00e9 d&rsquo;accomplir les devoirs de protection et de pr\u00e9servation du patrimoine culturel de la ville d&rsquo;Al-Qods en tant que patrimoine commun de l&rsquo;humanit\u00e9, et d&rsquo;am\u00e9liorer les conditions sociales et \u00e9conomiques des habitants Maqdessis.<\/p>\n\n\n\n<p>KUNA a men\u00e9 un entretien avec le directeur charg\u00e9 de la gestion de l&rsquo;Agence Bayt Mal Al-Qods, Dr Mohamed Salem Cherkaoui, dans lequel, il a soulign\u00e9 que cette institution assume la responsabilit\u00e9 d&rsquo;exercer les fonctions de protection du patrimoine culturel de la ville Sainte et de le pr\u00e9server en tant que patrimoine commun de l&rsquo;humanit\u00e9; pr\u00e9server l&rsquo;identit\u00e9 culturelle de la ville et consacrer son statut juridique et son caract\u00e8re religieux et civilis\u00e9.<\/p>\n\n\n\n<p>M. Cherkaoui a expliqu\u00e9 dans cet entretien que l&rsquo;Agence Bayt Mal Al-Qods Al-Sharif, s&rsquo;est vue confier depuis sa cr\u00e9ation en 1998 \u00e0 l&rsquo;initiative de feu le roi du Maroc Hassan II en sa qualit\u00e9 de pr\u00e9sident du comit\u00e9 Al-Qods, affili\u00e9 \u00e0 l&rsquo;Organisation de la coop\u00e9ration islamique, d&rsquo;am\u00e9liorer les conditions sociales et \u00e9conomiques de ses r\u00e9sidents et de soutenir leurs institutions en leur apportant le soutien et le financement n\u00e9cessaires pour continuer \u00e0 jouer son r\u00f4le dans la cons\u00e9cration de l&rsquo;identit\u00e9 nationale d&rsquo;Al-Qods Al-Sharif.<\/p>\n\n\n\n<p>Il a soulign\u00e9 que \u00ab les conditions \u00e9conomiques et sociales \u00e0 Al-Qods Al-Sharif sont devenues une source de pr\u00e9occupation \u00bb, ce qui n\u00e9cessite des volont\u00e9s arabes, islamiques et internationales concert\u00e9es pour soutenir les secteurs touch\u00e9s par les politiques de colonisation, en apportant un soutien tangible et durable aux institutions Maqdessis et en leur fournissant les capacit\u00e9s et les ressources n\u00e9cessaires qui leur permettent de continuer \u00e0 accomplir leurs t\u00e2ches.<\/p>\n\n\n\n<p>M. Cherkaoui a mis en relief le bilan important r\u00e9alis\u00e9 par l&rsquo;Agence au cours des 25 derni\u00e8res ann\u00e9es et qui ont d\u00e9pass\u00e9 200 grands projets et des centaines de projets moyens et petits, qui s&rsquo;inscrivent tous dans le cadre de la fourniture d&rsquo;\u00e9l\u00e9ments de soutien et de constance aux habitants de la Ville Sainte, ajoutant que la connaissance pr\u00e9cise de l&rsquo;agence de la situation \u00e0 Al-Qods \u00ab lui a donn\u00e9 une exp\u00e9rience de la sp\u00e9cificit\u00e9 de la ville qui lui a permis de maintenir le travail selon les priorit\u00e9s impos\u00e9es par les transformations rapides de la r\u00e9gion, dont les d\u00e9fis s\u00e9curitaires qui affectent la continuit\u00e9 et le flux de travail \u00bb.<\/p>\n\n\n\n<p>Dans ce contexte, il a indiqu\u00e9 que les habitants d&rsquo;Al-Qods doivent, \u00e0 moyen terme, construire entre 15 et 20 000 logements dans la Vieille Ville, tout comme le secteur de l&rsquo;\u00e9ducation doit construire 28 \u00e9coles en plus de 20 cr\u00e8ches, en plus d&rsquo;\u00e9quiper des centres de traitement et des h\u00f4pitaux, renforcer leurs budgets de gestion, fournir des centres culturels et des terrains de jeux pour les jeunes et les femmes, ainsi que restaurer un certain nombre de b\u00e2timents, mosqu\u00e9es et monuments pour pr\u00e9server le patrimoine culturel et civilisationnel de la ville.<\/p>\n\n\n\n<p>M. Cherkaoui a \u00e9galement expliqu\u00e9 que l&rsquo;Agence assume la responsabilit\u00e9 d&rsquo;approuver, de mettre en \u0153uvre et de suivre les projets \u00e0 Al-Qods Al-Sharif sous l&rsquo;autorit\u00e9 du Comit\u00e9 de tutelle et du Conseil d&rsquo;administration, soulignant qu&rsquo;elle ne fixe pas les conditions d&rsquo;aide et d&rsquo;assistance aux habitants d&rsquo;Al-Qods et \u00e0 ses institutions uniquement dans la mesure o\u00f9 elle peut garantir que l&rsquo;aide parvienne \u00e0 ceux qui le m\u00e9ritent directement et sans interm\u00e9diaires dans le plein respect des lois en vigueur.<\/p>\n\n\n\n<p>Il a aussi d\u00e9clar\u00e9 que l&rsquo;Agence Bayt Mal Al-Qods, qui incarne la volont\u00e9 de la nation islamique d&rsquo;apporter un soutien direct \u00e0 la Ville Sainte, a toujours besoin d&rsquo;un soutien financier pour pouvoir remplir ses obligations de protection de la Ville, de pr\u00e9servation de son patrimoine culturel et de soutien \u00e0 la fermet\u00e9 de ses habitants Mourabitines<\/p>\n\n\n\n<p>Le directeur charg\u00e9 de la gestion de l&rsquo;Agence a soulign\u00e9 l&rsquo;ouverture de cette d\u00e9rni\u00e8re aux partenaires et donateurs pour la coop\u00e9ration et le partenariat pour financer des projets sociaux et de d\u00e9veloppement \u00e0 Al-Qods, louant ce que l&rsquo;\u00c9tat du Kowe\u00eft a pr\u00e9c\u00e9demment fourni pour financer des projets sociaux \u00e0 Al-Qods, rappelant \u00e0 cet \u00e9gard sa contribution d&rsquo;un million de dollars en 2008 pour financer certains projets supervis\u00e9s par l&rsquo;Agence.<\/p>\n\n\n\n<p>Concernant les plans visant \u00e0 obscurcir l&rsquo;identit\u00e9 de la Ville Sainte et \u00e0 changer son statut juridique, M.Cherkaoui a soulign\u00e9 que \u00ab ces plans sont in\u00e9vitablement vou\u00e9s \u00e0 l&rsquo;\u00e9chec, car Al-Qods \u00e9tait, est et restera un centre civilis\u00e9 pour l&rsquo;humanit\u00e9 \u00bb, avertissant que \u00ab perturber l&rsquo;\u00e9quilibre naturel, \u00e9conomique, d\u00e9mographique et environnemental de la ville sainte conduit \u00e0 compliquer la situation \u00bb et g\u00e9n\u00e8re un \u00e9tat de rejet qui pousse les habitants d&rsquo;Al-Qods \u00e0 encourir des risques, \u00ab sachant que les Palestiniens, comme d&rsquo;autres, sont des demandeurs de vie qui d\u00e9fendent leur droit de vivre sur leur terre avec libert\u00e9&nbsp;et&nbsp;dignit\u00e9\u00bb.<\/p>\n\n\n\n<p>\/\/<\/p>\n","protected":false},"excerpt":{"rendered":"<p>Kowe\u00eft, 22 juillet 2023 Dans sa publication d&rsquo;aujourd&rsquo;hui, samedi 22 juillet 2023, l&rsquo;Agence de presse kowe\u00eftienne (KUNA) a soulign\u00e9 les contributions et les programmes de l&rsquo;Agence Bayt Mal Al-Qods Al-Sharif, le bras ex\u00e9cutif du Comit\u00e9 d&rsquo;Al-Qods, pr\u00e9sid\u00e9 par Sa Majest\u00e9 le Roi Mohammed VI, face \u00e0 la responsabilit\u00e9 d&rsquo;accomplir les devoirs de protection et de&hellip;<\/p>\n","protected":false},"author":1,"featured_media":8166,"comment_status":"open","ping_status":"open","sticky":false,"template":"","format":"standard","meta":{"inline_featured_image":false,"footnotes":""},"categories":[19],"tags":[],"class_list":["post-8165","post","type-post","status-publish","format-standard","has-post-thumbnail","hentry","category-informations","category-19","description-off"],"_links":{"self":[{"href":"https:\/\/www.bmaq.org\/fr\/wp-json\/wp\/v2\/posts\/8165","targetHints":{"allow":["GET"]}}],"collection":[{"href":"https:\/\/www.bmaq.org\/fr\/wp-json\/wp\/v2\/posts"}],"about":[{"href":"https:\/\/www.bmaq.org\/fr\/wp-json\/wp\/v2\/types\/post"}],"author":[{"embeddable":true,"href":"https:\/\/www.bmaq.org\/fr\/wp-json\/wp\/v2\/users\/1"}],"replies":[{"embeddable":true,"href":"https:\/\/www.bmaq.org\/fr\/wp-json\/wp\/v2\/comments?post=8165"}],"version-history":[{"count":0,"href":"https:\/\/www.bmaq.org\/fr\/wp-json\/wp\/v2\/posts\/8165\/revisions"}],"wp:featuredmedia":[{"embeddable":true,"href":"https:\/\/www.bmaq.org\/fr\/wp-json\/wp\/v2\/media\/8166"}],"wp:attachment":[{"href":"https:\/\/www.bmaq.org\/fr\/wp-json\/wp\/v2\/media?parent=8165"}],"wp:term":[{"taxonomy":"category","embeddable":true,"href":"https:\/\/www.bmaq.org\/fr\/wp-json\/wp\/v2\/categories?post=8165"},{"taxonomy":"post_tag","embeddable":true,"href":"https:\/\/www.bmaq.org\/fr\/wp-json\/wp\/v2\/tags?post=8165"}],"curies":[{"name":"wp","href":"https:\/\/api.w.org\/{rel}","templated":true}]}}