{"id":8155,"date":"2023-06-25T00:00:00","date_gmt":"2023-06-24T21:00:00","guid":{"rendered":"https:\/\/www.bmaq.org\/2023\/06\/25\/conference-a-al-qods-sur-les-croisements-des-experiences-marocaine-et-palestinienne-dans-la-preservation-du-patrimoine-architectural\/"},"modified":"2023-06-25T00:00:00","modified_gmt":"2023-06-24T21:00:00","slug":"conference-a-al-qods-sur-les-croisements-des-experiences-marocaine-et-palestinienne-dans-la-preservation-du-patrimoine-architectural","status":"publish","type":"post","link":"https:\/\/www.bmaq.org\/fr\/2023\/06\/25\/conference-a-al-qods-sur-les-croisements-des-experiences-marocaine-et-palestinienne-dans-la-preservation-du-patrimoine-architectural\/","title":{"rendered":"Conf\u00e9rence \u00e0 Al-Qods sur les croisements des exp\u00e9riences marocaine et palestinienne dans la pr\u00e9servation du patrimoine architectural"},"content":{"rendered":"\n<p>Al-Qods &#8211; 25 juin 2023<\/p>\n\n\n\n<p>Des experts marocains et palestiniens ont d\u00e9battu, r\u00e9cemment \u00e0 Al-Qods, des croisements des exp\u00e9riences marocaine et palestinienne dans la protection et la pr\u00e9servation de l&rsquo;architecture arch\u00e9ologique.<\/p>\n\n\n\n<p>&nbsp;Lors d&rsquo;une conf\u00e9rence organis\u00e9e par l&rsquo;Association du Centre culturel marocain en partenariat avec l&rsquo;Universit\u00e9 Al-Qods, les experts des deux pays ont trait\u00e9 divers sujets li\u00e9s notamment au r\u00f4le des r\u00e9seaux sociaux dans la pr\u00e9servation du patrimoine culturel, particuli\u00e8rement celui de la ville sainte, ainsi qu&rsquo;aux d\u00e9fis de la restauration de la vieille ville d&rsquo;Al-Qods.<\/p>\n\n\n\n<p>La conf\u00e9rence, qui s&rsquo;inscrit dans le cadre d&rsquo;une visite effectu\u00e9e par une d\u00e9l\u00e9gation marocaine compos\u00e9e d&rsquo;architectes et d&rsquo;experts sp\u00e9cialis\u00e9s dans la restauration de b\u00e2timents arch\u00e9ologiques et l&rsquo;entretien de l&rsquo;architecture historique, a \u00e9galement port\u00e9 sur l&rsquo;importance de la pr\u00e9servation du patrimoine architectural et urbanistique dans le d\u00e9veloppement socio-\u00e9conomique, avec F\u00e8s comme exemple.<\/p>\n\n\n\n<p>\u00c0 cette occasion, le Pr\u00e9sident de l&rsquo;Universit\u00e9 Al-Qods, Imad Abu Kishek, a salu\u00e9 l&rsquo;int\u00e9r\u00eat particulier port\u00e9 par Sa Majest\u00e9 le Roi Mohammed VI, Pr\u00e9sident du Comit\u00e9 Al-Qods, \u00e0 l&rsquo;histoire de la ville sainte et \u00e0 la pr\u00e9servation de son patrimoine dans le sillage des conditions qui l&rsquo;entourent.<\/p>\n\n\n\n<p>Il a \u00e9galement soulign\u00e9 la distinction du Maroc par son int\u00e9r\u00eat scientifique et \u00e9tudi\u00e9 au patrimoine arch\u00e9ologique et \u00e0 sa restauration, appelant les experts et les acad\u00e9miciens des deux pays \u00e0 poursuivre leur \u00e9change d&rsquo;exp\u00e9riences dans ce domaine au profit notamment des \u00e9tudiants de la facult\u00e9 d&rsquo;architecture relevant de son universit\u00e9.<\/p>\n\n\n\n<p>Pour sa part, l&rsquo;ambassadeur du Maroc en Palestine, Abderrahim Meziane, a not\u00e9 que la visite de la d\u00e9l\u00e9gation marocaine refl\u00e8te l&rsquo;int\u00e9r\u00eat port\u00e9 par le Souverain \u00e0 la Palestine et en particulier \u00e0 Al-Qods, \u00e0 travers l&rsquo;Agence Bayt Mal Al-Qods Acharif, exprimant le souhait de voir cette rencontre entre les architectes et les experts des deux pays aboutir \u00e0 des projets prometteurs.<\/p>\n\n\n\n<p>De son c\u00f4t\u00e9, le coordinateur des programmes et projets de l&rsquo;Agence \u00e0 Al-Qods, Ismail Al-Ramli, a expliqu\u00e9 que cette visite, effectu\u00e9e avec l&rsquo;appui de l&rsquo;Agence, s&rsquo;inscrit dans le cadre de l&rsquo;encouragement par cette institution des projets et programmes concrets qui ont un impact positif sur les habitants d&rsquo;Al-Qods, dans les diff\u00e9rents domaines sociaux.<\/p>\n\n\n\n<p>Pour sa part, la cheffe du d\u00e9partement d&rsquo;architecture \u00e0 l&rsquo;Universit\u00e9 Al-Qods, Yara Seifi, a fait savoir que l&rsquo;Universit\u00e9 a supervis\u00e9 de nombreux projets de restauration men\u00e9s par l&rsquo;Agence Bayt Mal Al-Qods Acharif dans diff\u00e9rents sites de la ville sainte.<\/p>\n\n\n\n<p>La d\u00e9l\u00e9gation marocaine comprend le directeur de l&rsquo;Agence de la r\u00e9habilitation de la ville de F\u00e8s, Fouad Serghini, le directeur national du Programme de valorisation durable des ksour et kasbah du Maroc, Bouazza Baraka, le directeur du Centre de restauration et de r\u00e9habilitation du patrimoine architectural des zones atlasiques, Mohamed Bousalah, le pr\u00e9sident de Conseil R\u00e9gional de l&rsquo;ordre des architectes de F\u00e8s, Saadi Karim, ainsi que l&rsquo;expert dans le domaine du patrimoine, Abdellah Alaoui, et l&rsquo;expert en arts et patrimoine artistique, Chokri Ben Tawit.<\/p>\n\n\n\n<p>\/\/<\/p>\n\n\n\n<p>MAP<\/p>\n","protected":false},"excerpt":{"rendered":"<p>Al-Qods &#8211; 25 juin 2023 Des experts marocains et palestiniens ont d\u00e9battu, r\u00e9cemment \u00e0 Al-Qods, des croisements des exp\u00e9riences marocaine et palestinienne dans la protection et la pr\u00e9servation de l&rsquo;architecture arch\u00e9ologique. &nbsp;Lors d&rsquo;une conf\u00e9rence organis\u00e9e par l&rsquo;Association du Centre culturel marocain en partenariat avec l&rsquo;Universit\u00e9 Al-Qods, les experts des deux pays ont trait\u00e9 divers sujets&hellip;<\/p>\n","protected":false},"author":1,"featured_media":8156,"comment_status":"open","ping_status":"open","sticky":false,"template":"","format":"standard","meta":{"inline_featured_image":false,"footnotes":""},"categories":[19],"tags":[],"class_list":["post-8155","post","type-post","status-publish","format-standard","has-post-thumbnail","hentry","category-informations","category-19","description-off"],"_links":{"self":[{"href":"https:\/\/www.bmaq.org\/fr\/wp-json\/wp\/v2\/posts\/8155","targetHints":{"allow":["GET"]}}],"collection":[{"href":"https:\/\/www.bmaq.org\/fr\/wp-json\/wp\/v2\/posts"}],"about":[{"href":"https:\/\/www.bmaq.org\/fr\/wp-json\/wp\/v2\/types\/post"}],"author":[{"embeddable":true,"href":"https:\/\/www.bmaq.org\/fr\/wp-json\/wp\/v2\/users\/1"}],"replies":[{"embeddable":true,"href":"https:\/\/www.bmaq.org\/fr\/wp-json\/wp\/v2\/comments?post=8155"}],"version-history":[{"count":0,"href":"https:\/\/www.bmaq.org\/fr\/wp-json\/wp\/v2\/posts\/8155\/revisions"}],"wp:featuredmedia":[{"embeddable":true,"href":"https:\/\/www.bmaq.org\/fr\/wp-json\/wp\/v2\/media\/8156"}],"wp:attachment":[{"href":"https:\/\/www.bmaq.org\/fr\/wp-json\/wp\/v2\/media?parent=8155"}],"wp:term":[{"taxonomy":"category","embeddable":true,"href":"https:\/\/www.bmaq.org\/fr\/wp-json\/wp\/v2\/categories?post=8155"},{"taxonomy":"post_tag","embeddable":true,"href":"https:\/\/www.bmaq.org\/fr\/wp-json\/wp\/v2\/tags?post=8155"}],"curies":[{"name":"wp","href":"https:\/\/api.w.org\/{rel}","templated":true}]}}