{"id":8151,"date":"2023-06-22T00:00:00","date_gmt":"2023-06-21T21:00:00","guid":{"rendered":"https:\/\/www.bmaq.org\/2023\/06\/22\/createurs-de-contenu-palestiniens-dal-qods-concluent-leur-visite-au-maroc\/"},"modified":"2023-06-22T00:00:00","modified_gmt":"2023-06-21T21:00:00","slug":"createurs-de-contenu-palestiniens-dal-qods-concluent-leur-visite-au-maroc","status":"publish","type":"post","link":"https:\/\/www.bmaq.org\/fr\/2023\/06\/22\/createurs-de-contenu-palestiniens-dal-qods-concluent-leur-visite-au-maroc\/","title":{"rendered":"Cr\u00e9ateurs de contenu palestiniens d\u2019Al Qods concluent leur visite au Maroc"},"content":{"rendered":"\n<p>Rabat, le 22 juin 2023<\/p>\n\n\n\n<p>Des professionnels de m\u00e9dias et cr\u00e9ateurs de contenu palestiniens d\u2019Al Qods ont conclu, jeudi 22 juin 2023,&nbsp; leur visite au Royaume du Maroc, au cours de laquelle ils ont visit\u00e9 les villes de Rabat, Tanger, T\u00e9touan, Chefchaouen, Larache et Casablanca, et ont men\u00e9 une s\u00e9rie de rencontres avec des professionnels des m\u00e9dias \u00e0 la \u00ab\u00a0Maison de la Presse\u00a0\u00bb \u00e0 Tanger, et avec des journalistes marocains repr\u00e9sentant des plateformes m\u00e9diatiques internationales accr\u00e9dit\u00e9es&nbsp; au Maroc.<\/p>\n\n\n\n<p>La d\u00e9l\u00e9gation palestinienne a visit\u00e9 le Grand Stade de Tanger, et a assist\u00e9 au match de football opposant la f\u00e9d\u00e9ration locale \u00e0 son invit\u00e9, \u00ab Al-Difaa Al-Hassani Al-Jadidi \u00bb, puis a inspect\u00e9 les installations du Port Tanger Med, l&rsquo;un des plus grands ports maritimes en Afrique, et les membres de la d\u00e9l\u00e9gation se sont tenus \u00e0 c\u00f4t\u00e9 de l&rsquo;histoire du Royaume dans les sites arch\u00e9ologiques de Tanger, Larache, et dans les cit\u00e9s antiques de T\u00e9touan et Chefchaouen.<\/p>\n\n\n\n<p>Lors de leurs rencontres officielles avec l&rsquo;Agence Bayt Mal Al-Qods Al-Sharif, l&rsquo;Organisation Islamique pour l&rsquo;Education, la Science et la Culture &#8211; ISESCO, et le Conseil de la Communaut\u00e9 Marocaine \u00e0 l&rsquo;Etranger, les cr\u00e9ateurs de contenu palestiniens ont exprim\u00e9 leur appr\u00e9ciation du r\u00f4le du Royaume de Le Maroc en soutien \u00e0 la cause palestinienne, et l\u2019estime dont b\u00e9n\u00e9ficient les Marocains \u00e0 Al Qods.<\/p>\n\n\n\n<p>Lors de sa participation, mardi dernier, aux activit\u00e9s d&rsquo;un colloque sp\u00e9cialis\u00e9 sur \u00ab\u00a0le r\u00f4le des m\u00e9dias dans la promotion de l&rsquo;identit\u00e9 civilisationnelle d&rsquo;Al Qods Al-Charif\u00a0\u00bb, la d\u00e9l\u00e9gation a soulign\u00e9 l&rsquo;importance du r\u00f4le jou\u00e9 par L&rsquo;Agence Bayt Mal Al-Qods Al-Sharif, sous la conduite de Sa Majest\u00e9 le Roi Mohammed VI, Pr\u00e9sident du Comit\u00e9 Al-Qods, dans les lieux saints de la ville, et ses efforts sur le terrain visant \u00e0 pr\u00e9server l&rsquo;identit\u00e9 culturelle d&rsquo;Al-Qods Al-Sharif.<\/p>\n\n\n\n<p>D&rsquo;autre part, les membres de la d\u00e9l\u00e9gation palestinienne ont exprim\u00e9 leur satisfaction face \u00e0 la renaissance pionni\u00e8re du d\u00e9veloppement que conna\u00eet le Maroc, dont les manifestations se sont apparues clairement dans les zones industrielles qu&rsquo;ils ont visit\u00e9es, notamment la zone franche industrielle \u00ab\u00a0Med Park\u00a0\u00bb \u00e0 Casablanca.<\/p>\n\n\n\n<p>Les membres de la d\u00e9l\u00e9gation ont d\u00e9clar\u00e9 avoir rencontr\u00e9 le grand public dans les rues, d\u00e9couvert le statut d\u2019Al Qods et de la Palestine pour les Marocains, go\u00fbt\u00e9 les plats de la cuisine marocaine, affirmant qu\u2019ils ont \u00e9t\u00e9 impressionn\u00e9s par la propret\u00e9 des villes, les infrastructures, les \u00e9quipements techniques et routiers, puis exprim\u00e9 leur fascination pour la qualit\u00e9 de vie dans le pays, la culture du peuple marocain, leur confort et leur&nbsp;g\u00e9n\u00e9rosit\u00e9.<\/p>\n\n\n\n<p>\/\/<\/p>\n","protected":false},"excerpt":{"rendered":"<p>Rabat, le 22 juin 2023 Des professionnels de m\u00e9dias et cr\u00e9ateurs de contenu palestiniens d\u2019Al Qods ont conclu, jeudi 22 juin 2023,&nbsp; leur visite au Royaume du Maroc, au cours de laquelle ils ont visit\u00e9 les villes de Rabat, Tanger, T\u00e9touan, Chefchaouen, Larache et Casablanca, et ont men\u00e9 une s\u00e9rie de rencontres avec des professionnels&hellip;<\/p>\n","protected":false},"author":1,"featured_media":8152,"comment_status":"open","ping_status":"open","sticky":false,"template":"","format":"standard","meta":{"inline_featured_image":false,"footnotes":""},"categories":[19],"tags":[],"class_list":["post-8151","post","type-post","status-publish","format-standard","has-post-thumbnail","hentry","category-informations","category-19","description-off"],"_links":{"self":[{"href":"https:\/\/www.bmaq.org\/fr\/wp-json\/wp\/v2\/posts\/8151","targetHints":{"allow":["GET"]}}],"collection":[{"href":"https:\/\/www.bmaq.org\/fr\/wp-json\/wp\/v2\/posts"}],"about":[{"href":"https:\/\/www.bmaq.org\/fr\/wp-json\/wp\/v2\/types\/post"}],"author":[{"embeddable":true,"href":"https:\/\/www.bmaq.org\/fr\/wp-json\/wp\/v2\/users\/1"}],"replies":[{"embeddable":true,"href":"https:\/\/www.bmaq.org\/fr\/wp-json\/wp\/v2\/comments?post=8151"}],"version-history":[{"count":0,"href":"https:\/\/www.bmaq.org\/fr\/wp-json\/wp\/v2\/posts\/8151\/revisions"}],"wp:featuredmedia":[{"embeddable":true,"href":"https:\/\/www.bmaq.org\/fr\/wp-json\/wp\/v2\/media\/8152"}],"wp:attachment":[{"href":"https:\/\/www.bmaq.org\/fr\/wp-json\/wp\/v2\/media?parent=8151"}],"wp:term":[{"taxonomy":"category","embeddable":true,"href":"https:\/\/www.bmaq.org\/fr\/wp-json\/wp\/v2\/categories?post=8151"},{"taxonomy":"post_tag","embeddable":true,"href":"https:\/\/www.bmaq.org\/fr\/wp-json\/wp\/v2\/tags?post=8151"}],"curies":[{"name":"wp","href":"https:\/\/api.w.org\/{rel}","templated":true}]}}