{"id":8147,"date":"2023-06-21T00:00:00","date_gmt":"2023-06-20T21:00:00","guid":{"rendered":"https:\/\/www.bmaq.org\/2023\/06\/21\/lagence-bayt-mal-al-qods-poursuit-son-soutien-a-al-qods-en-application-des-hautes-instructions-royales-m-cherkaoui\/"},"modified":"2023-06-21T00:00:00","modified_gmt":"2023-06-20T21:00:00","slug":"lagence-bayt-mal-al-qods-poursuit-son-soutien-a-al-qods-en-application-des-hautes-instructions-royales-m-cherkaoui","status":"publish","type":"post","link":"https:\/\/www.bmaq.org\/fr\/2023\/06\/21\/lagence-bayt-mal-al-qods-poursuit-son-soutien-a-al-qods-en-application-des-hautes-instructions-royales-m-cherkaoui\/","title":{"rendered":"L&rsquo;Agence Bayt Mal Al-Qods poursuit son soutien \u00e0 Al-Qods en application des Hautes instructions royales (M. Cherkaoui)"},"content":{"rendered":"\n<p>21 juin 2023<\/p>\n\n\n\n<p>Rabat &#8211; L&rsquo;Agence Bayt Mal Al-Qods Acharif poursuit son soutien \u00e0 la Ville Sainte et \u00e0 ses Lieux sacr\u00e9s en application des Hautes instructions Royales, gr\u00e2ce \u00e0 l&rsquo;exp\u00e9rience qu&rsquo;elle a cumul\u00e9e pendant 25 ans, a affirm\u00e9, mardi \u00e0 Rabat, le directeur charg\u00e9 de la gestion de l&rsquo;Agence, Mohamed Salem Cherkaoui.<\/p>\n\n\n\n<p>M. Cherkaoui qui s&rsquo;exprimait \u00e0 l&rsquo;ouverture du colloque international sur \u00ab\u00a0le r\u00f4le des m\u00e9dias dans la promotion de l&rsquo;identit\u00e9 civilisationnelle d&rsquo;Al-Qods Acharif\u00a0\u00bb, a not\u00e9 que l&rsquo;Agence a d\u00e9montr\u00e9 que l&rsquo;acheminement du soutien aux b\u00e9n\u00e9ficiaires est possible et dans des conditions s\u00fbres, ajoutant que le travail dans la Ville et avec ses institutions l\u00e9gitimes donne des r\u00e9sultats remarquables, \u00ab\u00a0dont les \u00e9chos sont relay\u00e9s par nos fr\u00e8res \u00e0 Al-Qods et par les m\u00e9dias.\u00a0\u00bb<\/p>\n\n\n\n<p>Depuis le d\u00e9but de l&rsquo;ann\u00e9e, l&rsquo;Agence a recens\u00e9 plus de 8.000 articles de presse sur ses activit\u00e9s \u00e0 Al-Qods, relay\u00e9s par 12 agences de presse arabes et islamiques et diffus\u00e9s en 5 langues diff\u00e9rentes, a-t-il fait savoir.<\/p>\n\n\n\n<p>Au sein de l&rsquo;Agence Bayt Mal Al-Qods Acharif, relevant du Comit\u00e9 Al-Qods pr\u00e9sid\u00e9 par Sa Majest\u00e9 le Roi Mohammed VI, nous sommes convaincus que la lib\u00e9ration du lecteur occidental du r\u00e9cit m\u00e9diatique unilat\u00e9ral devra \u00eatre la priorit\u00e9 de l&rsquo;action arabe commune dans ce domaine, a affirm\u00e9 M. Cherkaoui, notant que la mise en lumi\u00e8re du centre civilisationnel d&rsquo;Al-Qods permettra aux occidentaux de comprendre que l&rsquo;amour des Palestiniens pour la vie est une r\u00e9alit\u00e9 constante.<\/p>\n\n\n\n<p>Il a \u00e9galement soulign\u00e9 la n\u00e9cessit\u00e9 de faire attention \u00e0 la terminologie li\u00e9es \u00e0 la cause palestiniennes qui est m\u00e9diatis\u00e9e et qui ne sert pas le droit arabe et palestinien malgr\u00e9 les efforts louables consentis par les unions professionnelles, les organisations et les instances sp\u00e9cialis\u00e9es, avec \u00e0 leur t\u00eate l&rsquo;ICESCO, rappelant qu&rsquo;il avait, dans ce sens, appel\u00e9 l&rsquo;Union des agences de presse au sein de l&rsquo;Organisation de la coop\u00e9ration islamique (OCI) pour \u00e9laborer un document de r\u00e9f\u00e9rences des termes exactes pour la soumettre aux m\u00e9dias des pays arabo-musulmans.<\/p>\n\n\n\n<p>Dans le cadre de ses comp\u00e9tences et pr\u00e9rogatives, l&rsquo;Agence Bayt Mal Al-Qods, fournit des efforts pour soutenir la r\u00e9sistance des Maqdessis, a not\u00e9 M. Cherkaoui, faisant savoir que l&rsquo;Agence offre l&rsquo;opportunit\u00e9 \u00e0 de nombreux d&rsquo;entre eux pour visiter le Royaume et s&rsquo;inspirer des exp\u00e9riences des Marocains dans tous les domaines.<\/p>\n\n\n\n<p>Dans ce sens, le Maroc a accueilli, depuis le d\u00e9but de l&rsquo;ann\u00e9e, plus de 80 personnalit\u00e9s, dont des responsables gouvernementaux, des diplomates, des architectes, des m\u00e9decins et des intellectuels, a-t-il indiqu\u00e9.<\/p>\n\n\n\n<p>A l&rsquo;issue de ce colloque organis\u00e9 en partenariat entre le minist\u00e8re de la Jeunesse, de la Culture et de la Communication et l&rsquo;Agence Bayt Mal Al Qods Acharif en marge des r\u00e9unions des ministres arabes de l&rsquo;Information tenues au Maroc du 19 au 21 juin, il a \u00e9t\u00e9 proc\u00e9d\u00e9 \u00e0 l&rsquo;inauguration d&rsquo;une exposition sur les projets lanc\u00e9s par l&rsquo;Agence au niveau des quartiers de la ville sainte.<\/p>\n\n\n\n<p>L&rsquo;organisation de ce colloque s&rsquo;inscrit dans le contexte de l&rsquo;estime des pays arabes du r\u00f4le que joue Sa Majest\u00e9 le Roi Mohammed VI, en Sa qualit\u00e9 de Pr\u00e9sident du Comit\u00e9 Al-Qods, dans la d\u00e9fense de la ville sainte, la protection de ses lieux sacr\u00e9s et le soutien \u00e0 la r\u00e9sistance de ses populations, ainsi qu&rsquo;au regard des engagements du Royaume du Maroc en faveur de la cause palestinienne et d&rsquo;Al-Qods Al-Charif.<\/p>\n\n\n\n<p>Cet \u00e9v\u00e9nement se tient \u00e9galement dans le cadre des recommandations du Conseil des ministres arabes de l&rsquo;Information qui appellent \u00e0 intensifier les efforts pour mettre en lumi\u00e8re la question d&rsquo;Al-Qods Al-Charif, en invitant les m\u00e9dias \u00e0 lui accorder l&rsquo;attention n\u00e9cessaire.<\/p>\n\n\n\n<p>\/\/<\/p>\n\n\n\n<p>MAP<\/p>\n","protected":false},"excerpt":{"rendered":"<p>21 juin 2023 Rabat &#8211; L&rsquo;Agence Bayt Mal Al-Qods Acharif poursuit son soutien \u00e0 la Ville Sainte et \u00e0 ses Lieux sacr\u00e9s en application des Hautes instructions Royales, gr\u00e2ce \u00e0 l&rsquo;exp\u00e9rience qu&rsquo;elle a cumul\u00e9e pendant 25 ans, a affirm\u00e9, mardi \u00e0 Rabat, le directeur charg\u00e9 de la gestion de l&rsquo;Agence, Mohamed Salem Cherkaoui. M. Cherkaoui&hellip;<\/p>\n","protected":false},"author":1,"featured_media":8148,"comment_status":"open","ping_status":"open","sticky":false,"template":"","format":"standard","meta":{"inline_featured_image":false,"footnotes":""},"categories":[19],"tags":[],"class_list":["post-8147","post","type-post","status-publish","format-standard","has-post-thumbnail","hentry","category-informations","category-19","description-off"],"_links":{"self":[{"href":"https:\/\/www.bmaq.org\/fr\/wp-json\/wp\/v2\/posts\/8147","targetHints":{"allow":["GET"]}}],"collection":[{"href":"https:\/\/www.bmaq.org\/fr\/wp-json\/wp\/v2\/posts"}],"about":[{"href":"https:\/\/www.bmaq.org\/fr\/wp-json\/wp\/v2\/types\/post"}],"author":[{"embeddable":true,"href":"https:\/\/www.bmaq.org\/fr\/wp-json\/wp\/v2\/users\/1"}],"replies":[{"embeddable":true,"href":"https:\/\/www.bmaq.org\/fr\/wp-json\/wp\/v2\/comments?post=8147"}],"version-history":[{"count":0,"href":"https:\/\/www.bmaq.org\/fr\/wp-json\/wp\/v2\/posts\/8147\/revisions"}],"wp:featuredmedia":[{"embeddable":true,"href":"https:\/\/www.bmaq.org\/fr\/wp-json\/wp\/v2\/media\/8148"}],"wp:attachment":[{"href":"https:\/\/www.bmaq.org\/fr\/wp-json\/wp\/v2\/media?parent=8147"}],"wp:term":[{"taxonomy":"category","embeddable":true,"href":"https:\/\/www.bmaq.org\/fr\/wp-json\/wp\/v2\/categories?post=8147"},{"taxonomy":"post_tag","embeddable":true,"href":"https:\/\/www.bmaq.org\/fr\/wp-json\/wp\/v2\/tags?post=8147"}],"curies":[{"name":"wp","href":"https:\/\/api.w.org\/{rel}","templated":true}]}}