{"id":8143,"date":"2023-06-20T00:00:00","date_gmt":"2023-06-19T21:00:00","guid":{"rendered":"https:\/\/www.bmaq.org\/2023\/06\/20\/rapport-colloque-international-sur-le-role-des-medias-dans-la-promotion-de-lidentite-civilisationnelle-dal-qods-al-charif\/"},"modified":"2023-06-20T00:00:00","modified_gmt":"2023-06-19T21:00:00","slug":"rapport-colloque-international-sur-le-role-des-medias-dans-la-promotion-de-lidentite-civilisationnelle-dal-qods-al-charif","status":"publish","type":"post","link":"https:\/\/www.bmaq.org\/fr\/2023\/06\/20\/rapport-colloque-international-sur-le-role-des-medias-dans-la-promotion-de-lidentite-civilisationnelle-dal-qods-al-charif\/","title":{"rendered":"Rapport : Colloque international sur \u201cle r\u00f4le des m\u00e9dias dans la promotion de l\u2019identit\u00e9 civilisationnelle d\u2019Al Qods Al-Charif\u201d"},"content":{"rendered":"\n<p>Rabat, le 20 juin 2023<\/p>\n\n\n\n<p>Des responsables et experts de la presse et des m\u00e9dias ont particip\u00e9, mardi 20 juin 2023 \u00e0 Rabat, aux travaux d&rsquo;un colloque international sur le th\u00e8me : sur \u201cle r\u00f4le des m\u00e9dias dans la promotion de l\u2019identit\u00e9 civilisationnelle d\u2019Al Qods Al-Sharif\u201d, organis\u00e9 par le Minist\u00e8re de la jeunesse, de la culture et de la communication du Royaume du Maroc en coop\u00e9ration avec l&rsquo;Agence Bayt Mal Al-Qods Al-Sharif, en marge des travaux de la 53\u00e8me session du Conseil des Ministres Arabes de l&rsquo;Information.<\/p>\n\n\n\n<p>L&rsquo;organisation de ce colloque, auquel ont particip\u00e9 des ministres et des responsables des d\u00e9partements de l&rsquo;information des pays arabes participants, ainsi que des repr\u00e9sentants des missions diplomatiques arabes accr\u00e9dit\u00e9es aupr\u00e8s du Royaume du Maroc, s&rsquo;inscrit dans le contexte de l&rsquo;appr\u00e9ciation arabe pour le r\u00f4le jou\u00e9 par S. Majest\u00e9 le Roi Mohammed VI, en sa qualit\u00e9 de Pr\u00e9sident du Comit\u00e9 Al-Qods, dans la d\u00e9fense de la Ville Sainte, la protection de ses saintet\u00e9s arabes et islamiques et le soutien \u00e0 la fermet\u00e9 de ses habitants Mourabitines.<\/p>\n\n\n\n<p>Le colloque, auquel ont \u00e9galement particip\u00e9 des professionnels des m\u00e9dias palestiniens, des universitaires, des journalistes et des cr\u00e9ateurs de contenu d\u2019Al Qods, est une concr\u00e9tisation de l&rsquo;engagement du Royaume du Maroc \u00e0 mettre en \u0153uvre les d\u00e9cisions et recommandations \u00e9mises par les pr\u00e9c\u00e9dentes sessions du Conseil des ministres de l&rsquo;information et qui ont \u00e9voqu\u00e9 les r\u00f4les qui devraient \u00eatre assign\u00e9s aux m\u00e9dias arabes pour soutenir Al Qods et les lieux saints, avec la volont\u00e9 palestinienne, exprim\u00e9e au plus haut niveau, de renforcer l&rsquo;action arabe dans le domaine m\u00e9diatique.<\/p>\n\n\n\n<p>A cet \u00e9gard, les participants au colloque, dont les travaux ont \u00e9t\u00e9 divis\u00e9s en deux axes, ont convenu sur :<\/p>\n\n\n\n<p>* Axe (1) : La question d\u2019Al Qods dans les m\u00e9dias arabes et internationaux : contenus et orientations ;<\/p>\n\n\n\n<p>* Axe (2) : Vers un traitement m\u00e9diatique efficace de la question d\u2019Al Qods dans le monde arabe ;<\/p>\n\n\n\n<p>L&rsquo;importance d&rsquo;\u00e9laborer un document de r\u00e9f\u00e9rence arabe pour s\u2019adonner avec les messages et la terminologie arabes li\u00e9s \u00e0 la cause palestinienne, qui puisse \u00eatre adopt\u00e9, en coop\u00e9ration entre les organes comp\u00e9tents du Conseil de la Ligue arabe et de l&rsquo;Organisation de la coop\u00e9ration islamique, et aussi par les f\u00e9d\u00e9rations sp\u00e9cialis\u00e9es , des organisations, des agences de presse et des m\u00e9dias dans les \u00c9tats membres.<\/p>\n\n\n\n<p>Et puisque personne n&rsquo;est en d\u00e9saccord sur l&rsquo;identit\u00e9 arabe et islamique d\u2019Al Qods, les participants au colloque mettent en garde contre le danger que repr\u00e9sentent les campagnes de d\u00e9sinformation et de tromperie men\u00e9es par la machine m\u00e9diatique exp\u00e9riment\u00e9e pour promouvoir le r\u00e9cit isra\u00e9lien et lutter contre le droit des Palestiniens \u00e0 prot\u00e9ger , maintenir et pr\u00e9server ses sacralit\u00e9s religieuses et culturelles, tel est le r\u00e9cit de plus en plus r\u00e9pandu dans les milieux occidentaux, malgr\u00e9 les efforts d\u00e9ploy\u00e9s par certains m\u00e9dias arabes pour r\u00e9futer leurs all\u00e9gations.<\/p>\n\n\n\n<p>Les participants ont soulign\u00e9 que la d\u00e9fense par les m\u00e9dias arabes d\u2019Al Qods, en tant que patrimoine commun de l&rsquo;humanit\u00e9, doit s&rsquo;appuyer sur un discours compris par l&rsquo;observateur occidental et ses institutions, s&rsquo;\u00e9loignant du terrain de la d\u00e9fense abstraite, malgr\u00e9 les \u00e9normes sacrifices encourus par les palestinieniens, \u00e0 l&rsquo;initiative audacieuse qui s&rsquo;appuie sur la promotion des r\u00e9cits de la fermet\u00e9 de ce peuple sans d\u00e9fense face \u00e0 la lourde machine de propagande, qui n&rsquo;a pas affect\u00e9 la pr\u00e9sence arabe et islamique sur cette terre b\u00e9nie.<\/p>\n\n\n\n<p>D\u00e8s lors, les participants estiment qu&rsquo;il est n\u00e9cessaire de revoir le contenu et les orientations du traitement m\u00e9diatique de la question d\u2019Al Qods au sein de la question palestinienne, car elle porte les \u00e9l\u00e9ments de sa force dans l&rsquo;intimit\u00e9 et le pluralisme de la Ville Sainte, de sa dimension religieuse et statut civilisationnel, et le d\u00e9sir de vie de son peuple palestinien, \u00e0 travers le g\u00e9nie et l&rsquo;excellence de ses enfants, et son attachement \u00e0 l&rsquo;espoir en un avenir mieux malgr\u00e9 les difficult\u00e9s.<\/p>\n\n\n\n<p>De ce point de vue, les participants voient l&rsquo;importance de prendre soin des plateformes de m\u00e9dias sociaux pour soutenir les \u00e9l\u00e9ments de plaidoyer m\u00e9diatique sur d\u2019Al Qods, car c&rsquo;est le berceau de la coexistence religieuse et civilis\u00e9e, et pour fortifier les perceptions humaines collectives, qui renforcent les droits palestiniens, sans compromettre ce que croient nos m\u00e9dias arabes en termes de constantes qui ne remontent pas \u00e0 son sujet.<\/p>\n\n\n\n<p>A cet \u00e9gard, les participants ont estim\u00e9 qu&rsquo;une intervention d\u00e9cisive des autorit\u00e9s m\u00e9diatiques du monde arabe est in\u00e9vitable pour am\u00e9liorer le contenu m\u00e9diatique dirig\u00e9 \u00e0 l&rsquo;\u00e9tranger sur les questions arabes prioritaires, au premier rang desquelles la question palestinienne et la question d\u2019Al Qods, et pour la rendre plus susceptibles d&rsquo;\u00eatre promus sur les plateformes des entreprises m\u00e9diatiques internationales telles que Google, \u00ab\u00a0Facebook\u00a0\u00bb, \u00ab\u00a0Amazon\u00a0\u00bb et \u00ab\u00a0Netflix\u00a0\u00bb, dans lesquels le contre-discours trouve une grande popularit\u00e9 etle rend plus r\u00e9pandu que d&rsquo;autres.<\/p>\n\n\n\n<p>Les participants ont soulign\u00e9 que l&rsquo;id\u00e9e de cr\u00e9er une plateforme m\u00e9diatique arabe unifi\u00e9e semble appropri\u00e9e pour constituer une force de proposition, et une source s\u00e9rieuse d&rsquo;indicateurs, de chiffres et d&rsquo;\u00e9tudes sur la pr\u00e9sence des m\u00e9dias arabes, son ampleur et son impact sur l&rsquo;audience occidentale, notamment dans les traitements m\u00e9diatiques li\u00e9s \u00e0 la cause palestinienne et \u00e0 la question d\u2019Al Qods.<\/p>\n\n\n\n<p>Les participants au colloque ont appel\u00e9 \u00e0 investir dans la dimension spirituelle et culturelle de la ville d\u2019Al Qods en tant que sujet de plaidoyer m\u00e9diatique dirig\u00e9 vers les milieux religieux du monde occidental, et \u00e0 travailler pour fournir des capacit\u00e9s financi\u00e8res pour produire des histoires m\u00e9diatiques \u00e9crites, visuelles et audio.. adress\u00e9e aux adultes et aux jeunes sur tous les supports disponibles \u00e0 propos de la volont\u00e9 et de d\u00e9sir des palestiniens de vivre \u00e0 Al Qods et s&rsquo;ouvrir aux m\u00e9dias internationaux pour promouvoir ces histoires.<\/p>\n\n\n\n<p>Et pour faire face \u00e0 la machine d&rsquo;incitation m\u00e9diatique contre les Maqdessis, les participants ont exprim\u00e9 la n\u00e9cessit\u00e9 de rappeler l&rsquo;appel historique \u00ab L&rsquo;Appel d\u2019Al Qods \u00bb sign\u00e9 en 2019 par Ami Al Mouminine, Sa Majest\u00e9 le Roi Mohammed VI, Pr\u00e9sident de la Comit\u00e9 d\u2019Al Qods, et Sa Saintet\u00e9 le Pape Fran\u00e7ois, qui entend pr\u00e9server et promouvoir le caract\u00e8re particulier de J\u00e9rusalem pour rester une ville des religions, avec la dimension spirituelle et l&rsquo;identit\u00e9 unique de la Ville Sainte&#8230; comme un patrimoine commun de l&rsquo;humanit\u00e9, et comme, avant tout, une terre de rencontre et un symbole de coexistence pacifique pour les adeptes des trois religions monoth\u00e9istes, et un centre des valeurs de respect mutuel et de dialogue .<\/p>\n\n\n\n<p>Les participants ont salu\u00e9 la m\u00e9thodologie r\u00e9aliste avec laquelle Sa Majest\u00e9 le Roi Mohammed VI dirige le travail du Comit\u00e9 Al-Qods, \u00e0 travers le volet politique et juridique, dans lequel la diplomatie marocaine joue un r\u00f4le appr\u00e9ciable, et \u00e0 travers le volet social de terrain, qui est men\u00e9 par l&rsquo;Agence Bayt Mal Al-Qods Al-Sharif avec un effort impressionnant selon les t\u00e9moignages des Maqdessis et de leurs&nbsp; institutions.&nbsp;.<\/p>\n\n\n\n<p>\/\/<\/p>\n","protected":false},"excerpt":{"rendered":"<p>Rabat, le 20 juin 2023 Des responsables et experts de la presse et des m\u00e9dias ont particip\u00e9, mardi 20 juin 2023 \u00e0 Rabat, aux travaux d&rsquo;un colloque international sur le th\u00e8me : sur \u201cle r\u00f4le des m\u00e9dias dans la promotion de l\u2019identit\u00e9 civilisationnelle d\u2019Al Qods Al-Sharif\u201d, organis\u00e9 par le Minist\u00e8re de la jeunesse, de la&hellip;<\/p>\n","protected":false},"author":1,"featured_media":8144,"comment_status":"open","ping_status":"open","sticky":false,"template":"","format":"standard","meta":{"inline_featured_image":false,"footnotes":""},"categories":[19],"tags":[],"class_list":["post-8143","post","type-post","status-publish","format-standard","has-post-thumbnail","hentry","category-informations","category-19","description-off"],"_links":{"self":[{"href":"https:\/\/www.bmaq.org\/fr\/wp-json\/wp\/v2\/posts\/8143","targetHints":{"allow":["GET"]}}],"collection":[{"href":"https:\/\/www.bmaq.org\/fr\/wp-json\/wp\/v2\/posts"}],"about":[{"href":"https:\/\/www.bmaq.org\/fr\/wp-json\/wp\/v2\/types\/post"}],"author":[{"embeddable":true,"href":"https:\/\/www.bmaq.org\/fr\/wp-json\/wp\/v2\/users\/1"}],"replies":[{"embeddable":true,"href":"https:\/\/www.bmaq.org\/fr\/wp-json\/wp\/v2\/comments?post=8143"}],"version-history":[{"count":0,"href":"https:\/\/www.bmaq.org\/fr\/wp-json\/wp\/v2\/posts\/8143\/revisions"}],"wp:featuredmedia":[{"embeddable":true,"href":"https:\/\/www.bmaq.org\/fr\/wp-json\/wp\/v2\/media\/8144"}],"wp:attachment":[{"href":"https:\/\/www.bmaq.org\/fr\/wp-json\/wp\/v2\/media?parent=8143"}],"wp:term":[{"taxonomy":"category","embeddable":true,"href":"https:\/\/www.bmaq.org\/fr\/wp-json\/wp\/v2\/categories?post=8143"},{"taxonomy":"post_tag","embeddable":true,"href":"https:\/\/www.bmaq.org\/fr\/wp-json\/wp\/v2\/tags?post=8143"}],"curies":[{"name":"wp","href":"https:\/\/api.w.org\/{rel}","templated":true}]}}