{"id":8139,"date":"2023-06-09T00:00:00","date_gmt":"2023-06-08T21:00:00","guid":{"rendered":"https:\/\/www.bmaq.org\/2023\/06\/09\/lagence-bayt-mal-al-qods-couronne-les-gagnants-du-quatrieme-edition-du-concours-couleurs-dal-qods\/"},"modified":"2023-06-09T00:00:00","modified_gmt":"2023-06-08T21:00:00","slug":"lagence-bayt-mal-al-qods-couronne-les-gagnants-du-quatrieme-edition-du-concours-couleurs-dal-qods","status":"publish","type":"post","link":"https:\/\/www.bmaq.org\/fr\/2023\/06\/09\/lagence-bayt-mal-al-qods-couronne-les-gagnants-du-quatrieme-edition-du-concours-couleurs-dal-qods\/","title":{"rendered":"L&rsquo;Agence Bayt Mal Al-Qods couronne les gagnants du quatri\u00e8me \u00e9dition du concours Couleurs d\u2019Al-Qods"},"content":{"rendered":"\n<p class=\"has-text-align-left\">Rabat, le 9 juin 2023<br>l&rsquo;Agence Bayt Mal Al-Qods Al-Sharif a organis\u00e9, vendredi 9 juin 2023, au Salon international de l&rsquo;\u00e9dition et du livre, une c\u00e9r\u00e9monie de remise des prix de l\u2019\u00e9dition 2022- 2023 du concours \u00ab Les couleurs d\u2019Al-Qods \u00bb, lors de laquelle des prix ont \u00e9t\u00e9 remis aux gagnants en pr\u00e9sence du minist\u00e8re de l\u2019Education nationale, du pr\u00e9scolaire et des sports, M. Chakib Benmoussa, de l&rsquo;ambassadeur de l&rsquo;\u00c9tat de Palestine au Maroc, M. Jamal Al-Shobaki, et de personnalit\u00e9s diplomatiques, culturelles et sociales.<br>A cette occasion, M. Chakib Benmoussa a soulign\u00e9 l&rsquo;importance de ce concours, qui est organis\u00e9 annuellement en partenariat avec le minist\u00e8re, et son r\u00f4le dans la consolidation des valeurs de tol\u00e9rance et de vivre ensemble, et la sensibilisation \u00e0 l&rsquo;importance d&rsquo;Al-Qods Al-Sharif dans le c\u0153ur des \u00e9l\u00e8ves, qui excellaient \u00e0 cr\u00e9er des dessins aux couleurs en mettant en relief les saintet\u00e9s religieuses qui caract\u00e9risent cette ville sainte, et soulignent la n\u00e9cessit\u00e9 de pr\u00e9server son caract\u00e8re religieux et l&rsquo;identit\u00e9 culturelle comme symbole de coexistence et de paix.<br>Il a indiqu\u00e9 que le concours s&rsquo;inscrit dans le cadre de la vision strat\u00e9gique de r\u00e9forme du syst\u00e8me d&rsquo;\u00e9ducation, de formation et de recherche scientifique 2015- 2030, soulignant que cette comp\u00e9tition constitue une opportunit\u00e9 pour les \u00e9l\u00e8ves de mettre en valeur leurs talents et d&rsquo;exprimer leur attachement \u00e0 la Ville Sainte d\u2019Al-Qods, \u00e0 travers les lignes, les dessins et les couleurs, et leur capacit\u00e9 \u00e0 s&rsquo;investir dans l&rsquo;art du dessin en montrant les caract\u00e9ristiques religieuses et culturelles de cette ville unique comme symbole de coexistence et de paix.<br>Le ministre a rappel\u00e9 les efforts d\u00e9ploy\u00e9s par Sa Majest\u00e9 le Roi Mohammed VI, Pr\u00e9sident du Comit\u00e9 Al-Qods, pour pr\u00e9server la m\u00e9moire historique et culturelle de cette Ville Sainte, et les diverses formes de soutien apport\u00e9es par Sa Majest\u00e9 pour am\u00e9liorer les conditions de vie des habitants de cette ville.<br>Pour sa part, l&rsquo;ambassadeur Jamal Al-Shobaki a d\u00e9clar\u00e9 que le concours met en lumi\u00e8re le soutien continu que le Maroc, soit au niveau des dirigeants et du peuple, apporte \u00e0 la cause palestinienne et \u00e0 Al-Qods Al-Sharif, un soutien qui a des origines historiques, et qui a consolid\u00e9 les liens communs entre le Maroc et la Palestine, consid\u00e9rant que les Marocains et les Palestiniens sont partenaires dans la ville d\u2019Al-Qods \u00e0 travers la pr\u00e9sence marocaine active et historique depuis des centaines d&rsquo;ann\u00e9es, en Palestine et dans la Ville Sainte.<br>Quant au directeur charg\u00e9 de la gestion de l&rsquo;Agence Bayt Mal Al-Qods Al-Sharif, M. Mohamed Salem Echarkaoui, il a annonc\u00e9 les noms des sept gagnants (dont six filles) du concours qui s&rsquo;est d\u00e9roul\u00e9 sous le signe \u00ab\u00a0Al-Qods est une ville pour toutes les religions \u00bb en partenariat avec l&rsquo;Acad\u00e9mie r\u00e9gionale d&rsquo;\u00e9ducation et de formation de la r\u00e9gion de Tanger, et qui co\u00efncide avec la c\u00e9l\u00e9brationde l&rsquo;Agence de son jubil\u00e9 d&rsquo;argent.<br>Dr. Mohamed Salem Echarkaoui a d\u00e9clar\u00e9 que le nombre total d&rsquo;\u0153uvres participant aux quatre sessions du concours s&rsquo;\u00e9levait \u00e0 plus de 900 \u0153uvres, dans la phase de qualification initiale, dont 350 tableaux ont \u00e9t\u00e9 s\u00e9lectionn\u00e9e et qui ont atteint le stade du concours, soulignant que ce dernier a pour objectif de consolider la conscience des jeunes de l\u2019histoire des liens des marocains \u00e0 la Ville Sainte et l&rsquo;importance de l&rsquo;effort appr\u00e9ci\u00e9 fait par le Royaume du Maroc, sous la conduite de Sa Majest\u00e9 le Roi Mohammed VI, Pr\u00e9sident du Comit\u00e9 Al-Qods, pour prot\u00e9ger la ville, pr\u00e9server ses saintet\u00e9s, et diffuser ses id\u00e9aux et ses valeurs comme un centre de paix et de coexistence entre les adeptes des trois religions monoth\u00e9istes.<br>La commission d&rsquo;arbitrage, pr\u00e9sid\u00e9e par le pr\u00e9sident du syndicat marocain des artistes plasticiens M. Mansouri Idrissi Sidi Mohamed, a d\u00e9cid\u00e9 d&rsquo;attribuer le premier prix \u00e0 g\u2019\u00e9l\u00e8ve Nada Shousha de l\u2019institution Ajyal Zilis, tandis que le deuxi\u00e8me prix a \u00e9t\u00e9 remport\u00e9 conjointement par les deux \u00e9l\u00e8ves: Amina Zaghtour de l&rsquo;\u00e9cole Abi Bakr Al-Siddiq, et Hadiat-Allah Al-Rahmouni de l\u2019institution Souleiman Al-Hawat, Le troisi\u00e8me prix est partag\u00e9 \u00e0 parts \u00e9gales entre les deux \u00e9l\u00e8ves : Duha Shahwan de l\u2019institution priv\u00e9e Generation Challenge, et Israa Azjat de l\u2019institution des \u00e9coles Houma.<br>Le comit\u00e9 a \u00e9galement d\u00e9cid\u00e9 d&rsquo;attribuer deux prix d&rsquo;encouragement : \u00e0 l&rsquo;\u00e9l\u00e8ve Ihsan Al-Alami Al-Arousi de l\u2019institution des \u00e9coles internationales priv\u00e9es et \u00e0 l&rsquo;\u00e9l\u00e8ve Musaab Hayati de l\u2019institution priv\u00e9e Generation Challenge.<br>La c\u00e9r\u00e9monie a \u00e9galement vu la signature d&rsquo;une convention de partenariat pour l&rsquo;organisation de la cinqui\u00e8me \u00e9dition du concours entre l&rsquo;Agence Bayt Mal Al-Qods et l&rsquo;Acad\u00e9mie r\u00e9gionale d&rsquo;\u00e9ducation et de formation de la r\u00e9gion&nbsp;F\u00e8s-Mekn\u00e8s.<\/p>\n","protected":false},"excerpt":{"rendered":"<p>Rabat, le 9 juin 2023l&rsquo;Agence Bayt Mal Al-Qods Al-Sharif a organis\u00e9, vendredi 9 juin 2023, au Salon international de l&rsquo;\u00e9dition et du livre, une c\u00e9r\u00e9monie de remise des prix de l\u2019\u00e9dition 2022- 2023 du concours \u00ab Les couleurs d\u2019Al-Qods \u00bb, lors de laquelle des prix ont \u00e9t\u00e9 remis aux gagnants en pr\u00e9sence du minist\u00e8re de&hellip;<\/p>\n","protected":false},"author":1,"featured_media":8140,"comment_status":"open","ping_status":"open","sticky":false,"template":"","format":"standard","meta":{"inline_featured_image":false,"footnotes":""},"categories":[19],"tags":[],"class_list":["post-8139","post","type-post","status-publish","format-standard","has-post-thumbnail","hentry","category-informations","category-19","description-off"],"_links":{"self":[{"href":"https:\/\/www.bmaq.org\/fr\/wp-json\/wp\/v2\/posts\/8139","targetHints":{"allow":["GET"]}}],"collection":[{"href":"https:\/\/www.bmaq.org\/fr\/wp-json\/wp\/v2\/posts"}],"about":[{"href":"https:\/\/www.bmaq.org\/fr\/wp-json\/wp\/v2\/types\/post"}],"author":[{"embeddable":true,"href":"https:\/\/www.bmaq.org\/fr\/wp-json\/wp\/v2\/users\/1"}],"replies":[{"embeddable":true,"href":"https:\/\/www.bmaq.org\/fr\/wp-json\/wp\/v2\/comments?post=8139"}],"version-history":[{"count":0,"href":"https:\/\/www.bmaq.org\/fr\/wp-json\/wp\/v2\/posts\/8139\/revisions"}],"wp:featuredmedia":[{"embeddable":true,"href":"https:\/\/www.bmaq.org\/fr\/wp-json\/wp\/v2\/media\/8140"}],"wp:attachment":[{"href":"https:\/\/www.bmaq.org\/fr\/wp-json\/wp\/v2\/media?parent=8139"}],"wp:term":[{"taxonomy":"category","embeddable":true,"href":"https:\/\/www.bmaq.org\/fr\/wp-json\/wp\/v2\/categories?post=8139"},{"taxonomy":"post_tag","embeddable":true,"href":"https:\/\/www.bmaq.org\/fr\/wp-json\/wp\/v2\/tags?post=8139"}],"curies":[{"name":"wp","href":"https:\/\/api.w.org\/{rel}","templated":true}]}}