{"id":8138,"date":"2023-06-07T00:00:00","date_gmt":"2023-06-06T21:00:00","guid":{"rendered":"https:\/\/www.bmaq.org\/2023\/06\/07\/cherkaoui-le-documentaire-le-maroc-aux-yeux-des-palestiniens-raconte-lhistoire-des-liens-entre-les-deux-peuples-freres\/"},"modified":"2023-06-07T00:00:00","modified_gmt":"2023-06-06T21:00:00","slug":"cherkaoui-le-documentaire-le-maroc-aux-yeux-des-palestiniens-raconte-lhistoire-des-liens-entre-les-deux-peuples-freres","status":"publish","type":"post","link":"https:\/\/www.bmaq.org\/fr\/2023\/06\/07\/cherkaoui-le-documentaire-le-maroc-aux-yeux-des-palestiniens-raconte-lhistoire-des-liens-entre-les-deux-peuples-freres\/","title":{"rendered":"Cherkaoui : Le documentaire Le Maroc aux yeux des Palestiniens raconte l&rsquo;histoire des liens entre les deux peuples fr\u00e8res"},"content":{"rendered":"\n<p>Rabat, le 7 juin 2023<\/p>\n\n\n\n<p>le directeur charg\u00e9 de la gestion de l\u2019Agence Bayt Mal Al-Qods Acharif, Dr. Mohamed Salem Cherkaoui, a d\u00e9clar\u00e9, dans dans une allocution, hier soir, mardi \u00e0 Rabat, que Le documentaire \u00ab Le Maroc aux yeux des Palestiniens\u201d, raconte l&rsquo;histoire des liens solides unissant les Marocains et leurs fr\u00e8res palestiniens, et la consolidation de la pr\u00e9sence marocaine dans la Ville Sainte il y a mille ans ou plus, avec l&rsquo;argument, la preuve et le travail connect\u00e9 et pr\u00e9serv\u00e9, de sorte que les mythes qui sont tiss\u00e9s ici et l\u00e0 sur l&rsquo;h\u00e9ro\u00efsme artificiel et une pr\u00e9tendue histoire sera r\u00e9v\u00e9l\u00e9e.<\/p>\n\n\n\n<p>M. Cherkaoui a confirm\u00e9, \u00e0 l\u2019occasion de la projection du film en avant-premi\u00e8re \u00e0 la Biblioth\u00e8que Nationale du Royaume du Maroc (BNRM), en pr\u00e9sence de l&rsquo;ambassadeur de l&rsquo;\u00c9tat de Palestine au Maroc, de responsables marocains et de repr\u00e9sentants de l&rsquo;\u00e9ventail de la soci\u00e9t\u00e9 marocaine, que les gens qui travail \u00e0 l\u2019Agence, marocains et palestiniens, sont \u00ab t\u00e9moins \u00e0 preuve, dans le cadre des comp\u00e9tences de l&rsquo;institution, de ce qu&rsquo;offre le Royaume du Maroc, sous la Conduite du Pr\u00e9sident du Comit\u00e9 d\u2019Al-Qods, Sa Majest\u00e9 le Roi Mohammed VI, pour Al-Qods et les Maqdessis.<\/p>\n\n\n\n<p>Il a ajout\u00e9 : \u00ab\u00a0C&rsquo;est un effort appr\u00e9ci\u00e9 et valoris\u00e9 et sur lequel on peut construire pour former, avec les efforts des fr\u00e8res dans d&rsquo;autres pays arabes et islamiques, une fen\u00eatre d&rsquo;espoir \u00e0 partir de laquelle des g\u00e9n\u00e9rations de Palestiniens regardent vers l&rsquo;avenir\u00a0\u00bb.<\/p>\n\n\n\n<p>Pour sa part, l\u2019ambassadeur de la Palestine au Maroc, Jamal Choubki, a exprim\u00e9 ses remerciements aux organisateurs de cette projection, notant que ce documentaire refl\u00e8te la force des relations maroco-palestiniennes qui sont fortement ancr\u00e9es dans l\u2019histoire.<\/p>\n\n\n\n<p>De m\u00eame, il a mis l\u2019accent sur le soutien de SM le Roi Mohammed VI et du peuple marocain \u00e0 la cause palestinienne, d\u2019autant plus que \u201cles Marocains forment la plus grande communaut\u00e9 qui soutient la cause palestinienne \u00e0 l\u2019\u00e9tranger\u201d.<\/p>\n\n\n\n<p>Organis\u00e9e \u00e0 l\u2019initiative du Conseil de la communaut\u00e9 marocaine \u00e0 l\u2019\u00e9tranger (CCME) et de l\u2019Agence Bayt Mal Al-Qods Acharif, cette projection en avant-premi\u00e8re associ\u00e9e \u00e0 une exposition de tableaux sur les valeurs humaines dans les discours de SM le Roi Mohammed VI, intervient dans le cadre des activit\u00e9s de la 28\u00e8me \u00e9dition du Salon du Livre et de l\u2019\u00c9dition de Rabat (SIEL 2023).<\/p>\n\n\n\n<p>Ce documentaire retrace diverses facettes de la pr\u00e9sence marocaine multis\u00e9culaire dans la ville sainte d\u2019Al-Qods et en Palestine, en g\u00e9n\u00e9ral, tant elle remonte \u00e0 la participation des Marocains aux c\u00f4t\u00e9s du sultan Salaheddine Al-Ayoubi, \u00e0 la lib\u00e9ration de la ville sainte.<\/p>\n\n\n\n<p>Le film met en lumi\u00e8re, \u00e0 travers des entretiens avec des personnalit\u00e9s marocaines et palestiniennes, moult donn\u00e9es document\u00e9es attestant de la pr\u00e9sence des Marocains au c\u0153ur de la ville d\u2019Al-Qods et en Palestine, les positions du Maroc \u00e0 l\u2019\u00e9gard de la cause palestinienne, tout en mettant en avant l\u2019action men\u00e9e par l\u2019Agence Bayt Mal Al-Qods Acharif, qui rel\u00e8ve du Comit\u00e9 Al-Qods, pr\u00e9sid\u00e9 par SM le Roi Mohammed VI, dans le soutien \u00e0 la lutte des&nbsp;Maqdessis.<\/p>\n\n\n\n<figure class=\"wp-block-image size-large\"><img decoding=\"async\" src=\"https:\/\/devprojects2022.lifemoz.com\/bmaq_old\/wp-content\/uploads\/2023\/06\/\u0627\u0644\u0645\u063a\u0631\u0628-\u0628\u0639\u064a\u0648\u0646-\u0641\u0644\u0633\u0637\u064a\u0646\u064a\u0629-2-1024x1024.jpg\" alt=\"\" class=\"wp-image-3897\"\/><\/figure>\n\n\n\n<p>&nbsp;\/\/<\/p>\n","protected":false},"excerpt":{"rendered":"<p>Rabat, le 7 juin 2023 le directeur charg\u00e9 de la gestion de l\u2019Agence Bayt Mal Al-Qods Acharif, Dr. Mohamed Salem Cherkaoui, a d\u00e9clar\u00e9, dans dans une allocution, hier soir, mardi \u00e0 Rabat, que Le documentaire \u00ab Le Maroc aux yeux des Palestiniens\u201d, raconte l&rsquo;histoire des liens solides unissant les Marocains et leurs fr\u00e8res palestiniens, et&hellip;<\/p>\n","protected":false},"author":1,"featured_media":0,"comment_status":"open","ping_status":"open","sticky":false,"template":"","format":"standard","meta":{"inline_featured_image":false,"footnotes":""},"categories":[19],"tags":[],"class_list":["post-8138","post","type-post","status-publish","format-standard","hentry","category-informations","category-19","description-off"],"_links":{"self":[{"href":"https:\/\/www.bmaq.org\/fr\/wp-json\/wp\/v2\/posts\/8138","targetHints":{"allow":["GET"]}}],"collection":[{"href":"https:\/\/www.bmaq.org\/fr\/wp-json\/wp\/v2\/posts"}],"about":[{"href":"https:\/\/www.bmaq.org\/fr\/wp-json\/wp\/v2\/types\/post"}],"author":[{"embeddable":true,"href":"https:\/\/www.bmaq.org\/fr\/wp-json\/wp\/v2\/users\/1"}],"replies":[{"embeddable":true,"href":"https:\/\/www.bmaq.org\/fr\/wp-json\/wp\/v2\/comments?post=8138"}],"version-history":[{"count":0,"href":"https:\/\/www.bmaq.org\/fr\/wp-json\/wp\/v2\/posts\/8138\/revisions"}],"wp:attachment":[{"href":"https:\/\/www.bmaq.org\/fr\/wp-json\/wp\/v2\/media?parent=8138"}],"wp:term":[{"taxonomy":"category","embeddable":true,"href":"https:\/\/www.bmaq.org\/fr\/wp-json\/wp\/v2\/categories?post=8138"},{"taxonomy":"post_tag","embeddable":true,"href":"https:\/\/www.bmaq.org\/fr\/wp-json\/wp\/v2\/tags?post=8138"}],"curies":[{"name":"wp","href":"https:\/\/api.w.org\/{rel}","templated":true}]}}