{"id":8130,"date":"2023-06-02T00:00:00","date_gmt":"2023-06-01T21:00:00","guid":{"rendered":"https:\/\/www.bmaq.org\/2023\/06\/02\/participation-de-lagence-bayt-mal-al-qods-au-siel-avec-un-programme-riche-et-varie\/"},"modified":"2023-06-02T00:00:00","modified_gmt":"2023-06-01T21:00:00","slug":"participation-de-lagence-bayt-mal-al-qods-au-siel-avec-un-programme-riche-et-varie","status":"publish","type":"post","link":"https:\/\/www.bmaq.org\/fr\/2023\/06\/02\/participation-de-lagence-bayt-mal-al-qods-au-siel-avec-un-programme-riche-et-varie\/","title":{"rendered":"Participation de l\u2019Agence Bayt Mal Al-Qods au SIEL avec un programme riche et vari\u00e9"},"content":{"rendered":"\n<p>Rabat, 2 juin, 2023<\/p>\n\n\n\n<p>L\u2019Agence Bayt Mal Al-Qods Acharif participe \u00e0 la 28\u00e8 \u00e9dition du Salon international de l\u2019Edition et du livre (SIEL), qui s\u2019est ouverte, jeudi \u00e0 Rabat, avec un stand pr\u00e9sentant ses derni\u00e8res publications pour l\u2019ann\u00e9e 2023, outre une programmation artistique et culturelle riche et vari\u00e9e destin\u00e9e aux visiteurs du salon de toutes les cat\u00e9gories d\u2019\u00e2ges .<\/p>\n\n\n\n<p>La participation de l\u2019Agence \u00e0 cette \u00e9dition co\u00efncide avec la comm\u00e9moration du jubil\u00e9 d\u2019argent de cette institution sous le haut patronage de Sa Majest\u00e9 le Roi Mohammed VI, Pr\u00e9sident du Comit\u00e9 Al-Qods, \u00e0 l&rsquo;occasion de la c\u00e9l\u00e9bration du 25\u00e8me anniversaire de son entr\u00e9e effective en activit\u00e9, \u00e0 l&rsquo;initiative de feu le Roi Hassan II, que Dieu ait son \u00e2me.<\/p>\n\n\n\n<p>Le stand de l\u2019Agence accueillera des ateliers de lecture pour les jeunes ainsi que la signature de livres en pr\u00e9sence de leurs auteurs.<\/p>\n\n\n\n<p>Il s\u2019agit notamment du livre \u00ab Ribat \u00e0 Al-Qods : Documentation de ce qui est commun entre les voyages marocains sur les valeurs et vertus d\u2019Al-Qods \u00bb coordonn\u00e9 et pr\u00e9par\u00e9 par Dr. Mohamed Saddik El-Hafidi, et le livre \u201cLa pr\u00e9sence de l\u2019Agence Bayt Mal Al-Qods Acharif dans les discours et messages de Sa Majest\u00e9 le Roi Mohammed VI, Pr\u00e9sident du Comit\u00e9 Al-Qods\u201d<\/p>\n\n\n\n<p>Par la m\u00eame occasion, il sera proc\u00e9d\u00e9 \u00e0 la pr\u00e9sentation de la premi\u00e8re s\u00e9rie des \u201cCahiers d\u2019Al-Qods\u201d, pr\u00e9par\u00e9e par M. Mohamed Redouane, et consacr\u00e9e cette ann\u00e9e \u00e0 pr\u00e9senter certains aspects de l\u2019attachement des Marocains \u00e0 la ville sainte et \u00e0 sa grande mosqu\u00e9e.<\/p>\n\n\n\n<p>L\u2019Agence organisera \u00e9galement une rencontre ouverte pour pr\u00e9senter ses nouvelles publications, le 6 juin, \u00e0 la salle Ribat Al Fath, avec la participation de la chercheuse \u00e9gyptienne, Doua\u2019a Ch\u00e9rif et le po\u00e8te palestinien Moataz Al-Qutb, qui pr\u00e9sentera son nouveau recueil \u201cMille et un messages \u00e0 ma dame\u201d, publi\u00e9 par l\u2019Agence.<\/p>\n\n\n\n<p>En outre, une c\u00e9r\u00e9monie est pr\u00e9vue, le 9 juin, au m\u00eame endroit, pour la remise des prix \u201cCouleurs d\u2019Al Qods\u201d aux \u00e9tudiants ayant particip\u00e9 \u00e0 la 3\u00e8 \u00e9dition du concours, organis\u00e9e par cette institution, en coop\u00e9ration avec l\u2019Acad\u00e9mie r\u00e9gionale de l\u2019\u00e9ducation et de la formation de la r\u00e9gion de Tanger-T\u00e9touan-Al&nbsp;Hoceima.<\/p>\n","protected":false},"excerpt":{"rendered":"<p>Rabat, 2 juin, 2023 L\u2019Agence Bayt Mal Al-Qods Acharif participe \u00e0 la 28\u00e8 \u00e9dition du Salon international de l\u2019Edition et du livre (SIEL), qui s\u2019est ouverte, jeudi \u00e0 Rabat, avec un stand pr\u00e9sentant ses derni\u00e8res publications pour l\u2019ann\u00e9e 2023, outre une programmation artistique et culturelle riche et vari\u00e9e destin\u00e9e aux visiteurs du salon de toutes&hellip;<\/p>\n","protected":false},"author":1,"featured_media":8131,"comment_status":"open","ping_status":"open","sticky":false,"template":"","format":"standard","meta":{"inline_featured_image":false,"footnotes":""},"categories":[19],"tags":[],"class_list":["post-8130","post","type-post","status-publish","format-standard","has-post-thumbnail","hentry","category-informations","category-19","description-off"],"_links":{"self":[{"href":"https:\/\/www.bmaq.org\/fr\/wp-json\/wp\/v2\/posts\/8130","targetHints":{"allow":["GET"]}}],"collection":[{"href":"https:\/\/www.bmaq.org\/fr\/wp-json\/wp\/v2\/posts"}],"about":[{"href":"https:\/\/www.bmaq.org\/fr\/wp-json\/wp\/v2\/types\/post"}],"author":[{"embeddable":true,"href":"https:\/\/www.bmaq.org\/fr\/wp-json\/wp\/v2\/users\/1"}],"replies":[{"embeddable":true,"href":"https:\/\/www.bmaq.org\/fr\/wp-json\/wp\/v2\/comments?post=8130"}],"version-history":[{"count":0,"href":"https:\/\/www.bmaq.org\/fr\/wp-json\/wp\/v2\/posts\/8130\/revisions"}],"wp:featuredmedia":[{"embeddable":true,"href":"https:\/\/www.bmaq.org\/fr\/wp-json\/wp\/v2\/media\/8131"}],"wp:attachment":[{"href":"https:\/\/www.bmaq.org\/fr\/wp-json\/wp\/v2\/media?parent=8130"}],"wp:term":[{"taxonomy":"category","embeddable":true,"href":"https:\/\/www.bmaq.org\/fr\/wp-json\/wp\/v2\/categories?post=8130"},{"taxonomy":"post_tag","embeddable":true,"href":"https:\/\/www.bmaq.org\/fr\/wp-json\/wp\/v2\/tags?post=8130"}],"curies":[{"name":"wp","href":"https:\/\/api.w.org\/{rel}","templated":true}]}}