{"id":8122,"date":"2023-05-30T00:00:00","date_gmt":"2023-05-29T21:00:00","guid":{"rendered":"https:\/\/www.bmaq.org\/2023\/05\/30\/rabat-accueille-la-premiere-rencontre-des-dirigeants-des-institutions-culturelles-maqdessies\/"},"modified":"2023-05-30T00:00:00","modified_gmt":"2023-05-29T21:00:00","slug":"rabat-accueille-la-premiere-rencontre-des-dirigeants-des-institutions-culturelles-maqdessies","status":"publish","type":"post","link":"https:\/\/www.bmaq.org\/fr\/2023\/05\/30\/rabat-accueille-la-premiere-rencontre-des-dirigeants-des-institutions-culturelles-maqdessies\/","title":{"rendered":"Rabat accueille la premi\u00e8re rencontre des dirigeants des institutions culturelles maqdessies"},"content":{"rendered":"\n<p>Rabat 30 Mai 2023<\/p>\n\n\n\n<p>Les travaux de la premi\u00e8re rencontre des dirigeants des institutions culturelles maqdessies ont d\u00e9marr\u00e9, mardi \u00e0 Rabat, \u00e0 l\u2019initiative de l\u2019Organisation arabe pour l\u2019\u00e9ducation, la culture et les sciences (ALECSO) en partenariat avec l\u2019Agence Bayt Mal Al Qods Acharif et le minist\u00e8re palestinien de la Culture.<\/p>\n\n\n\n<p>Ce conclave de trois jours est l\u2019occasion de discuter des besoins urgents des institutions culturelles \u00e0 Al Qods, d\u2019\u00e9laborer un plan d\u2019action pour les soutenir et les accompagner dans leurs activit\u00e9s et de lancer des initiatives qui contribueront \u00e0 pr\u00e9server le cachet culturel et le tissu civilisationnel de la ville sainte et \u00e0 consacrer son identit\u00e9 arabe, en prot\u00e9geant les droits culturels de ses habitants et en renfor\u00e7ant la coordination et le r\u00e9seautage entre les institutions actives dans le secteur.<\/p>\n\n\n\n<p>Cette rencontre, qui co\u00efncide avec la c\u00e9l\u00e9bration par l\u2019Agence Bayt Mal Al Qods de son jubil\u00e9 d\u2019argent, connait l\u2019inauguration d\u2019une exposition photographique intitul\u00e9e \u00ab Al Qods : Source des lumi\u00e8res \u00bb et le lancement de la chaire ALECSO pour les \u00e9tudes d\u2019Al Qods Acharif.<\/p>\n\n\n\n<p>Dans un mot \u00e0 cette occasion, le ministre de la Jeunesse, de la Culture et de la Communication, Mohamed Mehdi Bensa\u00efd, a soulign\u00e9 que le choix de Rabat pour abriter cette importante rencontre culturelle entre les fr\u00e8res palestiniens n\u2019est pas le fruit du hasard, mais \u00e9mane de la place particuli\u00e8re dont jouit la capitale du Royaume, qui abrite le si\u00e8ge de l\u2019Agence Bayt Mal Al Qods et en tant que terre de coexistence qui incarne parfaitement les valeurs de tol\u00e9rance et de coexistence entre diff\u00e9rentes cultures et civilisations.<\/p>\n\n\n\n<p>A cet \u00e9gard, le ministre a rappel\u00e9 le r\u00f4le pionnier de SM le Roi Mohammed VI, Pr\u00e9sident du Comit\u00e9 Al Qods, et les efforts du Souverain en faveur de la pr\u00e9servation de l\u2019identit\u00e9 historique de la ville, comme l\u2019illustre parfaitement l\u2019Agence Bayt Mal Al Qods Acharif, qui assure le financement des projets et programmes qui soutiennent et renforcent la pr\u00e9sence arabo-islamique dans la ville sainte.<\/p>\n\n\n\n<p>Afin d\u2019accompagner ces efforts distingu\u00e9s, M. Bensa\u00efd a propos\u00e9 de compiler les conclusions de cette importante rencontre culturelle palestinienne dans un document officiel intitul\u00e9 \u00ab D\u00e9claration de Rabat pour la promotion et le renforcement de l\u2019action culturelle \u00e0 Al Qods Acharif \u00bb, \u00e0 condition que cette d\u00e9claration soit un document de r\u00e9f\u00e9rence parmi ceux de la 24e session de la Conf\u00e9rence des ministres charg\u00e9s des affaires culturelles dans le monde arabe, pr\u00e9vue Marrakech en 2024.<\/p>\n\n\n\n<p>Il a \u00e9galement affirm\u00e9 la disposition de son d\u00e9partement \u00e0 appliquer les conclusions de cette rencontre et \u00e0 mettre l\u2019exp\u00e9rience marocaine en mati\u00e8re de gestion, de programmation et d\u2019animation des institutions et des espaces culturels \u00e0 la disposition des dirigeants maqdessis dans le but de promouvoir l\u2019action culturelle dans la ville sainte et de consolider les liens de fraternit\u00e9 solide et sinc\u00e8re liant le Maroc et la Palestine.<\/p>\n\n\n\n<p>Pour sa part, le directeur charg\u00e9 de la gestion de l\u2019Agence Bayt Mal Al Qods, Mohamed Salem Charkaoui, a indiqu\u00e9 que l\u2019Agence, sur Hautes Instructions de SM le Roi Mohammed VI, a ax\u00e9 son action sur la promotion du secteur de la culture \u00e0 travers un programme ambitieux d\u2019animation culturelle et artistique ayant concern\u00e9, dans un premier temps, quatre centres culturels importants.<\/p>\n\n\n\n<p>Ce programme peut s\u2019\u00e9tendre, a-t-il ajout\u00e9, \u00e0 d\u2019autres centres avec l\u2019ouverture prochaine du centre culturel marocain \u00e0 Al Qods \u00ab Maison du Maroc \u00bb, qui se veut un mod\u00e8le \u00e0 suivre en ce qui concerne les initiatives que peuvent prendre les pays arabes pour transformer l\u2019immobilier acquis en centres communautaires au profit des habitants d\u2019Al Qods.<\/p>\n\n\n\n<p>De son c\u00f4t\u00e9, l\u2019ambassadeur de la Palestine au Maroc, Jamal Choubki, a exprim\u00e9 ses remerciements et sa gratitude \u00e0 Sa Majest\u00e9 le Roi Mohammed VI, Pr\u00e9sident du Comit\u00e9 Al Qods, pour les actions entreprises en faveur de la ville sainte et ses habitants, formulant le v\u0153u que cette rencontre soit le pr\u00e9lude d\u2019un programme d\u2019action constructif pour prot\u00e9ger le cachet culturel d\u2019Al Qods et renforcer la r\u00e9silience des maqdessis.<\/p>\n\n\n\n<p>Cette rencontre est une premi\u00e8re et importante \u00e9tape pour \u00e9laborer un plan d\u2019action arabe int\u00e9gr\u00e9 pour promouvoir la culture arabe \u00e0 Al Qods en coordination avec les pays arabes, a-t-il estim\u00e9, soulignant l\u2019importance de la coop\u00e9ration arabe commune dans le domaine culturel li\u00e9 \u00e0 la ville sainte.<\/p>\n\n\n\n<p>Le directeur g\u00e9n\u00e9ral de l\u2019ALECSO, Mohamed weld Omar, a quant \u00e0 lui fait savoir que cette rencontre offre un espace commun de r\u00e9flexion et d\u2019\u00e9change pour renforcer le r\u00f4le des institutions culturelles arabes op\u00e9rant dans la ville sainte et soutenir leurs capacit\u00e9s \u00e0 associer la soci\u00e9t\u00e9 et les individus \u00e0 leurs activit\u00e9s, en assimilant les d\u00e9fis et en partageant les meilleures pratiques avec les institutions culturelles arabes afin d\u2019acqu\u00e9rir de nouvelles comp\u00e9tences et partant d\u2019assurer leur p\u00e9rennit\u00e9.<\/p>\n\n\n\n<p>Selon lui, l\u2019organisation de cette rencontre s\u2019inscrit dans le cadre de la mise en \u0153uvre des conclusions de la 23\u00e8me session de la Conf\u00e9rence des ministres charg\u00e9s des affaires culturelles dans le monde arabe, tenue \u00e0 Riyad en d\u00e9cembre 2022, qui a recommand\u00e9 \u00e0 l\u2019ALECSO de mettre sur pied un plan d\u2019action commun avec le minist\u00e8re palestinien de la Culture pour promouvoir la culture arabe dans la ville sainte.<\/p>\n\n\n\n<p>Cette rencontre pr\u00e9voit l\u2019organisation de s\u00e9ances de travail ax\u00e9es sur \u00ab les institutions culturelles maqdessies : exp\u00e9riences, programmes et besoins \u00bb et l\u2019\u00e9laboration des contours d\u2019un plan d\u2019action pour soutenir et accompagner les institutions culturelles&nbsp;\u00e0&nbsp;Al&nbsp;Qods.<\/p>\n","protected":false},"excerpt":{"rendered":"<p>Rabat 30 Mai 2023 Les travaux de la premi\u00e8re rencontre des dirigeants des institutions culturelles maqdessies ont d\u00e9marr\u00e9, mardi \u00e0 Rabat, \u00e0 l\u2019initiative de l\u2019Organisation arabe pour l\u2019\u00e9ducation, la culture et les sciences (ALECSO) en partenariat avec l\u2019Agence Bayt Mal Al Qods Acharif et le minist\u00e8re palestinien de la Culture. Ce conclave de trois jours&hellip;<\/p>\n","protected":false},"author":1,"featured_media":8123,"comment_status":"open","ping_status":"open","sticky":false,"template":"","format":"standard","meta":{"inline_featured_image":false,"footnotes":""},"categories":[19],"tags":[],"class_list":["post-8122","post","type-post","status-publish","format-standard","has-post-thumbnail","hentry","category-informations","category-19","description-off"],"_links":{"self":[{"href":"https:\/\/www.bmaq.org\/fr\/wp-json\/wp\/v2\/posts\/8122","targetHints":{"allow":["GET"]}}],"collection":[{"href":"https:\/\/www.bmaq.org\/fr\/wp-json\/wp\/v2\/posts"}],"about":[{"href":"https:\/\/www.bmaq.org\/fr\/wp-json\/wp\/v2\/types\/post"}],"author":[{"embeddable":true,"href":"https:\/\/www.bmaq.org\/fr\/wp-json\/wp\/v2\/users\/1"}],"replies":[{"embeddable":true,"href":"https:\/\/www.bmaq.org\/fr\/wp-json\/wp\/v2\/comments?post=8122"}],"version-history":[{"count":0,"href":"https:\/\/www.bmaq.org\/fr\/wp-json\/wp\/v2\/posts\/8122\/revisions"}],"wp:featuredmedia":[{"embeddable":true,"href":"https:\/\/www.bmaq.org\/fr\/wp-json\/wp\/v2\/media\/8123"}],"wp:attachment":[{"href":"https:\/\/www.bmaq.org\/fr\/wp-json\/wp\/v2\/media?parent=8122"}],"wp:term":[{"taxonomy":"category","embeddable":true,"href":"https:\/\/www.bmaq.org\/fr\/wp-json\/wp\/v2\/categories?post=8122"},{"taxonomy":"post_tag","embeddable":true,"href":"https:\/\/www.bmaq.org\/fr\/wp-json\/wp\/v2\/tags?post=8122"}],"curies":[{"name":"wp","href":"https:\/\/api.w.org\/{rel}","templated":true}]}}