{"id":8118,"date":"2023-06-01T00:00:00","date_gmt":"2023-05-31T21:00:00","guid":{"rendered":"https:\/\/www.bmaq.org\/2023\/06\/01\/rabat-la-premiere-rencontre-des-dirigeants-des-institutions-culturelles-maqdessies-sest-couronnee-par-lannonce-du-forum-dal-qods-culturel\/"},"modified":"2023-06-01T00:00:00","modified_gmt":"2023-05-31T21:00:00","slug":"rabat-la-premiere-rencontre-des-dirigeants-des-institutions-culturelles-maqdessies-sest-couronnee-par-lannonce-du-forum-dal-qods-culturel","status":"publish","type":"post","link":"https:\/\/www.bmaq.org\/fr\/2023\/06\/01\/rabat-la-premiere-rencontre-des-dirigeants-des-institutions-culturelles-maqdessies-sest-couronnee-par-lannonce-du-forum-dal-qods-culturel\/","title":{"rendered":"Rabat.. la premi\u00e8re rencontre des dirigeants des institutions culturelles maqdessies s\u2019est couronn\u00e9e par l&rsquo;annonce du Forum d\u2019Al-Qods culturel"},"content":{"rendered":"\n<p>Rabat, le 1er juin 2023<\/p>\n\n\n\n<p>La premi\u00e8re rencontre des dirigeants des institutions culturelles maqdessies s\u2019est termin\u00e9e, jeudi (1er juin 2023) au si\u00e8ge de l&rsquo;Agence Bayt Mal Al-Quds Al-Sharif, par l&rsquo;annonce du Forum d\u2019Al-Qods culturel.<\/p>\n\n\n\n<p>Cette rencontre, organis\u00e9e par l&rsquo;Organisation arabe pour l&rsquo;\u00e9ducation, la culture et les sciences (ALECSO ) en partenariat avec le minist\u00e8re palestinien de la culture et l&rsquo;Agence et qui a dur\u00e9 trois jours, avec la participation de 13 institutions culturelles arabes d\u2019Al-Qods, s\u2019est couronn\u00e9e par l\u2019annonce de ce Forum pour rassembler les d\u00e9fenseurs et les partisans de la culture arabe dans la ville Al-Qods.<\/p>\n\n\n\n<p>La s\u00e9ance de cl\u00f4ture, qui s&rsquo;est tenue en pr\u00e9sence de la secr\u00e9taire g\u00e9n\u00e9rale du Minist\u00e8re de la jeunesse, de la culture et de la communication du Royaume du Maroc, Mme Samira Al-Melizi, l&rsquo;Ambassadeur de l&rsquo;Etat de Palestine au Maroc, l&rsquo;Ambassadeur Jamal Al -Shobaki, le directeur charg\u00e9 de la gestion de l&rsquo;Agence Bayt Mal Al-Qods Al-Sharif, Dr Mohamed Salem Cherkaoui, et le sous-secr\u00e9taire du minist\u00e8re palestinien de la Culture, M. Jad Izzat Mohamed Zaidan, et le repr\u00e9sentant de la L&rsquo;organisation arabe pour l&rsquo;\u00e9ducation, la culture et la science, Dr Ahmadou Habibi, a connu la pr\u00e9sentation des caract\u00e9ristiques pr\u00e9liminaires du projet de soutien et d&rsquo;accompagnement des institutions culturelles arabes Maqdessies.<\/p>\n\n\n\n<p>Dans une allocution, lue en son nom par Mme Samira Al-Melizi, le ministre de la Jeunesse, de la Culture et de la Communication du Royaume du Maroc, Mohamed Al-Mahdi Bensa\u00efd, a affirm\u00e9 la volont\u00e9 du Royaume du Maroc \u00abd\u2019 accorder une attention particuli\u00e8re aux recommandations et propositions qui ont r\u00e9sult\u00e9 de la r\u00e9union pour les mettre en pratique \u00bb et de les inclure dans un document officiel intitul\u00e9 \u00ab La D\u00e9claration de Rabat pour renforcer et consolider l\u2019activit\u00e9 culturelle \u00e0 Al-Qods Al-Sharif \u00bb, et qui sera pr\u00e9sent\u00e9e comme document de r\u00e9f\u00e9rence dans les documents de la 24e session de la Conf\u00e9rence des ministres responsables des affaires culturelles du monde arabe, qui se tiendra \u00e0 Marrakech en avril 2024.<\/p>\n\n\n\n<p>Le ministre a rappel\u00e9 l\u2019int\u00e9r\u00eat particulier que Sa Majest\u00e9 le Roi Mohammed VI, Pr\u00e9sident du Comit\u00e9 Al-Qods, porte \u00e0 la pr\u00e9servation de l&rsquo;identit\u00e9 historique et culturelle d&rsquo;Al-Qods Al-Sharif, \u00e0 travers des actions culturelles, \u00e9ducatives et projets et programmes sociaux que l&rsquo;Agence Bayt Mal Al-Quds Al-Sharif supervise sa mise en \u0153uvre avec excellence et comp\u00e9tence.<\/p>\n\n\n\n<p>De son cot\u00e9, le directeur charg\u00e9 de la gestion de l&rsquo;Agence Bayt Mal Al-Quds Al-Sharif, Dr Mohamed Salem Cherkaoui, a affirm\u00e9 que l&rsquo;Agence s&rsquo;est f\u00e9licit\u00e9e des r\u00e9sultats utiles de cette r\u00e9union, exprimant son implication de principe dans toutes les initiatives qui servent Al-Qods et Maqdessis, indiquant que l&rsquo;Agence a d\u00e9pos\u00e9, sur&nbsp; les Hautes Instructions de Sa Majest\u00e9 le Roi Mohammed VI, sa pierre angulaire sur cette base, en s\u2019int\u00e9ressant au secteur de la culture, \u00e0 travers un programme ambitieux d\u2019animation culturelle et artistique ayant concern\u00e9, dans un premier temps, quatre centres culturels.<\/p>\n\n\n\n<p>Ce conclave de trois jours \u00e9tait l\u2019occasion de discuter des besoins urgents des institutions culturelles \u00e0 Al Qods, d\u2019\u00e9laborer un plan d\u2019action pour les soutenir et les accompagner dans leurs activit\u00e9s et de lancer des initiatives qui contribueront \u00e0 pr\u00e9server le cachet culturel et le tissu civilisationnel de la ville sainte et \u00e0 consacrer son identit\u00e9 arabe, en prot\u00e9geant les droits culturels de ses habitants et en renfor\u00e7ant la coordination et le r\u00e9seautage entre les institutions actives dans le secteur.<\/p>\n\n\n\n<p>Cette rencontre, qui co\u00efncide avec la c\u00e9l\u00e9bration par l\u2019Agence Bayt Mal Al Qods de son jubil\u00e9 d\u2019argent, connait l\u2019inauguration d\u2019une exposition photographique intitul\u00e9e \u00ab Al Qods : Source des lumi\u00e8res \u00bb et le lancement de la chaire ALECSO pour les \u00e9tudes d\u2019Al Qods&nbsp;Acharif.<\/p>\n\n\n\n<p>\/\/<\/p>\n","protected":false},"excerpt":{"rendered":"<p>Rabat, le 1er juin 2023 La premi\u00e8re rencontre des dirigeants des institutions culturelles maqdessies s\u2019est termin\u00e9e, jeudi (1er juin 2023) au si\u00e8ge de l&rsquo;Agence Bayt Mal Al-Quds Al-Sharif, par l&rsquo;annonce du Forum d\u2019Al-Qods culturel. Cette rencontre, organis\u00e9e par l&rsquo;Organisation arabe pour l&rsquo;\u00e9ducation, la culture et les sciences (ALECSO ) en partenariat avec le minist\u00e8re palestinien&hellip;<\/p>\n","protected":false},"author":1,"featured_media":8119,"comment_status":"open","ping_status":"open","sticky":false,"template":"","format":"standard","meta":{"inline_featured_image":false,"footnotes":""},"categories":[19],"tags":[],"class_list":["post-8118","post","type-post","status-publish","format-standard","has-post-thumbnail","hentry","category-informations","category-19","description-off"],"_links":{"self":[{"href":"https:\/\/www.bmaq.org\/fr\/wp-json\/wp\/v2\/posts\/8118","targetHints":{"allow":["GET"]}}],"collection":[{"href":"https:\/\/www.bmaq.org\/fr\/wp-json\/wp\/v2\/posts"}],"about":[{"href":"https:\/\/www.bmaq.org\/fr\/wp-json\/wp\/v2\/types\/post"}],"author":[{"embeddable":true,"href":"https:\/\/www.bmaq.org\/fr\/wp-json\/wp\/v2\/users\/1"}],"replies":[{"embeddable":true,"href":"https:\/\/www.bmaq.org\/fr\/wp-json\/wp\/v2\/comments?post=8118"}],"version-history":[{"count":0,"href":"https:\/\/www.bmaq.org\/fr\/wp-json\/wp\/v2\/posts\/8118\/revisions"}],"wp:featuredmedia":[{"embeddable":true,"href":"https:\/\/www.bmaq.org\/fr\/wp-json\/wp\/v2\/media\/8119"}],"wp:attachment":[{"href":"https:\/\/www.bmaq.org\/fr\/wp-json\/wp\/v2\/media?parent=8118"}],"wp:term":[{"taxonomy":"category","embeddable":true,"href":"https:\/\/www.bmaq.org\/fr\/wp-json\/wp\/v2\/categories?post=8118"},{"taxonomy":"post_tag","embeddable":true,"href":"https:\/\/www.bmaq.org\/fr\/wp-json\/wp\/v2\/tags?post=8118"}],"curies":[{"name":"wp","href":"https:\/\/api.w.org\/{rel}","templated":true}]}}