{"id":8117,"date":"2023-05-29T00:00:00","date_gmt":"2023-05-28T21:00:00","guid":{"rendered":"https:\/\/www.bmaq.org\/2023\/05\/29\/rabat-accueillera-demain-mardi-la-premiere-rencontre-des-dirigeants-des-institutions-culturelles-dal-qods\/"},"modified":"2023-05-29T00:00:00","modified_gmt":"2023-05-28T21:00:00","slug":"rabat-accueillera-demain-mardi-la-premiere-rencontre-des-dirigeants-des-institutions-culturelles-dal-qods","status":"publish","type":"post","link":"https:\/\/www.bmaq.org\/fr\/2023\/05\/29\/rabat-accueillera-demain-mardi-la-premiere-rencontre-des-dirigeants-des-institutions-culturelles-dal-qods\/","title":{"rendered":"Rabat accueillera demain mardi la premi\u00e8re rencontre des dirigeants des institutions culturelles d\u2019Al-Qods"},"content":{"rendered":"\n<p>Rabat, le 29 mai 2023<\/p>\n\n\n\n<p>La  premi\u00e8re rencontre des dirigeants des institutions culturelles d\u2019Al-Qods, organis\u00e9e par l&rsquo;Organisation arabe pour l&rsquo;\u00e9ducation, la culture et les sciences (ALECSO) en coop\u00e9ration avec de l&rsquo;Agence Bayt Mal Al-Qods Al-Sharif et le Minist\u00e8re palestinien de la Culture, d\u00e9butera demain, mardi 30 mai, au si\u00e8ge de l&rsquo;Agence \u00e0 Rabat, en co\u00efncidant cette ann\u00e9e avec la comm\u00e9moration du jubil\u00e9 d&rsquo;argent de l&rsquo;Agence sous le Haut Patronage de Sa Majest\u00e9 le Roi Mohammed VI, Pr\u00e9sident du Comit\u00e9 Al-Qods.Cette r\u00e9union, qui va durer trois jours, et voit l&rsquo;inauguration de l&rsquo;exposition de photos \u00ab\u00a0Al-Qods: Brillance des Lumi\u00e8res\u00a0\u00bb et le lancement de la Chaire ALECSO pour les \u00e9tudes d\u2019Al-Qods, se penchera sur la recherche des besoins urgents des institutions culturelles Maqdissis et \u00e9laborer un plan de travail pour les consolider et les accompagner et lancer des initiatives qui contribuent \u00e0 la pr\u00e9servation d&rsquo;Al-Qods Al-Sharif, et la cons\u00e9cration de l&rsquo;identit\u00e9 arabe de la Ville Sainte et le renforcement de son statut culturel et civilisationnel.La rencontre vise \u00e9galement \u00e0 soutenir l&rsquo;identit\u00e9 culturelle d\u2019Al-Qods et \u00e0 soutenir sa stabilit\u00e9 civilisationnelle en prot\u00e9geant les droits culturels de ses r\u00e9sidents et en renfor\u00e7ant la coordination et la mise en r\u00e9seau entre les institutions travaillant dans le secteur culturel de la Ville Sainte, leur permettant de fournir des services aux b\u00e9n\u00e9ficiaires de leurs programmes, et fournir une assistance technique pour renforcer les capacit\u00e9s des institutions culturelles, compte tenu des restrictions qui sont impos\u00e9es par l&rsquo;occupation isra\u00e9lienne sur Al-Qods, et qui a cr\u00e9\u00e9 une r\u00e9alit\u00e9 particuli\u00e8re dans la ville sainte, diff\u00e9rente du reste des villes palestiniennes, de sorte que la ville s&rsquo;est isol\u00e9e de son environnement naturel.<\/p>\n\n\n\n<p>\/\/<\/p>\n","protected":false},"excerpt":{"rendered":"<p>Rabat, le 29 mai 2023 La premi\u00e8re rencontre des dirigeants des institutions culturelles d\u2019Al-Qods, organis\u00e9e par l&rsquo;Organisation arabe pour l&rsquo;\u00e9ducation, la culture et les sciences (ALECSO) en coop\u00e9ration avec de l&rsquo;Agence Bayt Mal Al-Qods Al-Sharif et le Minist\u00e8re palestinien de la Culture, d\u00e9butera demain, mardi 30 mai, au si\u00e8ge de l&rsquo;Agence \u00e0 Rabat, en co\u00efncidant&hellip;<\/p>\n","protected":false},"author":1,"featured_media":7957,"comment_status":"open","ping_status":"open","sticky":false,"template":"","format":"standard","meta":{"inline_featured_image":false,"footnotes":""},"categories":[19],"tags":[],"class_list":["post-8117","post","type-post","status-publish","format-standard","has-post-thumbnail","hentry","category-informations","category-19","description-off"],"_links":{"self":[{"href":"https:\/\/www.bmaq.org\/fr\/wp-json\/wp\/v2\/posts\/8117","targetHints":{"allow":["GET"]}}],"collection":[{"href":"https:\/\/www.bmaq.org\/fr\/wp-json\/wp\/v2\/posts"}],"about":[{"href":"https:\/\/www.bmaq.org\/fr\/wp-json\/wp\/v2\/types\/post"}],"author":[{"embeddable":true,"href":"https:\/\/www.bmaq.org\/fr\/wp-json\/wp\/v2\/users\/1"}],"replies":[{"embeddable":true,"href":"https:\/\/www.bmaq.org\/fr\/wp-json\/wp\/v2\/comments?post=8117"}],"version-history":[{"count":0,"href":"https:\/\/www.bmaq.org\/fr\/wp-json\/wp\/v2\/posts\/8117\/revisions"}],"wp:featuredmedia":[{"embeddable":true,"href":"https:\/\/www.bmaq.org\/fr\/wp-json\/wp\/v2\/media\/7957"}],"wp:attachment":[{"href":"https:\/\/www.bmaq.org\/fr\/wp-json\/wp\/v2\/media?parent=8117"}],"wp:term":[{"taxonomy":"category","embeddable":true,"href":"https:\/\/www.bmaq.org\/fr\/wp-json\/wp\/v2\/categories?post=8117"},{"taxonomy":"post_tag","embeddable":true,"href":"https:\/\/www.bmaq.org\/fr\/wp-json\/wp\/v2\/tags?post=8117"}],"curies":[{"name":"wp","href":"https:\/\/api.w.org\/{rel}","templated":true}]}}