{"id":8113,"date":"2023-05-25T00:00:00","date_gmt":"2023-05-24T21:00:00","guid":{"rendered":"https:\/\/www.bmaq.org\/2023\/05\/25\/le-president-de-linstitut-du-monde-arabe-exprime-son-admiration-particuliere-pour-le-grand-respect-dont-jouit-sa-majeste-le-roi-mohammed-vi-president-du-comite-al-qods-dans-le-monde\/"},"modified":"2023-05-25T00:00:00","modified_gmt":"2023-05-24T21:00:00","slug":"le-president-de-linstitut-du-monde-arabe-exprime-son-admiration-particuliere-pour-le-grand-respect-dont-jouit-sa-majeste-le-roi-mohammed-vi-president-du-comite-al-qods-dans-le-monde","status":"publish","type":"post","link":"https:\/\/www.bmaq.org\/fr\/2023\/05\/25\/le-president-de-linstitut-du-monde-arabe-exprime-son-admiration-particuliere-pour-le-grand-respect-dont-jouit-sa-majeste-le-roi-mohammed-vi-president-du-comite-al-qods-dans-le-monde\/","title":{"rendered":"Le Pr\u00e9sident de l&rsquo;Institut du Monde Arabe exprime son admiration particuli\u00e8re pour le grand respect dont jouit Sa Majest\u00e9 le Roi Mohammed VI, Pr\u00e9sident du Comit\u00e9 Al-Qods dans le monde"},"content":{"rendered":"\n<p>&nbsp;Paris, le 25 mai 2023<\/p>\n\n\n\n<p>&nbsp;M. Jack Lang, Pr\u00e9sident de l&rsquo;Institut du Monde Arabe \u00e0 Paris, a exprim\u00e9, jeudi 25 mai 2023, sa reconnaissance et son admiration particuli\u00e8re pour le grand respect dont jouit Sa Majest\u00e9 le Roi Mohammed VI, Pr\u00e9sident du Comit\u00e9 Al-Qods dans le monde, et pour ses efforts continus au service de la cause palestinienne et pour la pr\u00e9servation des lieux saints de J\u00e9rusalem.<\/p>\n\n\n\n<p>&nbsp;En recevant le directeur charg\u00e9 de la gestion de l&rsquo;Agence Bayt Mal Al-Qods Al-Sharif, M. Mohamed&nbsp; Salem Charkaoui, au si\u00e8ge de l&rsquo;institut, M. Langue a d\u00e9clar\u00e9 qu&rsquo;il appr\u00e9cie les r\u00f4les du Royaume du Maroc \u00e0 J\u00e9rusalem, que ce soit sur le plan politique ou humanitaire.<\/p>\n\n\n\n<p>&nbsp;Le pr\u00e9sident de l&rsquo;Institut du monde arabe a pris connaissance des valeurs et des objectifs de l&rsquo;Agence \u00e0 travers la pr\u00e9sentation faite par M. Charkaoui, dans laquelle il a soulign\u00e9 les r\u00f4les sociaux et humanitaires de l&rsquo;institution, affili\u00e9e au Comit\u00e9 Al-Qods, \u00e9manant de l&rsquo;Organisation de la coop\u00e9ration islamique.<\/p>\n\n\n\n<p>&nbsp;M. Lang s&rsquo;est f\u00e9licit\u00e9 de mise oeuvre d&rsquo;un projet entre l&rsquo;Agence et l&rsquo;Institut de partenariat et de coop\u00e9ration dans des domaines d&rsquo;int\u00e9r\u00eat commun, exprimant son soutien personnel aux \u00e9v\u00e9nements qui pourraient \u00eatre organis\u00e9s cette ann\u00e9e \u00e0 Paris, dans le cadre de la comm\u00e9moration du jubil\u00e9 d&rsquo;argent de l&rsquo;Agence, d&rsquo;autant plus que l&rsquo;Institut accueille des \u00e9v\u00e9nements palestiniens durant cette p\u00e9riode, qui se poursuivra jusqu&rsquo;\u00e0 la fin du mois de novembre 2023 et ce sous le signe : \u00ab\u00a0Ce que la Palestine nous offre \u00e0 voir et \u00e0&nbsp;entendre\u00a0\u00bb.<\/p>\n\n\n\n<p>&nbsp;\/\/<\/p>\n","protected":false},"excerpt":{"rendered":"<p>&nbsp;Paris, le 25 mai 2023 &nbsp;M. Jack Lang, Pr\u00e9sident de l&rsquo;Institut du Monde Arabe \u00e0 Paris, a exprim\u00e9, jeudi 25 mai 2023, sa reconnaissance et son admiration particuli\u00e8re pour le grand respect dont jouit Sa Majest\u00e9 le Roi Mohammed VI, Pr\u00e9sident du Comit\u00e9 Al-Qods dans le monde, et pour ses efforts continus au service de&hellip;<\/p>\n","protected":false},"author":1,"featured_media":8114,"comment_status":"open","ping_status":"open","sticky":false,"template":"","format":"standard","meta":{"inline_featured_image":false,"footnotes":""},"categories":[19],"tags":[],"class_list":["post-8113","post","type-post","status-publish","format-standard","has-post-thumbnail","hentry","category-informations","category-19","description-off"],"_links":{"self":[{"href":"https:\/\/www.bmaq.org\/fr\/wp-json\/wp\/v2\/posts\/8113","targetHints":{"allow":["GET"]}}],"collection":[{"href":"https:\/\/www.bmaq.org\/fr\/wp-json\/wp\/v2\/posts"}],"about":[{"href":"https:\/\/www.bmaq.org\/fr\/wp-json\/wp\/v2\/types\/post"}],"author":[{"embeddable":true,"href":"https:\/\/www.bmaq.org\/fr\/wp-json\/wp\/v2\/users\/1"}],"replies":[{"embeddable":true,"href":"https:\/\/www.bmaq.org\/fr\/wp-json\/wp\/v2\/comments?post=8113"}],"version-history":[{"count":0,"href":"https:\/\/www.bmaq.org\/fr\/wp-json\/wp\/v2\/posts\/8113\/revisions"}],"wp:featuredmedia":[{"embeddable":true,"href":"https:\/\/www.bmaq.org\/fr\/wp-json\/wp\/v2\/media\/8114"}],"wp:attachment":[{"href":"https:\/\/www.bmaq.org\/fr\/wp-json\/wp\/v2\/media?parent=8113"}],"wp:term":[{"taxonomy":"category","embeddable":true,"href":"https:\/\/www.bmaq.org\/fr\/wp-json\/wp\/v2\/categories?post=8113"},{"taxonomy":"post_tag","embeddable":true,"href":"https:\/\/www.bmaq.org\/fr\/wp-json\/wp\/v2\/tags?post=8113"}],"curies":[{"name":"wp","href":"https:\/\/api.w.org\/{rel}","templated":true}]}}