{"id":8099,"date":"2023-05-16T00:00:00","date_gmt":"2023-05-15T21:00:00","guid":{"rendered":"https:\/\/www.bmaq.org\/2023\/05\/16\/lagence-bayt-mal-al-quds-al-sharif-participe-a-la-commemoration-du-75e-anniversaire-de-la-nakba-palestinienne\/"},"modified":"2023-05-16T00:00:00","modified_gmt":"2023-05-15T21:00:00","slug":"lagence-bayt-mal-al-quds-al-sharif-participe-a-la-commemoration-du-75e-anniversaire-de-la-nakba-palestinienne","status":"publish","type":"post","link":"https:\/\/www.bmaq.org\/fr\/2023\/05\/16\/lagence-bayt-mal-al-quds-al-sharif-participe-a-la-commemoration-du-75e-anniversaire-de-la-nakba-palestinienne\/","title":{"rendered":"L&rsquo;Agence Bayt Mal Al-Quds Al-Sharif participe \u00e0 la comm\u00e9moration du 75e anniversaire de la Nakba palestinienne"},"content":{"rendered":"\n<p>Rabat, le 16 mai 2023<\/p>\n\n\n\n<p>l&rsquo;Agence Bayt Mal Al-Quds Al-Sharif a particip\u00e9 hier, lundi 15 mai 2023, \u00e0 la comm\u00e9moration du 75e anniversaire de la Nakba palestinienne c\u00e9l\u00e9br\u00e9 par l&rsquo;Union marocaine du travail (UMT) et l&rsquo;Ambassade de l&rsquo;\u00c9tat de Palestine en Royaume du Maroc, au si\u00e8ge de la Centrale syndicale \u00e0 Casablanca.<\/p>\n\n\n\n<p>Durant cet \u00e9v\u00e9nement, un ruban symbolique a \u00e9t\u00e9 coup\u00e9 pour l&rsquo;ouverture du pavillon permanent de l&rsquo;\u00c9tat de Palestine au Mus\u00e9e de l&rsquo;UMT, qui expose des photos et des documents du soutien marocain au peuple palestinien sous diverses formes.<\/p>\n\n\n\n<p>Dans son allocution \u00e0 cette occasion, Dr Mohamed Salem Charkaoui, directeur charg\u00e9 de la gestion de l&rsquo;Agence, a soulign\u00e9 que l&rsquo;initiative de l&rsquo;Union marocaine du travail de cr\u00e9er ce Pavillon de la m\u00e9moire palestinienne pr\u00e9serve les liens des Marocains avec leurs fr\u00e8res palestiniens, et \u00e9tablit liens entre les deux pays, indiquant qu&rsquo;il s&rsquo;agit de liens forts, enracin\u00e9s et fig\u00e9s, et qui ne sont pas bas\u00e9s sur des slogans ou sur des positions conjoncturelles.<\/p>\n\n\n\n<p>Charkaoui a d\u00e9crit l&rsquo;initiative comme \u00ab l&rsquo;expression de l&rsquo;implication de l&rsquo;\u00e9lite marocaine dans toutes ses couleurs et r\u00e9f\u00e9rences dans le soutien ferme et fort de nos fr\u00e8res palestiniens \u00bb, consid\u00e9rant que cela constitue l&rsquo;incarnation d&rsquo;une histoire glorieuse de l\u2019union des Marocains, sous la conduite d\u2019honorables Rois de la Dynastie Alaouite, avec la cause palestinienne et le soutien du peuple palestinien.<\/p>\n\n\n\n<p>Il a ajout\u00e9 qu\u2019autant la Palestine a besoin d&rsquo;un soutien populaire moral et d&rsquo;un plaidoyer politique \u00e0 tous les niveaux, autant elle a besoin d&rsquo;un soutien mat\u00e9riel, qui permet aux Palestiniens de faire face aux d\u00e9fis auxquels ils sont confront\u00e9s quotidiennement dans tous les domaines de leur pr\u00e9sence ; \u00e0 Al-Quds, \u00e0 Gaza, en Cisjordanie et dans la Diaspora.<\/p>\n\n\n\n<p>Charkaoui a d\u00e9clar\u00e9 que l&rsquo;Agence Bayt Mal Al-Quds Al-Sharif est un \u00ab\u00a0t\u00e9moin de la preuve\u00a0\u00bb des efforts d\u00e9ploy\u00e9s par le Royaume du Maroc, sous la direction de Sa Majest\u00e9 le Roi Mohammed VI, Pr\u00e9sident du Comit\u00e9 Al-Quds, pr\u00e9cisant que ces efforts qui sont appr\u00e9ci\u00e9s sont destin\u00e9s pour soutenir la cause palestinienne et d\u00e9fendre la Ville Sainte, et consolider la fermet\u00e9 des Mourabitines sur leur Terre B\u00e9nie.<\/p>\n\n\n\n<p>Apr\u00e8s avoir soulign\u00e9 l\u2019importance du mod\u00e8le marocain honorable, qui allie adh\u00e9sion politique et sociale, \u00ab\u00a0sur lequel il faut construire car c&rsquo;est un mod\u00e8le concret et r\u00e9aliste\u00a0\u00bb, l\u2019intervenant a mis en relief les moyens financiers que le Royaume du Maroc r\u00e9serve \u00e0 l&rsquo;Agence, et qui repr\u00e9sentent aujourd&rsquo;hui 100% des dons enregistr\u00e9s dans la cat\u00e9gorie des contributions des \u00c9tats.<\/p>\n\n\n\n<p>Et il a poursuivi : \u00ab\u00a0Les Marocains ont le m\u00e9rite d&rsquo;\u00eatre fiers de leur histoire \u00e0 Al-Quds, et ils ont aussi le droit d&rsquo;\u00eatre fiers de leur pr\u00e9sent en Elle, qui est le pr\u00e9sent bas\u00e9 sur le pacte de loyaut\u00e9, de sinc\u00e9rit\u00e9 et d\u2019une solidarit\u00e9 de principe et soutenue\u00a0\u00bb.<\/p>\n\n\n\n<p>Charkaoui a \u00e9galement \u00e9voqu\u00e9 \u00able symbolisme de la pr\u00e9sence marocaine \u00e0 Al-Quds et ses connotations, \u00e0 travers la pr\u00e9sence de familles d&rsquo;origine marocaine, et \u00e0 travers les r\u00e9alisations qui portent le nom du Maroc dans la Ville Sainte et \u00e0 Gaza, qui sont des \u0153uvres que les Palestiniens appr\u00e9cient pour Le Maroc et ses citoyens, et ils les appr\u00e9cient pour Sa Majest\u00e9 le Roi Mohammed VI, que Dieu l\u2019Assiste, et avant lui pour son P\u00e8re feu S.M Hassan II et son Grand-P\u00e8re feu Mohammed V, que Dieu b\u00e9nisse&nbsp;leurs&nbsp;\u00e2mes.<\/p>\n","protected":false},"excerpt":{"rendered":"<p>Rabat, le 16 mai 2023 l&rsquo;Agence Bayt Mal Al-Quds Al-Sharif a particip\u00e9 hier, lundi 15 mai 2023, \u00e0 la comm\u00e9moration du 75e anniversaire de la Nakba palestinienne c\u00e9l\u00e9br\u00e9 par l&rsquo;Union marocaine du travail (UMT) et l&rsquo;Ambassade de l&rsquo;\u00c9tat de Palestine en Royaume du Maroc, au si\u00e8ge de la Centrale syndicale \u00e0 Casablanca. Durant cet \u00e9v\u00e9nement,&hellip;<\/p>\n","protected":false},"author":1,"featured_media":8100,"comment_status":"open","ping_status":"open","sticky":false,"template":"","format":"standard","meta":{"inline_featured_image":false,"footnotes":""},"categories":[19],"tags":[],"class_list":["post-8099","post","type-post","status-publish","format-standard","has-post-thumbnail","hentry","category-informations","category-19","description-off"],"_links":{"self":[{"href":"https:\/\/www.bmaq.org\/fr\/wp-json\/wp\/v2\/posts\/8099","targetHints":{"allow":["GET"]}}],"collection":[{"href":"https:\/\/www.bmaq.org\/fr\/wp-json\/wp\/v2\/posts"}],"about":[{"href":"https:\/\/www.bmaq.org\/fr\/wp-json\/wp\/v2\/types\/post"}],"author":[{"embeddable":true,"href":"https:\/\/www.bmaq.org\/fr\/wp-json\/wp\/v2\/users\/1"}],"replies":[{"embeddable":true,"href":"https:\/\/www.bmaq.org\/fr\/wp-json\/wp\/v2\/comments?post=8099"}],"version-history":[{"count":0,"href":"https:\/\/www.bmaq.org\/fr\/wp-json\/wp\/v2\/posts\/8099\/revisions"}],"wp:featuredmedia":[{"embeddable":true,"href":"https:\/\/www.bmaq.org\/fr\/wp-json\/wp\/v2\/media\/8100"}],"wp:attachment":[{"href":"https:\/\/www.bmaq.org\/fr\/wp-json\/wp\/v2\/media?parent=8099"}],"wp:term":[{"taxonomy":"category","embeddable":true,"href":"https:\/\/www.bmaq.org\/fr\/wp-json\/wp\/v2\/categories?post=8099"},{"taxonomy":"post_tag","embeddable":true,"href":"https:\/\/www.bmaq.org\/fr\/wp-json\/wp\/v2\/tags?post=8099"}],"curies":[{"name":"wp","href":"https:\/\/api.w.org\/{rel}","templated":true}]}}