{"id":8091,"date":"2023-04-20T00:00:00","date_gmt":"2023-04-19T21:00:00","guid":{"rendered":"https:\/\/www.bmaq.org\/2023\/04\/20\/lagence-bayt-mal-al-qods-al-sharif-conclut-ses-programmes-sociaux-du-ramadan-en-distribuant-des-vetements-de-laid-aux-orphelins\/"},"modified":"2023-04-20T00:00:00","modified_gmt":"2023-04-19T21:00:00","slug":"lagence-bayt-mal-al-qods-al-sharif-conclut-ses-programmes-sociaux-du-ramadan-en-distribuant-des-vetements-de-laid-aux-orphelins","status":"publish","type":"post","link":"https:\/\/www.bmaq.org\/fr\/2023\/04\/20\/lagence-bayt-mal-al-qods-al-sharif-conclut-ses-programmes-sociaux-du-ramadan-en-distribuant-des-vetements-de-laid-aux-orphelins\/","title":{"rendered":"L&rsquo;Agence Bayt Mal Al-Qods Al-Sharif conclut ses programmes sociaux du Ramadan en distribuant des v\u00eatements de l&rsquo;A\u00efd aux orphelins"},"content":{"rendered":"\n<p>20&nbsp; avril 2023<\/p>\n\n\n\n<p>l&rsquo;Agence Bayt Mal Al-Qods Al-Sharif a conclu, jeudi (20 avril 2023), ses programmes sociaux pour le mois de Ramadan de cette l&rsquo;ann\u00e9e dans la Ville Sainte en distribuant des v\u00eatements de l&rsquo;A\u00efd Al-Fitr \u00e0 300 orphelins parrain\u00e9s par l&rsquo;Agence.<\/p>\n\n\n\n<p>Le programme d&rsquo;animation communautaire de l\u2019Agence \u00e0 Al-Qods et le programme d&rsquo;assistance sociale ont contribu\u00e9 cette ann\u00e9e \u00e0 fournir une subvention \u00e0 environ un millier de familles n\u00e9cessiteuses d\u2019Al-Qods, \u00e0 rendre les orphelins heureux, \u00e0 leur faire sourire et \u00e0 soulager les besoins et les difficult\u00e9s des orphelins.<\/p>\n\n\n\n<p>L&rsquo;Agence accorde aux programmes d&rsquo;assistance sociale pendant le mois de Ramadan une priorit\u00e9 absolue pour all\u00e9ger les fardeaux et les difficult\u00e9s de la vie auxquels sont confront\u00e9s les habitants d\u2019Al-Qods, en raison des effets de la pand\u00e9mie de Covid-19 et des r\u00e9percussions de la crise mondiale des prix.<\/p>\n\n\n\n<p>L&rsquo;Agence a mis en place un programme de prise en charge sociale des orphelins parrain\u00e9s au sein de leur famille, en assurant un suivi continu de leurs conditions de vie en toutes occasions, qu&rsquo;elles soient li\u00e9es aux vacances ou aux \u00e9tudes, ainsi que dans les activit\u00e9s et programmes dont ils&nbsp;b\u00e9n\u00e9ficient.<\/p>\n\n\n\n<p>\/\/<\/p>\n","protected":false},"excerpt":{"rendered":"<p>20&nbsp; avril 2023 l&rsquo;Agence Bayt Mal Al-Qods Al-Sharif a conclu, jeudi (20 avril 2023), ses programmes sociaux pour le mois de Ramadan de cette l&rsquo;ann\u00e9e dans la Ville Sainte en distribuant des v\u00eatements de l&rsquo;A\u00efd Al-Fitr \u00e0 300 orphelins parrain\u00e9s par l&rsquo;Agence. Le programme d&rsquo;animation communautaire de l\u2019Agence \u00e0 Al-Qods et le programme d&rsquo;assistance sociale&hellip;<\/p>\n","protected":false},"author":1,"featured_media":8092,"comment_status":"open","ping_status":"open","sticky":false,"template":"","format":"standard","meta":{"inline_featured_image":false,"footnotes":""},"categories":[19],"tags":[],"class_list":["post-8091","post","type-post","status-publish","format-standard","has-post-thumbnail","hentry","category-informations","category-19","description-off"],"_links":{"self":[{"href":"https:\/\/www.bmaq.org\/fr\/wp-json\/wp\/v2\/posts\/8091","targetHints":{"allow":["GET"]}}],"collection":[{"href":"https:\/\/www.bmaq.org\/fr\/wp-json\/wp\/v2\/posts"}],"about":[{"href":"https:\/\/www.bmaq.org\/fr\/wp-json\/wp\/v2\/types\/post"}],"author":[{"embeddable":true,"href":"https:\/\/www.bmaq.org\/fr\/wp-json\/wp\/v2\/users\/1"}],"replies":[{"embeddable":true,"href":"https:\/\/www.bmaq.org\/fr\/wp-json\/wp\/v2\/comments?post=8091"}],"version-history":[{"count":0,"href":"https:\/\/www.bmaq.org\/fr\/wp-json\/wp\/v2\/posts\/8091\/revisions"}],"wp:featuredmedia":[{"embeddable":true,"href":"https:\/\/www.bmaq.org\/fr\/wp-json\/wp\/v2\/media\/8092"}],"wp:attachment":[{"href":"https:\/\/www.bmaq.org\/fr\/wp-json\/wp\/v2\/media?parent=8091"}],"wp:term":[{"taxonomy":"category","embeddable":true,"href":"https:\/\/www.bmaq.org\/fr\/wp-json\/wp\/v2\/categories?post=8091"},{"taxonomy":"post_tag","embeddable":true,"href":"https:\/\/www.bmaq.org\/fr\/wp-json\/wp\/v2\/tags?post=8091"}],"curies":[{"name":"wp","href":"https:\/\/api.w.org\/{rel}","templated":true}]}}