{"id":8086,"date":"2023-03-22T00:00:00","date_gmt":"2023-03-21T21:00:00","guid":{"rendered":"https:\/\/www.bmaq.org\/2023\/03\/22\/salem-cherkaoui-souligne-limportance-dun-document-de-reference-sur-la-terminologie-mediatique-de-la-cause-palestinienne\/"},"modified":"2023-03-22T00:00:00","modified_gmt":"2023-03-21T21:00:00","slug":"salem-cherkaoui-souligne-limportance-dun-document-de-reference-sur-la-terminologie-mediatique-de-la-cause-palestinienne","status":"publish","type":"post","link":"https:\/\/www.bmaq.org\/fr\/2023\/03\/22\/salem-cherkaoui-souligne-limportance-dun-document-de-reference-sur-la-terminologie-mediatique-de-la-cause-palestinienne\/","title":{"rendered":"Salem Cherkaoui souligne l&rsquo;importance d&rsquo;un document de r\u00e9f\u00e9rence sur la terminologie m\u00e9diatique de la cause palestinienne\u00a0"},"content":{"rendered":"\n<p>22 mars 2023&nbsp;<\/p>\n\n\n\n<p>Djeddah &#8211; Le Directeur charg\u00e9 de la gestion de l\u2019Agence Bayt Mal Al-Qods Acharif, Mohamed Salem Cherkaoui, a soulign\u00e9 la n\u00e9cessit\u00e9 d&rsquo;\u00e9laborer un document de r\u00e9f\u00e9rence sur la terminologie m\u00e9diatique de la question palestinienne, appelant \u00e0 la formation d&rsquo;un comit\u00e9 charg\u00e9 de r\u00e9diger ce document et de le soumettre \u00e0 la Conf\u00e9rence islamique des ministres de l&rsquo;information pour approbation et diffusion aux m\u00e9dias des pays membres de l&rsquo;Organisation de la coop\u00e9ration islamique (OCI).&nbsp;<\/p>\n\n\n\n<p>M. Cherkaoui a indiqu\u00e9, lors de la premi\u00e8re table ronde d&rsquo;un atelier virtuel, organis\u00e9 par l&rsquo;Union des agences de presse de l&rsquo;Organisation de la coop\u00e9ration islamique (UNA), mardi, sous le th\u00e8me \u00ab\u00a0diffusion m\u00e9diatique de la terminologie de la cause palestinienne\u00a0\u00bb, l&rsquo;ampleur du d\u00e9fi que repr\u00e9sente la non-ma\u00eetrise de cette terminologie et ses dangers sur la perception correcte de la r\u00e9alit\u00e9 de la cause palestinienne.&nbsp;<\/p>\n\n\n\n<p>Il a pass\u00e9 en revue les contributions de l\u2019Agence Bayt Mal Al-Qods Acharif, au soutien de la cause palestinienne \u00e0 diff\u00e9rents niveaux, en particulier m\u00e9diatique.&nbsp;<\/p>\n\n\n\n<p>Le Secr\u00e9tariat g\u00e9n\u00e9ral de l&rsquo;Organisation de la coop\u00e9ration islamique, l&rsquo;Organisation du monde islamique pour l&rsquo;\u00e9ducation, la science et la culture (ICESCO), l\u2019Agence Bayt Mal Al-Qods Acharif, ainsi que les Agences de presse membres de l&rsquo;Union et plusieurs diplomates et professionnels des m\u00e9dias ont particip\u00e9 \u00e0 cet atelier virtuel.&nbsp;<\/p>\n\n\n\n<p>De son c\u00f4t\u00e9, le r\u00e9dacteur en chef du journal palestinien \u00ab\u00a0Al-Hayat Al-Jadeeda\u00a0\u00bb, Mahmoud Abu Al-Haija, a soulign\u00e9 la n\u00e9cessit\u00e9 de contredire le r\u00e9cit isra\u00e9lien, appelant \u00e0 renforcer le partenariat efficace entre les m\u00e9dias et les agences et \u00e0 adopter un guide m\u00e9diatique unifi\u00e9 pour confronter les r\u00e9cits factices.&nbsp;<\/p>\n\n\n\n<p>Pour sa part, le directeur adjoint du d\u00e9partement des m\u00e9dias au Secr\u00e9tariat g\u00e9n\u00e9ral de l&rsquo;Organisation de la coop\u00e9ration islamique, Abdul Hameed Al-Salihi, a pass\u00e9 en revue une partie des efforts de l&rsquo;organisation pour enqu\u00eater sur l&rsquo;exactitude de l&rsquo;utilisation de la terminologie correcte concernant la question palestinienne.&nbsp;<\/p>\n\n\n\n<p>Il a exhort\u00e9 les m\u00e9dias \u00e0 se m\u00e9fier des inexactitudes et appel\u00e9 \u00e0 ne pas utiliser la terminologie non v\u00e9rifi\u00e9e en raison de son impact et de ses r\u00e9percussions.&nbsp;<\/p>\n\n\n\n<p>Sami Al-Qamhawi, directeur du d\u00e9partement des m\u00e9dias et de la communication institutionnelle \u00e0 l&rsquo;ICESCO, a abord\u00e9 la mani\u00e8re dont les m\u00e9dias traitent la cause palestinienne, soulignant que le fait de \u00ab\u00a0nommer les choses par leurs propres noms est la meilleure fa\u00e7on d&rsquo;exprimer des faits \u00e9tablis\u00a0\u00bb.&nbsp;<\/p>\n\n\n\n<p>Dans son discours d&rsquo;ouverture de l&rsquo;atelier, le Secr\u00e9taire g\u00e9n\u00e9ral de l&rsquo;OCI, Hissein Brahim Taha, a soulign\u00e9 le r\u00f4le crucial jou\u00e9 par les agences de presse et les m\u00e9dias dans les \u00c9tats membres de l&rsquo;OCI pour maintenir la question de la Palestine et d&rsquo;Al-Qods Acharif toujours au premier plan de la sc\u00e8ne politique et m\u00e9diatique.&nbsp;<\/p>\n\n\n\n<p>Il a \u00e9galement not\u00e9 l&rsquo;importance de former une prise de conscience collective de la cause palestinienne concernant l&rsquo;agression contre les territoires palestiniens et son caract\u00e8re sacr\u00e9.&nbsp;<\/p>\n\n\n\n<p>Dans le discours, prononc\u00e9 en son nom par le Sous-Secr\u00e9taire g\u00e9n\u00e9ral pour la Palestine et les affaires d&rsquo;Al-Qods, l&rsquo;Ambassadeur Samir Bakr Diab, le Secr\u00e9taire g\u00e9n\u00e9ral de l&rsquo;OCI a affirm\u00e9 que l&rsquo;OCI suit avec une grande pr\u00e9occupation l&rsquo;escalade de la guerre m\u00e9diatique men\u00e9e par l&rsquo;occupation isra\u00e9lienne, que ce soit \u00e0 travers des attaques syst\u00e9matiques contre les m\u00e9dias et leur personnel, ou par la promotion de termes et r\u00e9cits isra\u00e9liens faux et factices niant l&rsquo;existence du peuple palestinien et ses droits l\u00e9gitimes.&nbsp;<\/p>\n\n\n\n<p>Le Secr\u00e9taire g\u00e9n\u00e9ral a indiqu\u00e9 que le conflit actuel est politique et s&rsquo;incarne dans l&rsquo;occupation coloniale isra\u00e9lienne ill\u00e9gale du territoire palestinien.&nbsp;<\/p>\n\n\n\n<p>Il a appel\u00e9 les m\u00e9dias couvrant l&rsquo;actualit\u00e9 palestinienne \u00e0 mettre l&rsquo;accent sur des termes tels que l&rsquo;occupation, le racisme, le nettoyage ethnique, la Nakba et la colonisation.&nbsp;<\/p>\n\n\n\n<p>Le Secr\u00e9taire g\u00e9n\u00e9ral a \u00e9galement appel\u00e9 \u00e0 envisager l&rsquo;\u00e9laboration d&rsquo;un guide de r\u00e9f\u00e9rence ou d&rsquo;un ensemble de politiques g\u00e9n\u00e9rales des m\u00e9dias pour r\u00e9glementer le traitement m\u00e9diatique de la cause de la Palestine et d&rsquo;Al-Qods Acharif d&rsquo;une mani\u00e8re qui contribue \u00e0 unifier la terminologie utilis\u00e9e et les efforts d\u00e9ploy\u00e9s pour promouvoir un discours correct sur la cause palestinienne.&nbsp;<\/p>\n\n\n\n<p>\/\/&nbsp;<\/p>\n\n\n\n<p>MAP&nbsp;<\/p>\n","protected":false},"excerpt":{"rendered":"<p>22 mars 2023&nbsp; Djeddah &#8211; Le Directeur charg\u00e9 de la gestion de l\u2019Agence Bayt Mal Al-Qods Acharif, Mohamed Salem Cherkaoui, a soulign\u00e9 la n\u00e9cessit\u00e9 d&rsquo;\u00e9laborer un document de r\u00e9f\u00e9rence sur la terminologie m\u00e9diatique de la question palestinienne, appelant \u00e0 la formation d&rsquo;un comit\u00e9 charg\u00e9 de r\u00e9diger ce document et de le soumettre \u00e0 la Conf\u00e9rence&hellip;<\/p>\n","protected":false},"author":1,"featured_media":8087,"comment_status":"open","ping_status":"open","sticky":false,"template":"","format":"standard","meta":{"inline_featured_image":false,"footnotes":""},"categories":[19],"tags":[],"class_list":["post-8086","post","type-post","status-publish","format-standard","has-post-thumbnail","hentry","category-informations","category-19","description-off"],"_links":{"self":[{"href":"https:\/\/www.bmaq.org\/fr\/wp-json\/wp\/v2\/posts\/8086","targetHints":{"allow":["GET"]}}],"collection":[{"href":"https:\/\/www.bmaq.org\/fr\/wp-json\/wp\/v2\/posts"}],"about":[{"href":"https:\/\/www.bmaq.org\/fr\/wp-json\/wp\/v2\/types\/post"}],"author":[{"embeddable":true,"href":"https:\/\/www.bmaq.org\/fr\/wp-json\/wp\/v2\/users\/1"}],"replies":[{"embeddable":true,"href":"https:\/\/www.bmaq.org\/fr\/wp-json\/wp\/v2\/comments?post=8086"}],"version-history":[{"count":0,"href":"https:\/\/www.bmaq.org\/fr\/wp-json\/wp\/v2\/posts\/8086\/revisions"}],"wp:featuredmedia":[{"embeddable":true,"href":"https:\/\/www.bmaq.org\/fr\/wp-json\/wp\/v2\/media\/8087"}],"wp:attachment":[{"href":"https:\/\/www.bmaq.org\/fr\/wp-json\/wp\/v2\/media?parent=8086"}],"wp:term":[{"taxonomy":"category","embeddable":true,"href":"https:\/\/www.bmaq.org\/fr\/wp-json\/wp\/v2\/categories?post=8086"},{"taxonomy":"post_tag","embeddable":true,"href":"https:\/\/www.bmaq.org\/fr\/wp-json\/wp\/v2\/tags?post=8086"}],"curies":[{"name":"wp","href":"https:\/\/api.w.org\/{rel}","templated":true}]}}