{"id":8077,"date":"2023-03-13T00:00:00","date_gmt":"2023-03-12T21:00:00","guid":{"rendered":"https:\/\/www.bmaq.org\/2023\/03\/13\/la-cause-palestinienne-au-coeur-des-entretiens-du-president-de-la-chambre-des-conseillers-et-du-president-du-conseil-national-palestinien\/"},"modified":"2023-03-13T00:00:00","modified_gmt":"2023-03-12T21:00:00","slug":"la-cause-palestinienne-au-coeur-des-entretiens-du-president-de-la-chambre-des-conseillers-et-du-president-du-conseil-national-palestinien","status":"publish","type":"post","link":"https:\/\/www.bmaq.org\/fr\/2023\/03\/13\/la-cause-palestinienne-au-coeur-des-entretiens-du-president-de-la-chambre-des-conseillers-et-du-president-du-conseil-national-palestinien\/","title":{"rendered":"La cause palestinienne au c\u0153ur des entretiens du pr\u00e9sident de la Chambre des conseillers et du pr\u00e9sident du Conseil national palestinien\u00a0"},"content":{"rendered":"\n<p>13 mars 2023&nbsp;&nbsp;<\/p>\n\n\n\n<p>Manama &#8211; Le pr\u00e9sident de la Chambre des conseillers, Enaam Mayara, s&rsquo;est entretenu avec le pr\u00e9sident du Conseil national palestinien, Rawhi Fattouh, en marge des travaux de la 146e Assembl\u00e9e g\u00e9n\u00e9rale de l&rsquo;Union interparlementaire (UIP), qui se tient du 11 au 15 mars dans la capitale bahre\u00efnie, Manama.&nbsp;<\/p>\n\n\n\n<p>Au cours de cette rencontre, M. Mayara a r\u00e9affirm\u00e9 que le Royaume du Maroc, sous la sage conduite et les sages orientations de Sa Majest\u00e9 le Roi Mohammed VI, que Dieu L&rsquo;assiste, place la cause palestinienne et Al-Qods Al-Charif au premier rang de ses priorit\u00e9s, et la consid\u00e8re m\u00eame comme sa premi\u00e8re question nationale apr\u00e8s la question de l&rsquo;int\u00e9grit\u00e9 territoriale.&nbsp;<\/p>\n\n\n\n<p>Il a rappel\u00e9, \u00e0 cet \u00e9gard, le r\u00f4le de SM le Roi, en sa qualit\u00e9 de Pr\u00e9sident du Comit\u00e9 Al-Qods, dans la poursuite du soutien aux Maqdessis gr\u00e2ce au travail de terrain intensif de l&rsquo;Agence Bayt Mal Al-Qods Al-Charif, appelant \u00e0 pr\u00e9server le statut sp\u00e9cial de la Ville Sainte d&rsquo;Al-Qods Al-Charif et \u00e0 prot\u00e9ger son cachet islamique et la sacralit\u00e9 de la mosqu\u00e9e al-Aqsa.&nbsp;&nbsp;&nbsp;<\/p>\n\n\n\n<p>Dans ce contexte, le pr\u00e9sident de la Chambre des conseillers a soulign\u00e9 que l&rsquo;Agence Bayt Mal Al-Qods Al-Charif constitue un mod\u00e8le unique de travail de terrain et de soutien pratique aux Maqdessis par le biais de services dans des domaines de base tels que la sant\u00e9, l&rsquo;\u00e9ducation et le logement.&nbsp;<\/p>\n\n\n\n<p>Il a \u00e9galement soulign\u00e9 l&rsquo;\u00e9tendue de l&rsquo;attachement du peuple marocain \u00e0 la cause palestinienne, affirmant que la relation entre le Maroc et la Palestine est une relation solide bas\u00e9e sur des fondements historiques et spirituels bien enracin\u00e9s.&nbsp;<\/p>\n\n\n\n<p>Sur le plan parlementaire, M. Mayara a mis en avant que le parlement marocain n&rsquo;a m\u00e9nag\u00e9 aucun effort pour d\u00e9fendre en permanence la cause palestinienne et lui apporter son soutien par des positions exprim\u00e9es au sein des unions et assembl\u00e9es parlementaires locales, r\u00e9gionales, continentales et internationales.&nbsp;<\/p>\n\n\n\n<p>Pour sa part, le pr\u00e9sident du Conseil national palestinien a exprim\u00e9 sa reconnaissance et sa haute gratitude pour le grand r\u00f4le jou\u00e9 par Sa Majest\u00e9 le Roi Mohammed VI, en Sa qualit\u00e9 de Pr\u00e9sident du Comit\u00e9 Al-Qods, et Son soutien continu \u00e0 la cause palestinienne, rappelant, par la m\u00eame occasion, les positions constantes du Maroc sur la question palestinienne dans tous les \u00e9v\u00e9nements et forums r\u00e9gionaux et internationaux.&nbsp;<\/p>\n\n\n\n<p>M. Fattouh a salu\u00e9 les initiatives et projets fondamentaux entrepris par l&rsquo;Agence Bayt Mal Al-Qods Al-Charif dans les domaines de la sant\u00e9, du logement et de l&rsquo;\u00e9ducation, soulignant, \u00e0 cet \u00e9gard, la n\u00e9cessit\u00e9 pour les pays islamiques de se joindre aux efforts du Royaume du Maroc.&nbsp;<\/p>\n\n\n\n<p>Il a relev\u00e9 qu&rsquo;autant le peuple marocain, avec toutes ses composantes, s&rsquo;unit pour la question de son int\u00e9grit\u00e9 territoriale, il s&rsquo;unit aussi pour soutenir la cause palestinienne, confirmant, dans ce contexte, son soutien \u00e0 l&rsquo;int\u00e9grit\u00e9 territoriale du Royaume du Maroc.&nbsp;<\/p>\n\n\n\n<p>A l&rsquo;issue de cette entrevue, les deux parties ont convenu d&rsquo;\u00e9changer des visites parlementaires afin de consolider la coop\u00e9ration parlementaire entre les deux institutions l\u00e9gislatives et de renforcer le dialogue, la coordination et l&rsquo;\u00e9change d&rsquo;expertises et d&rsquo;exp\u00e9riences dans divers domaines du travail parlementaire.&nbsp;<\/p>\n\n\n\n<p>\/\/&nbsp;<\/p>\n\n\n\n<p>MAP&nbsp;<\/p>\n","protected":false},"excerpt":{"rendered":"<p>13 mars 2023&nbsp;&nbsp; Manama &#8211; Le pr\u00e9sident de la Chambre des conseillers, Enaam Mayara, s&rsquo;est entretenu avec le pr\u00e9sident du Conseil national palestinien, Rawhi Fattouh, en marge des travaux de la 146e Assembl\u00e9e g\u00e9n\u00e9rale de l&rsquo;Union interparlementaire (UIP), qui se tient du 11 au 15 mars dans la capitale bahre\u00efnie, Manama.&nbsp; Au cours de cette&hellip;<\/p>\n","protected":false},"author":1,"featured_media":8078,"comment_status":"open","ping_status":"open","sticky":false,"template":"","format":"standard","meta":{"inline_featured_image":false,"footnotes":""},"categories":[19],"tags":[],"class_list":["post-8077","post","type-post","status-publish","format-standard","has-post-thumbnail","hentry","category-informations","category-19","description-off"],"_links":{"self":[{"href":"https:\/\/www.bmaq.org\/fr\/wp-json\/wp\/v2\/posts\/8077","targetHints":{"allow":["GET"]}}],"collection":[{"href":"https:\/\/www.bmaq.org\/fr\/wp-json\/wp\/v2\/posts"}],"about":[{"href":"https:\/\/www.bmaq.org\/fr\/wp-json\/wp\/v2\/types\/post"}],"author":[{"embeddable":true,"href":"https:\/\/www.bmaq.org\/fr\/wp-json\/wp\/v2\/users\/1"}],"replies":[{"embeddable":true,"href":"https:\/\/www.bmaq.org\/fr\/wp-json\/wp\/v2\/comments?post=8077"}],"version-history":[{"count":0,"href":"https:\/\/www.bmaq.org\/fr\/wp-json\/wp\/v2\/posts\/8077\/revisions"}],"wp:featuredmedia":[{"embeddable":true,"href":"https:\/\/www.bmaq.org\/fr\/wp-json\/wp\/v2\/media\/8078"}],"wp:attachment":[{"href":"https:\/\/www.bmaq.org\/fr\/wp-json\/wp\/v2\/media?parent=8077"}],"wp:term":[{"taxonomy":"category","embeddable":true,"href":"https:\/\/www.bmaq.org\/fr\/wp-json\/wp\/v2\/categories?post=8077"},{"taxonomy":"post_tag","embeddable":true,"href":"https:\/\/www.bmaq.org\/fr\/wp-json\/wp\/v2\/tags?post=8077"}],"curies":[{"name":"wp","href":"https:\/\/api.w.org\/{rel}","templated":true}]}}