{"id":8069,"date":"2023-04-05T00:00:00","date_gmt":"2023-04-04T21:00:00","guid":{"rendered":"https:\/\/www.bmaq.org\/2023\/04\/05\/lorganisation-arabe-internationale-pour-la-reconstruction-et-lassociation-marocaine-dappui-a-la-reconstruction-en-palestine-saluent-les-efforts-de-lagence-bayt-mal-al-qods-pour-soutenir-les-maqdes\/"},"modified":"2023-04-05T00:00:00","modified_gmt":"2023-04-04T21:00:00","slug":"lorganisation-arabe-internationale-pour-la-reconstruction-et-lassociation-marocaine-dappui-a-la-reconstruction-en-palestine-saluent-les-efforts-de-lagence-bayt-mal-al-qods-pour-soutenir-les-maqdes","status":"publish","type":"post","link":"https:\/\/www.bmaq.org\/fr\/2023\/04\/05\/lorganisation-arabe-internationale-pour-la-reconstruction-et-lassociation-marocaine-dappui-a-la-reconstruction-en-palestine-saluent-les-efforts-de-lagence-bayt-mal-al-qods-pour-soutenir-les-maqdes\/","title":{"rendered":"L&rsquo;Organisation arabe internationale pour la reconstruction et l&rsquo;Association marocaine d&rsquo;appui \u00e0 la reconstruction en Palestine saluent les efforts de l&rsquo;Agence Bayt Mal Al-Qods pour soutenir les Maqdessis\u00a0"},"content":{"rendered":"\n<p>05 avril 2023&nbsp;&nbsp;<\/p>\n\n\n\n<p>Al-Qods &#8211; L&rsquo;Organisation arabe internationale pour la reconstruction et l&rsquo;Association marocaine d&rsquo;appui \u00e0 la Reconstruction en Palestine ont salu\u00e9 \u00ables efforts g\u00e9n\u00e9reux et les grandes actions\u00bb men\u00e9es par l&rsquo;Agence Bayt Mal Al-Qods Acharif ces derniers jours \u00e0 Al-Qods \u00e0 travers le programme qu&rsquo;elle a lanc\u00e9 \u00e0 l&rsquo;occasion du mois b\u00e9ni de Ramadan sous le patronage de Sa Majest\u00e9 le Roi Mohammed VI, Pr\u00e9sident du Comit\u00e9 Al-Qods.&nbsp;<\/p>\n\n\n\n<p>Dans deux lettres qu&rsquo;elles ont envoy\u00e9es \u00e0 l&rsquo;Agence, les deux instances ont lou\u00e9 les efforts pionniers de cette institution pour aider les habitants d&rsquo;Al-Qods et soutenir leur r\u00e9sistance.&nbsp;<\/p>\n\n\n\n<p>L&rsquo;organisation arabe internationale pour la reconstruction en Palestine, dont le si\u00e8ge est bas\u00e9 en Jordanie, a soulign\u00e9 que \u00ables membres du conseil d&rsquo;administration de l&rsquo;organisation dans divers pays ont exprim\u00e9 leur reconnaissance et leur appr\u00e9ciation pour les programmes de l&rsquo;Agence qui ont un impact direct sur nos familles \u00e0 Al-Qods\u00bb.&nbsp;<\/p>\n\n\n\n<p>Elle a ajout\u00e9 : \u00ab\u00a0Nous, au sein de l\u2019organisation, consid\u00e9rons que ce que fait l&rsquo;Agence \u00e0 Al-Qods est un travail pionnier et un effort b\u00e9ni et bon. Il ne fait aucun doute que son impact est grand sur les Maqdessis, leur r\u00e9sistance et leur d\u00e9termination\u00a0\u00bb.&nbsp;<\/p>\n\n\n\n<p>Pour sa part, l&rsquo;Association marocaine d&rsquo;appui \u00e0 la reconstruction en Palestine a indiqu\u00e9 dans son message \u00e0 l&rsquo;Agence que le programme de soutien au Ramadan a \u00e9t\u00e9 lanc\u00e9 il y a quelques semaines en organisant la nuit b\u00e9nie de la charit\u00e9, au cours de laquelle la contribution a \u00e9t\u00e9 vers\u00e9e au profit du programme Ramadan de l&rsquo;Agence \u00e0 Al-Qods.&nbsp;<\/p>\n\n\n\n<p>L&rsquo;Association a indiqu\u00e9 que le soutien g\u00e9n\u00e9reux apport\u00e9 par l&rsquo;Agence aux habitants d\u2019Al-Qods \u00e0 l&rsquo;occasion du mois sacr\u00e9 \u00e0 travers le processus d&rsquo;assistance sociale destin\u00e9 aux Maqdessis n\u00e9cessiteux, ainsi que la joyeuse c\u00e9r\u00e9monie d\u00e9di\u00e9e \u00e0 l&rsquo;allumage de la lanterne du Ramadan, ont apport\u00e9 joie et bonheur au habitants d\u2019Al-Qods, comme l\u2019ont soulign\u00e9 des membres de la soci\u00e9t\u00e9 civile d\u2019Al-Qods et un nombre important de personnalit\u00e9s et de symboles de la Ville Sainte.&nbsp;<\/p>\n\n\n\n<p>Elle a mis en avant que \u00ab\u00a0ces efforts g\u00e9n\u00e9reux, qui expriment la profondeur de la solidarit\u00e9 marocaine avec notre peuple en Palestine, contribuent grandement \u00e0 soutenir la r\u00e9sistances des Maqdessis et \u00e0 renforcer leur attachement \u00e0 leur terre, et \u00e0 rendre les liens entre les deux peuples de plus en plus forts\u00a0\u00bb, notant que les Marocains doivent \u00eatre fiers des grandes initiatives de l&rsquo;Agence.&nbsp;<\/p>\n\n\n\n<p>\/\/&nbsp;<\/p>\n\n\n\n<p>MAP&nbsp;<\/p>\n","protected":false},"excerpt":{"rendered":"<p>05 avril 2023&nbsp;&nbsp; Al-Qods &#8211; L&rsquo;Organisation arabe internationale pour la reconstruction et l&rsquo;Association marocaine d&rsquo;appui \u00e0 la Reconstruction en Palestine ont salu\u00e9 \u00ables efforts g\u00e9n\u00e9reux et les grandes actions\u00bb men\u00e9es par l&rsquo;Agence Bayt Mal Al-Qods Acharif ces derniers jours \u00e0 Al-Qods \u00e0 travers le programme qu&rsquo;elle a lanc\u00e9 \u00e0 l&rsquo;occasion du mois b\u00e9ni de Ramadan&hellip;<\/p>\n","protected":false},"author":1,"featured_media":8070,"comment_status":"open","ping_status":"open","sticky":false,"template":"","format":"standard","meta":{"inline_featured_image":false,"footnotes":""},"categories":[19],"tags":[],"class_list":["post-8069","post","type-post","status-publish","format-standard","has-post-thumbnail","hentry","category-informations","category-19","description-off"],"_links":{"self":[{"href":"https:\/\/www.bmaq.org\/fr\/wp-json\/wp\/v2\/posts\/8069","targetHints":{"allow":["GET"]}}],"collection":[{"href":"https:\/\/www.bmaq.org\/fr\/wp-json\/wp\/v2\/posts"}],"about":[{"href":"https:\/\/www.bmaq.org\/fr\/wp-json\/wp\/v2\/types\/post"}],"author":[{"embeddable":true,"href":"https:\/\/www.bmaq.org\/fr\/wp-json\/wp\/v2\/users\/1"}],"replies":[{"embeddable":true,"href":"https:\/\/www.bmaq.org\/fr\/wp-json\/wp\/v2\/comments?post=8069"}],"version-history":[{"count":0,"href":"https:\/\/www.bmaq.org\/fr\/wp-json\/wp\/v2\/posts\/8069\/revisions"}],"wp:featuredmedia":[{"embeddable":true,"href":"https:\/\/www.bmaq.org\/fr\/wp-json\/wp\/v2\/media\/8070"}],"wp:attachment":[{"href":"https:\/\/www.bmaq.org\/fr\/wp-json\/wp\/v2\/media?parent=8069"}],"wp:term":[{"taxonomy":"category","embeddable":true,"href":"https:\/\/www.bmaq.org\/fr\/wp-json\/wp\/v2\/categories?post=8069"},{"taxonomy":"post_tag","embeddable":true,"href":"https:\/\/www.bmaq.org\/fr\/wp-json\/wp\/v2\/tags?post=8069"}],"curies":[{"name":"wp","href":"https:\/\/api.w.org\/{rel}","templated":true}]}}