{"id":8063,"date":"2023-03-08T00:00:00","date_gmt":"2023-03-07T21:00:00","guid":{"rendered":"https:\/\/www.bmaq.org\/2023\/03\/08\/un-comite-ministeriel-arabe-salue-les-efforts-continus-de-sm-le-roi-pour-defendre-al-qods-al-charif\/"},"modified":"2023-03-08T00:00:00","modified_gmt":"2023-03-07T21:00:00","slug":"un-comite-ministeriel-arabe-salue-les-efforts-continus-de-sm-le-roi-pour-defendre-al-qods-al-charif","status":"publish","type":"post","link":"https:\/\/www.bmaq.org\/fr\/2023\/03\/08\/un-comite-ministeriel-arabe-salue-les-efforts-continus-de-sm-le-roi-pour-defendre-al-qods-al-charif\/","title":{"rendered":"Un Comit\u00e9 minist\u00e9riel arabe salue les efforts continus de SM le Roi pour d\u00e9fendre Al-Qods Al-Charif\u00a0"},"content":{"rendered":"\n<p>08 mars 2023&nbsp;&nbsp;<\/p>\n\n\n\n<p>Le Caire &#8211; Le Comit\u00e9 minist\u00e9riel arabe charg\u00e9 de l&rsquo;action internationale pour faire face aux politiques et mesures isra\u00e9liennes ill\u00e9gales dans la ville occup\u00e9e d&rsquo;Al-Qods, a salu\u00e9 les efforts continus d\u00e9ploy\u00e9s par Sa Majest\u00e9 le Roi Mohammed VI, Pr\u00e9sident du Comit\u00e9 Al-Qods, pour d\u00e9fendre la Ville Sainte.&nbsp;<\/p>\n\n\n\n<p>Dans un communiqu\u00e9, qui a sanctionn\u00e9 ses travaux, mercredi au Caire, en marge de la r\u00e9union du Conseil de la Ligue arabe au niveau des ministres des Affaires \u00e9trang\u00e8res, le Comit\u00e9 minist\u00e9riel arabe a lou\u00e9 les projets men\u00e9s par l&rsquo;Agence Bayt Mal Al-Qods Al-Charif, le bras ex\u00e9cutif du Comit\u00e9 Al-Qods, sous la supervision de Sa Majest\u00e9 le Roi, pour garantir la stabilit\u00e9 des habitants de la Ville Sainte dans leur terre et le soutien de leur r\u00e9sistance.&nbsp;<\/p>\n\n\n\n<p>Le Comit\u00e9 minist\u00e9riel comprend les ministres des affaires \u00e9trang\u00e8res de la Jordanie, en tant que pr\u00e9sident, et ceux des membres, le Maroc, l&rsquo;Alg\u00e9rie, l&rsquo;Arabie saoudite, la Palestine, le Qatar, l&rsquo;\u00c9gypte, la Tunisie et les \u00c9mirats arabes unis, en sa qualit\u00e9 de membre arabe du Conseil de s\u00e9curit\u00e9, ainsi que le Secr\u00e9taire g\u00e9n\u00e9ral de la Ligue des \u00c9tats arabes.&nbsp;<\/p>\n\n\n\n<p>&nbsp;Les ministres arabes ont mis l&rsquo;accent sur la poursuite et le renforcement de l&rsquo;action arabe commune pour faire face aux mesures isra\u00e9liennes visant \u00e0 modifier le statu quo historique et juridique d&rsquo;Al-Qods et ses Lieux Saints islamiques et chr\u00e9tiens, ainsi que sur les efforts visant \u00e0 pr\u00e9server son identit\u00e9 arabe, islamique et chr\u00e9tienne et \u00e0 arr\u00eater les mesures unilat\u00e9rales qui compromettent la solution \u00e0 deux \u00c9tats, ainsi que les mesures provocatrices qui conduisent \u00e0 la tension et \u00e0 l&rsquo;\u00e9ruption de la violence.&nbsp;<\/p>\n\n\n\n<p>Ils ont \u00e9galement mis l&rsquo;accent sur la n\u00e9cessit\u00e9 de soutenir la lutte de la population de la ville d&rsquo;Al-Qods et de la prot\u00e9ger contre le danger constant pos\u00e9 par la politique de construction de colonies et leur extension, la destruction de maisons, la confiscation des terres et l&rsquo;expulsion des Palestiniens de leurs logements.&nbsp;<\/p>\n\n\n\n<p>Les ministres arabes ont \u00e9galement appel\u00e9 \u00e0 la poursuite de l&rsquo;action commune pour faire face aux politiques isra\u00e9liennes ill\u00e9gales, qui constituent une violation flagrante du Droit international et qui sont incompatibles avec le droit des Palestiniens \u00e0 vivre en libert\u00e9 et en s\u00e9curit\u00e9 au sein d&rsquo;un \u00c9tat ind\u00e9pendant, souverain et g\u00e9ographiquement viable.&nbsp;<\/p>\n\n\n\n<p>Les ministres ont r\u00e9affirm\u00e9 qu&rsquo;Al Qods-Est est la capitale de l&rsquo;\u00c9tat palestinien et exprim\u00e9 leur rejet de toute tentative de d\u00e9roger au droit \u00e0 la souverainet\u00e9 palestinienne sur celle-ci, ainsi que de toute mesure unilat\u00e9rale affectant le statut juridique de la Ville sainte et la n\u00e9cessit\u00e9 d&rsquo;adh\u00e9rer au principe d&rsquo;une paix juste et globale conditionn\u00e9e \u00e0 la fin de l&rsquo;occupation, et l&rsquo;incarnation de l&rsquo;\u00c9tat palestinien ind\u00e9pendant et souverain, avec Al-Qods occup\u00e9e comme capitale, sur les lignes du 4 juin 1967, sur la base de la solution \u00e0 deux \u00c9tats, et ce conform\u00e9ment au Droit international et \u00e0 l&rsquo;Initiative de paix arabe.&nbsp;<\/p>\n\n\n\n<p>Le Maroc \u00e9tait repr\u00e9sent\u00e9 \u00e0 cette rencontre par l&rsquo;ambassadeur du Royaume en Egypte et son repr\u00e9sentant permanent aupr\u00e8s de la Ligue arabe, Ahmed Tazi.&nbsp;<\/p>\n\n\n\n<p>\/\/&nbsp;<\/p>\n\n\n\n<p>MAP&nbsp;<\/p>\n","protected":false},"excerpt":{"rendered":"<p>08 mars 2023&nbsp;&nbsp; Le Caire &#8211; Le Comit\u00e9 minist\u00e9riel arabe charg\u00e9 de l&rsquo;action internationale pour faire face aux politiques et mesures isra\u00e9liennes ill\u00e9gales dans la ville occup\u00e9e d&rsquo;Al-Qods, a salu\u00e9 les efforts continus d\u00e9ploy\u00e9s par Sa Majest\u00e9 le Roi Mohammed VI, Pr\u00e9sident du Comit\u00e9 Al-Qods, pour d\u00e9fendre la Ville Sainte.&nbsp; Dans un communiqu\u00e9, qui a&hellip;<\/p>\n","protected":false},"author":1,"featured_media":7957,"comment_status":"open","ping_status":"open","sticky":false,"template":"","format":"standard","meta":{"inline_featured_image":false,"footnotes":""},"categories":[19],"tags":[],"class_list":["post-8063","post","type-post","status-publish","format-standard","has-post-thumbnail","hentry","category-informations","category-19","description-off"],"_links":{"self":[{"href":"https:\/\/www.bmaq.org\/fr\/wp-json\/wp\/v2\/posts\/8063","targetHints":{"allow":["GET"]}}],"collection":[{"href":"https:\/\/www.bmaq.org\/fr\/wp-json\/wp\/v2\/posts"}],"about":[{"href":"https:\/\/www.bmaq.org\/fr\/wp-json\/wp\/v2\/types\/post"}],"author":[{"embeddable":true,"href":"https:\/\/www.bmaq.org\/fr\/wp-json\/wp\/v2\/users\/1"}],"replies":[{"embeddable":true,"href":"https:\/\/www.bmaq.org\/fr\/wp-json\/wp\/v2\/comments?post=8063"}],"version-history":[{"count":0,"href":"https:\/\/www.bmaq.org\/fr\/wp-json\/wp\/v2\/posts\/8063\/revisions"}],"wp:featuredmedia":[{"embeddable":true,"href":"https:\/\/www.bmaq.org\/fr\/wp-json\/wp\/v2\/media\/7957"}],"wp:attachment":[{"href":"https:\/\/www.bmaq.org\/fr\/wp-json\/wp\/v2\/media?parent=8063"}],"wp:term":[{"taxonomy":"category","embeddable":true,"href":"https:\/\/www.bmaq.org\/fr\/wp-json\/wp\/v2\/categories?post=8063"},{"taxonomy":"post_tag","embeddable":true,"href":"https:\/\/www.bmaq.org\/fr\/wp-json\/wp\/v2\/tags?post=8063"}],"curies":[{"name":"wp","href":"https:\/\/api.w.org\/{rel}","templated":true}]}}