{"id":8059,"date":"2023-03-21T00:00:00","date_gmt":"2023-03-20T21:00:00","guid":{"rendered":"https:\/\/www.bmaq.org\/2023\/03\/21\/barid-al-maghrib-emet-un-timbre-poste-pour-commemorer-le-jubile-dargent-de-lagence-bayt-mal-al-qods-acharif\/"},"modified":"2023-03-21T00:00:00","modified_gmt":"2023-03-20T21:00:00","slug":"barid-al-maghrib-emet-un-timbre-poste-pour-commemorer-le-jubile-dargent-de-lagence-bayt-mal-al-qods-acharif","status":"publish","type":"post","link":"https:\/\/www.bmaq.org\/fr\/2023\/03\/21\/barid-al-maghrib-emet-un-timbre-poste-pour-commemorer-le-jubile-dargent-de-lagence-bayt-mal-al-qods-acharif\/","title":{"rendered":"Barid Al-Maghrib \u00e9met un timbre-poste pour comm\u00e9morer le Jubil\u00e9 d&rsquo;argent de l\u2019Agence Bayt Mal Al Qods Acharif \u00a0"},"content":{"rendered":"\n<p>21 mars 2023<\/p>\n\n\n\n<p>Rabat &#8211; Le Groupe Barid Al-Maghrib a lanc\u00e9, en partenariat avec l\u2019Agence Bayt Mal Al Qods Acharif, une \u00e9mission de timbre-poste comm\u00e9morant le 25\u00e8me anniversaire de cette institution.&nbsp;<\/p>\n\n\n\n<p>Une c\u00e9r\u00e9monie de d\u00e9voilement de cette \u00e9mission sp\u00e9ciale a \u00e9t\u00e9 organis\u00e9e, lundi au Si\u00e8ge de l\u2019Agence Bayt Mal Al Qods Acharif \u00e0 Rabat, dans le cadre d\u2019une exposition artistique organis\u00e9e par l\u2019Agence, sous le Haut patronage de SM le Roi Mohammed VI, sous le th\u00e8me \u00ab\u00a0La po\u00e9sie aux couleurs d\u2019Al Qods: po\u00e8mes aux couleurs des plumes d\u2019artistes plasticiens\u00a0\u00bb, indique un communiqu\u00e9 du Groupe Barid Al-Maghrib.&nbsp;<\/p>\n\n\n\n<p>\u00ab\u00a0Ce timbre-poste illustre une superposition des symboles religieux de la ville d\u2019Al-Qods, \u00e0 savoir le D\u00f4me du Rocher et Al Masjid Al-Aqsa ainsi que le drapeau palestinien qui appara\u00eet sur le fond du timbre\u00a0\u00bb, explique la m\u00eame source, ajoutant que \u00ab\u00a0le logo de la comm\u00e9moration, quant \u00e0 lui, met en exergue le 25\u00e8me anniversaire de l\u2019Agence Bayt Mal Al Qods Acharif\u00a0\u00bb.&nbsp;<\/p>\n\n\n\n<p>Cette c\u00e9r\u00e9monie a \u00e9t\u00e9 marqu\u00e9e par la pr\u00e9sence de Mohammed Mehdi Bensaid, ministre de la Jeunesse, de la Culture et de la Communication, Jamal Choubki, ambassadeur de l\u2019\u00c9tat de Palestine au Maroc, Jumana Ghneimat, ambassadrice du Royaume hach\u00e9mite de Jordanie au Maroc, Mohammed Salem Cherkaoui, directeur charg\u00e9 de la gestion de l\u2019Agence Bayt Mal Al Qods Acharif et Amin Benjelloun Touimi, directeur g\u00e9n\u00e9ral du Groupe Barid Al-Maghrib, fait savoir le communiqu\u00e9.&nbsp;<\/p>\n\n\n\n<p>Cette nouvelle \u00e9mission sp\u00e9ciale vient enrichir la collection des timbres-poste d\u00e9di\u00e9e \u00e0 la th\u00e9matique d\u2019Al Qods, qui comprend notamment \u00ab\u00a0Al Qods, capitale de la Palestine\u00a0\u00bb en 2019, \u00ab\u00a0Al Qods, capitale de la culture arabe\u00a0\u00bb en 2009, \u00ab\u00a0Jumelage Al Qods-F\u00e8s\u00a0\u00bb et \u00ab\u00a0Au bien-\u00eatre des familles des martyrs et des combattants pour la libert\u00e9 de la Palestine\u00a0\u00bb en 1984 ou encore \u00ab\u00a0Semaine de la Palestine\u00a0\u00bb en 1966, conclut le communiqu\u00e9.&nbsp;<\/p>\n\n\n\n<p>\/\/&nbsp;<\/p>\n\n\n\n<p>MAP&nbsp;<\/p>\n","protected":false},"excerpt":{"rendered":"<p>21 mars 2023 Rabat &#8211; Le Groupe Barid Al-Maghrib a lanc\u00e9, en partenariat avec l\u2019Agence Bayt Mal Al Qods Acharif, une \u00e9mission de timbre-poste comm\u00e9morant le 25\u00e8me anniversaire de cette institution.&nbsp; Une c\u00e9r\u00e9monie de d\u00e9voilement de cette \u00e9mission sp\u00e9ciale a \u00e9t\u00e9 organis\u00e9e, lundi au Si\u00e8ge de l\u2019Agence Bayt Mal Al Qods Acharif \u00e0 Rabat, dans&hellip;<\/p>\n","protected":false},"author":1,"featured_media":8060,"comment_status":"open","ping_status":"open","sticky":false,"template":"","format":"standard","meta":{"inline_featured_image":false,"footnotes":""},"categories":[19],"tags":[],"class_list":["post-8059","post","type-post","status-publish","format-standard","has-post-thumbnail","hentry","category-informations","category-19","description-off"],"_links":{"self":[{"href":"https:\/\/www.bmaq.org\/fr\/wp-json\/wp\/v2\/posts\/8059","targetHints":{"allow":["GET"]}}],"collection":[{"href":"https:\/\/www.bmaq.org\/fr\/wp-json\/wp\/v2\/posts"}],"about":[{"href":"https:\/\/www.bmaq.org\/fr\/wp-json\/wp\/v2\/types\/post"}],"author":[{"embeddable":true,"href":"https:\/\/www.bmaq.org\/fr\/wp-json\/wp\/v2\/users\/1"}],"replies":[{"embeddable":true,"href":"https:\/\/www.bmaq.org\/fr\/wp-json\/wp\/v2\/comments?post=8059"}],"version-history":[{"count":0,"href":"https:\/\/www.bmaq.org\/fr\/wp-json\/wp\/v2\/posts\/8059\/revisions"}],"wp:featuredmedia":[{"embeddable":true,"href":"https:\/\/www.bmaq.org\/fr\/wp-json\/wp\/v2\/media\/8060"}],"wp:attachment":[{"href":"https:\/\/www.bmaq.org\/fr\/wp-json\/wp\/v2\/media?parent=8059"}],"wp:term":[{"taxonomy":"category","embeddable":true,"href":"https:\/\/www.bmaq.org\/fr\/wp-json\/wp\/v2\/categories?post=8059"},{"taxonomy":"post_tag","embeddable":true,"href":"https:\/\/www.bmaq.org\/fr\/wp-json\/wp\/v2\/tags?post=8059"}],"curies":[{"name":"wp","href":"https:\/\/api.w.org\/{rel}","templated":true}]}}