{"id":8050,"date":"2023-04-18T00:00:00","date_gmt":"2023-04-17T21:00:00","guid":{"rendered":"https:\/\/www.bmaq.org\/2023\/04\/18\/lagence-bayt-mal-al-qods-al-sharif-lance-linitiative-portes-ouvertes-dal-qods\/"},"modified":"2023-04-18T00:00:00","modified_gmt":"2023-04-17T21:00:00","slug":"lagence-bayt-mal-al-qods-al-sharif-lance-linitiative-portes-ouvertes-dal-qods","status":"publish","type":"post","link":"https:\/\/www.bmaq.org\/fr\/2023\/04\/18\/lagence-bayt-mal-al-qods-al-sharif-lance-linitiative-portes-ouvertes-dal-qods\/","title":{"rendered":"L&rsquo;Agence Bayt Mal Al-Qods Al-Sharif lance l&rsquo;initiative \u00ab\u00a0Portes ouvertes d\u2019Al-Qods\u00a0\u00bb"},"content":{"rendered":"\n<p>Rabat, le 18 avril 2023<\/p>\n\n\n\n<p>Dans le cadre des activit\u00e9s de comm\u00e9moration de l&rsquo;Agence Bayt Mal Al-Qods Al-Sharif pour son jubil\u00e9 d&rsquo;argent, sous le Haut Patronage de Sa Majest\u00e9 le Roi Mohammed VI, Pr\u00e9sident du Comit\u00e9 Al-Qods, l\u2019Agence a lanc\u00e9 ce mardi (18 avril 2023) l&rsquo;initiative \u00ab\u00a0Portes ouvertes d\u2019Al-Qods\u00a0\u00bb, et a annonc\u00e9 l&rsquo;ouverture de ses portes aux \u00e9l\u00e8ves d\u2019\u00e9coles scolaires, aux institutions, aux associations et au grand public int\u00e9ress\u00e9s, pour visiter les expositions organis\u00e9es dans les locaux de l\u2019Agence situ\u00e9 \u00e0 hay Riyad \u00e0 Rabat.<\/p>\n\n\n\n<p>La premi\u00e8re de ces visites a \u00e9t\u00e9 inaugur\u00e9e au profit des \u00e9l\u00e8ves de l\u2019institution Badr pour l&rsquo;\u00e9ducation et l\u2019enseignement priv\u00e9, et des jeunes de l&rsquo;association \u00ab Amal \u00bb \u00e0 Sal\u00e9, qui ont visit\u00e9 l&rsquo;exposition permanente des arts et de la culture palestinienne, et l\u2019exposition de \u00abLa po\u00e9sie aux couleurs d\u2019Al-Qods : traits des po\u00e8tes par les plumes des plasticiens\u00bb, qui se tient au si\u00e8ge de l&rsquo;Agence dans le cadre des expositions th\u00e9matiques qu&rsquo;elle organise r\u00e9guli\u00e8rement en art plastique, sculpture et photographie.<\/p>\n\n\n\n<p>Un communiqu\u00e9 publi\u00e9 par l&rsquo;Agence \u00e0 cette occasion, intitul\u00e9 \u00ab\u00a0Les portes ouvertes d\u2019Al-Qods \u00ab\u00a0, indique que l&rsquo;Agence s&rsquo;est adress\u00e9e aux institutions concern\u00e9es de la capitale, Rabat, pour les inclure dans la liste des diff\u00e9rentes stations de la ville, qui peuvent pr\u00e9senter au public une image du mod\u00e8le marocain unique de tol\u00e9rance, de dialogue et de coexistence, et contribuera \u00e0 soutenir le projet de Rabat, ville des lumi\u00e8res, capitale africaine de la culture et capitale culturelle du monde islamique.<\/p>\n\n\n\n<p>Le communiqu\u00e9 ajoute que l&rsquo;Agence travaille dans le cadre de ses comp\u00e9tences \u00e0 relier la ville de Rabat \u00e0 Al-Qods, \u00e0 renforcer les ponts qui ont toujours li\u00e9 tous les Marocains \u00e0 la Ville Sainte et \u00e0 y investir la pr\u00e9sence marocaine, \u00e0 consolider le statut civilisationnel&nbsp; de la Ville Sainte et maintenir ses valeurs inclusives, en tant que Ville unificatrice et incubatrice pour tous les adeptes des trois religions monoth\u00e9istes conform\u00e9ment \u00e0 l&rsquo;esprit et aux objectifs de \u00ab\u00a0l&rsquo;Appel d\u2019Al-Qods\u00a0\u00bb, qui a \u00e9t\u00e9 sign\u00e9 par Amir Al Mouminine, Sa Majest\u00e9 le Roi Mohammed VI, Roi du Royaume du Maroc, Pr\u00e9sident du Comit\u00e9 Al-Qods, avec Sa Saintet\u00e9 le Pape Fran\u00e7ois, \u00e0 Rabat le 30 mars 2019.<\/p>\n\n\n\n<p>Et l&rsquo;agence a poursuivi dans son communiqu\u00e9 que Sa Majest\u00e9 le Roi Mohammed VI \u00ab\u00a0confirme toujours la ferme position marocaine sur la question palestinienne, et charge la diplomatie du Royaume de soutenir la position palestinienne, aux niveaux politique et juridique, dans diverses instances, et charge \u00e9galement l&rsquo;Agence Bayt Mal Al-Qods Al-Sharif de poursuivre le travail de terrain et la mise en \u0153uvre de projets sociaux et \u00e9conomiques concrets qui auront un impact sur la population \u00e0 travers ses institutions l\u00e9gitimes dans les secteurs de l&rsquo;\u00e9ducation, de la sant\u00e9, du logement, de la culture , arts, jeunesse et sports.<\/p>\n\n\n\n<p>Le communiqu\u00e9 indique aussi que l&rsquo;Agence \u00ab\u00a0accorde une attention particuli\u00e8re aux projets d&rsquo;autonomisation pour lib\u00e9rer les \u00e9nergies des femmes et des jeunes d\u2019Al-Qods et de ses enfants, et s&rsquo;occupe des projets de d\u00e9veloppement humain pour soutenir le tissu \u00e9conomique de la ville, qui a \u00e9t\u00e9 affect\u00e9 par les effets de la pand\u00e9mie de Covid-19 et des r\u00e9percussions de la crise des prix, \u00e0 la suite de la guerre russo-ukrainienne, et propose des programmes d\u2019animation communautaire et d&rsquo;autres services sociaux pour soutenir les familles n\u00e9cessiteuses pendant le mois de Ramadan et les occasions religieuses.<\/p>\n\n\n\n<p>L&rsquo;ouverture de l&rsquo;Agence sur son environnement, selon le communiqu\u00e9, \u00ab\u00a0ajoute une signification particuli\u00e8re \u00e0 la comm\u00e9moration de son jubil\u00e9 d&rsquo;argent, 25 ans apr\u00e8s son entr\u00e9e en fonction effective, \u00e0 l&rsquo;initiative du feu le Roi Hassan II, et constitue une opportunit\u00e9 pour \u00e9valuer ce qui a \u00e9t\u00e9 r\u00e9alis\u00e9 de projets qui ont d\u00e9pass\u00e9 200 grands projets avec un budget de 64 million de dollars, en plus des dizaines d&rsquo;initiatives et de petits et moyens projets qui ont \u00e9t\u00e9 mis en \u0153uvre au cours de cette p\u00e9riode.<\/p>\n\n\n\n<p>La m\u00eame source ajoute que l&rsquo;Agence regarde \u00ab\u00a0vers l&rsquo;avenir avec l&rsquo;espoir de surmonter certaines des contraintes qui emp\u00eachent l&rsquo;Agence de r\u00e9aliser toutes ses ambitions, notamment la question du financement, qui reste une question centrale sur laquelle la direction de l&rsquo;institution s&#8217;emploie \u00e0 surmonter en cr\u00e9ant des m\u00e9canismes innovants pour diversifier les sources de financement, notamment en ouvrant la porte aux dons via Internet et en s&rsquo;ouvrant aux communaut\u00e9s arabes et islamiques d&rsquo;Europe et d&rsquo;Am\u00e9rique.<\/p>\n\n\n\n<p>Le programme de la visite des deux d\u00e9l\u00e9gations comprenait une visite de la biblioth\u00e8que sp\u00e9cialis\u00e9e dans l&rsquo;histoire d\u2019Al-Qods et de la Palestine, le visionnage de courts m\u00e9trages documentaires sur la troisi\u00e8me session de la Simulation du Sommet international des enfants pour Al-Qods, des camps d&rsquo;\u00e9t\u00e9 pour les enfants d\u2019Al-Qods au Maroc, et l&rsquo;\u00e9change d&rsquo;\u00e9cussons comm\u00e9moratifs.<\/p>\n\n\n\n<p>Les membres des deux d\u00e9l\u00e9gations ont salu\u00e9 les efforts continus de l&rsquo;Agence au service de la Ville Sainte, et les enfants et les jeunes ont manifest\u00e9, \u00e0 travers cette visite, leur solidarit\u00e9 en acqu\u00e9rant des produits palestiniens expos\u00e9s au si\u00e8ge&nbsp;de&nbsp;l&rsquo;Agence.<\/p>\n\n\n\n<figure class=\"wp-block-image size-large\"><img decoding=\"async\" src=\"https:\/\/devprojects2022.lifemoz.com\/bmaq_old\/wp-content\/uploads\/2023\/04\/IMG-20230418-WA0075-1-1024x1024.jpg\" alt=\"\" class=\"wp-image-2996\"\/><\/figure>\n","protected":false},"excerpt":{"rendered":"<p>Rabat, le 18 avril 2023 Dans le cadre des activit\u00e9s de comm\u00e9moration de l&rsquo;Agence Bayt Mal Al-Qods Al-Sharif pour son jubil\u00e9 d&rsquo;argent, sous le Haut Patronage de Sa Majest\u00e9 le Roi Mohammed VI, Pr\u00e9sident du Comit\u00e9 Al-Qods, l\u2019Agence a lanc\u00e9 ce mardi (18 avril 2023) l&rsquo;initiative \u00ab\u00a0Portes ouvertes d\u2019Al-Qods\u00a0\u00bb, et a annonc\u00e9 l&rsquo;ouverture de ses&hellip;<\/p>\n","protected":false},"author":1,"featured_media":0,"comment_status":"open","ping_status":"open","sticky":false,"template":"","format":"standard","meta":{"inline_featured_image":false,"footnotes":""},"categories":[19],"tags":[],"class_list":["post-8050","post","type-post","status-publish","format-standard","hentry","category-informations","category-19","description-off"],"_links":{"self":[{"href":"https:\/\/www.bmaq.org\/fr\/wp-json\/wp\/v2\/posts\/8050","targetHints":{"allow":["GET"]}}],"collection":[{"href":"https:\/\/www.bmaq.org\/fr\/wp-json\/wp\/v2\/posts"}],"about":[{"href":"https:\/\/www.bmaq.org\/fr\/wp-json\/wp\/v2\/types\/post"}],"author":[{"embeddable":true,"href":"https:\/\/www.bmaq.org\/fr\/wp-json\/wp\/v2\/users\/1"}],"replies":[{"embeddable":true,"href":"https:\/\/www.bmaq.org\/fr\/wp-json\/wp\/v2\/comments?post=8050"}],"version-history":[{"count":0,"href":"https:\/\/www.bmaq.org\/fr\/wp-json\/wp\/v2\/posts\/8050\/revisions"}],"wp:attachment":[{"href":"https:\/\/www.bmaq.org\/fr\/wp-json\/wp\/v2\/media?parent=8050"}],"wp:term":[{"taxonomy":"category","embeddable":true,"href":"https:\/\/www.bmaq.org\/fr\/wp-json\/wp\/v2\/categories?post=8050"},{"taxonomy":"post_tag","embeddable":true,"href":"https:\/\/www.bmaq.org\/fr\/wp-json\/wp\/v2\/tags?post=8050"}],"curies":[{"name":"wp","href":"https:\/\/api.w.org\/{rel}","templated":true}]}}