{"id":8049,"date":"2023-03-29T00:00:00","date_gmt":"2023-03-28T21:00:00","guid":{"rendered":"https:\/\/www.bmaq.org\/2023\/03\/29\/des-personnalites-palestiniennes-mettent-en-avant-les-efforts-sinceres-de-lagence-bayt-mal-al-qods-pour-le-bien-de-la-ville-sainte\/"},"modified":"2023-03-29T00:00:00","modified_gmt":"2023-03-28T21:00:00","slug":"des-personnalites-palestiniennes-mettent-en-avant-les-efforts-sinceres-de-lagence-bayt-mal-al-qods-pour-le-bien-de-la-ville-sainte","status":"publish","type":"post","link":"https:\/\/www.bmaq.org\/fr\/2023\/03\/29\/des-personnalites-palestiniennes-mettent-en-avant-les-efforts-sinceres-de-lagence-bayt-mal-al-qods-pour-le-bien-de-la-ville-sainte\/","title":{"rendered":"Des personnalit\u00e9s palestiniennes mettent en avant les efforts sinc\u00e8res de l&rsquo;Agence Bayt Mal Al Qods pour le bien de la Ville Sainte\u00a0"},"content":{"rendered":"\n<p>29 mars 2023&nbsp;<\/p>\n\n\n\n<p>Ramallah &#8211; Des personnalit\u00e9s palestiniennes ont mis en avant les efforts sinc\u00e8res et le travail inlassable de Agence Bayt Mal Al Qods Acharif pour le bien de la Ville Sainte et le soutien \u00e0 la r\u00e9sistance des Maqdessis.&nbsp;<\/p>\n\n\n\n<p>&nbsp;Au cours des travaux de la 1-\u00e8re \u00e9dition du Forum des Journ\u00e9es Libres, ces personnalit\u00e9s ont salu\u00e9 le r\u00f4le central de l&rsquo;Agence, coorganisatrice de ce Forum avec l&rsquo;Universit\u00e9 d&rsquo;Al-Qods, eu \u00e9gard \u00e0 sa m\u00e9thodologie r\u00e9aliste et sa connaissance de la vie dans la Ville Sainte et de ses institutions.&nbsp;<\/p>\n\n\n\n<p>\u00c0 cet \u00e9gard, Imad Abu Kishk, pr\u00e9sident de l&rsquo;Universit\u00e9 Al-Qods, a mis en relief les efforts et le travail de l&rsquo;Agence pour le bien de la Ville Sainte, son d\u00e9veloppement, ainsi qu&rsquo;en faveur de la r\u00e9sistance de son peuple.&nbsp;<\/p>\n\n\n\n<p>Il a dit que l&rsquo;Agence a commenc\u00e9 son travail prospectif \u00e0 Al-Qods et en Palestine pour asseoir des solutions pratiques, r\u00e9alistes et r\u00e9alisables dans le cadre de son programme de d\u00e9veloppement durable.&nbsp;<\/p>\n\n\n\n<p>Dans ce sens, il a fait part de la reconnaissance et l&rsquo;appr\u00e9ciation de tous les Palestiniens, en particulier les Maqdessis envers cette institution, qui continue d&rsquo;\u0153uvrer en faveur d&rsquo;Al-Qods, de son peuple et de sa cause.&nbsp;<\/p>\n\n\n\n<p>Il s&rsquo;agit, selon lui, de la contribution de l&rsquo;Agence aux processus de d\u00e9veloppement dans tous les domaines et pr\u00e9servation du patrimoine culturel, historique et humain de la Ville Sainte.&nbsp;<\/p>\n\n\n\n<p>Il a soulign\u00e9 l&rsquo;importance de ce Forum qui constitue une plate-forme de r\u00e9flexion en qu\u00eate de solutions cr\u00e9atives, innovantes, r\u00e9alistes, pratiques et r\u00e9alisables.&nbsp;<\/p>\n\n\n\n<p>Il s&rsquo;agit \u00e9galement de trouver un consensus entre les parties prenantes afin de proposer des solutions alternatives aux probl\u00e8mes de d\u00e9veloppement dans la Ville Sainte.&nbsp;<\/p>\n\n\n\n<p>Pour sa part, Adnan Al-Husseini, chef du D\u00e9partement d&rsquo;Al-Qods de l&rsquo;Organisation de lib\u00e9ration de la Palestine, a mis en exergue le r\u00f4le de l&rsquo;Agence et l&rsquo;assistance qu&rsquo;elle fournit pour subvenir aux besoins des Maqdessis.&nbsp;<\/p>\n\n\n\n<p>Il a, ainsi, soulign\u00e9 l&rsquo;importance d&rsquo;exploiter les capacit\u00e9s de la nation pour soutenir le peuple d&rsquo;Al-Qods et de ses institutions, et de travailler pour pr\u00e9server sa jeunesse et lui fournir le soutien pour faire face aux plans de l&rsquo;occupation.&nbsp;<\/p>\n\n\n\n<p>Par ailleurs, il a mis en avant l&rsquo;importance du Forum, qui vise \u00e0 r\u00e9pondre aux besoins des Maqdessis.&nbsp;<\/p>\n\n\n\n<p>Pour sa part, le Mufti d&rsquo;Al-Qods, Cheikh Muhammad Hussein, a exprim\u00e9 ses remerciements \u00e0 l&rsquo;Agence pour ses \u00ab\u00a0efforts b\u00e9nis et bienveillants pour soutenir les secteurs vitaux des Maqdessis.&nbsp;<\/p>\n\n\n\n<p>De son c\u00f4t\u00e9, le sous-gouverneur du gouvernorat d&rsquo;Al-Qods, Abdullah Siam, a salu\u00e9 \u00ab\u00a0le r\u00f4le de l&rsquo;Agence, qui \u0153uvre sous la supervision directe de Sa Majest\u00e9 le Roi Mohammed VI, pour maintenir la pr\u00e9sence de la Ville sainte dans les institutions du Royaume et dans l&rsquo;esprit du peuple marocain.\u00a0\u00bb&nbsp;<\/p>\n\n\n\n<p>\/\/&nbsp;<\/p>\n\n\n\n<p>MAP&nbsp;<\/p>\n","protected":false},"excerpt":{"rendered":"<p>29 mars 2023&nbsp; Ramallah &#8211; Des personnalit\u00e9s palestiniennes ont mis en avant les efforts sinc\u00e8res et le travail inlassable de Agence Bayt Mal Al Qods Acharif pour le bien de la Ville Sainte et le soutien \u00e0 la r\u00e9sistance des Maqdessis.&nbsp; &nbsp;Au cours des travaux de la 1-\u00e8re \u00e9dition du Forum des Journ\u00e9es Libres, ces&hellip;<\/p>\n","protected":false},"author":1,"featured_media":7957,"comment_status":"open","ping_status":"open","sticky":false,"template":"","format":"standard","meta":{"inline_featured_image":false,"footnotes":""},"categories":[19],"tags":[],"class_list":["post-8049","post","type-post","status-publish","format-standard","has-post-thumbnail","hentry","category-informations","category-19","description-off"],"_links":{"self":[{"href":"https:\/\/www.bmaq.org\/fr\/wp-json\/wp\/v2\/posts\/8049","targetHints":{"allow":["GET"]}}],"collection":[{"href":"https:\/\/www.bmaq.org\/fr\/wp-json\/wp\/v2\/posts"}],"about":[{"href":"https:\/\/www.bmaq.org\/fr\/wp-json\/wp\/v2\/types\/post"}],"author":[{"embeddable":true,"href":"https:\/\/www.bmaq.org\/fr\/wp-json\/wp\/v2\/users\/1"}],"replies":[{"embeddable":true,"href":"https:\/\/www.bmaq.org\/fr\/wp-json\/wp\/v2\/comments?post=8049"}],"version-history":[{"count":0,"href":"https:\/\/www.bmaq.org\/fr\/wp-json\/wp\/v2\/posts\/8049\/revisions"}],"wp:featuredmedia":[{"embeddable":true,"href":"https:\/\/www.bmaq.org\/fr\/wp-json\/wp\/v2\/media\/7957"}],"wp:attachment":[{"href":"https:\/\/www.bmaq.org\/fr\/wp-json\/wp\/v2\/media?parent=8049"}],"wp:term":[{"taxonomy":"category","embeddable":true,"href":"https:\/\/www.bmaq.org\/fr\/wp-json\/wp\/v2\/categories?post=8049"},{"taxonomy":"post_tag","embeddable":true,"href":"https:\/\/www.bmaq.org\/fr\/wp-json\/wp\/v2\/tags?post=8049"}],"curies":[{"name":"wp","href":"https:\/\/api.w.org\/{rel}","templated":true}]}}