{"id":8045,"date":"2023-02-26T00:00:00","date_gmt":"2023-02-25T21:00:00","guid":{"rendered":"https:\/\/www.bmaq.org\/2023\/02\/26\/agence-bayt-mal-al-qods-acharif-atelier-de-suivi-des-resultats-de-la-2eme-reunion-consultative-avec-les-institutions-maqdissies\/"},"modified":"2023-02-26T00:00:00","modified_gmt":"2023-02-25T21:00:00","slug":"agence-bayt-mal-al-qods-acharif-atelier-de-suivi-des-resultats-de-la-2eme-reunion-consultative-avec-les-institutions-maqdissies","status":"publish","type":"post","link":"https:\/\/www.bmaq.org\/fr\/2023\/02\/26\/agence-bayt-mal-al-qods-acharif-atelier-de-suivi-des-resultats-de-la-2eme-reunion-consultative-avec-les-institutions-maqdissies\/","title":{"rendered":"Agence Bayt Mal Al-Qods Acharif : Atelier de suivi des r\u00e9sultats de la 2\u00e8me r\u00e9union consultative avec les institutions maqdissies\u00a0"},"content":{"rendered":"\n<p>26 F\u00e9vrier 2023&nbsp;<\/p>\n\n\n\n<p>Al Qods &#8211; L&rsquo;Agence Bayt Mal Al-Qods Acharif a organis\u00e9, samedi \u00e0 Al Qods, un atelier de suivi des r\u00e9sultats de la 2\u00e8me r\u00e9union consultative tenue par l&rsquo;Agence, le 20 janvier \u00e0 Rabat, avec des repr\u00e9sentants de certaines institutions d\u2019Al Qods oeuvrant dans les domaines social et \u00e9conomique.&nbsp;&nbsp;<\/p>\n\n\n\n<p>Cette r\u00e9union a \u00e9t\u00e9 \u00e9galement une occasion pour finaliser la r\u00e9daction du rapport de synth\u00e8se que l&rsquo;agence adoptera dans son programme d&rsquo;action \u00e0 Al Qods au titre de l&rsquo;ann\u00e9e 2023.&nbsp;<\/p>\n\n\n\n<p>Le coordinateur des programmes et projets de l&rsquo;Agence \u00e0 Al Qods, Ismail Al-Ramli, a rappel\u00e9 au cours de cette rencontre le contenu du message royal adress\u00e9 par Sa Majest\u00e9 le Roi Mohammed VI aux participants \u00e0 la Conf\u00e9rence d\u2019Al Qods 2023, tenue le 12 f\u00e9vrier au Caire, dans lequel le Souverain a affirm\u00e9 que le souci de d\u00e9fendre Al Qods \u00ab\u00a0ne doit \u00eatre ni conjoncturel, ni circonstanciel. Il doit, au contraire, s\u2019inscrire dans une logique globale impliquant des initiatives diplomatiques impactantes et des actions de terrain conduites au sein-m\u00eame de la Ville Sainte\u00a0\u00bb.&nbsp;<\/p>\n\n\n\n<p>Le responsable a soulign\u00e9 \u00e9galement l&rsquo;importance d&rsquo;impliquer les habitants d\u2019Al Qods dans le choix de la destination des fonds d\u00e9bloqu\u00e9s pour les programmes et projets, quelle que soit la taille de ces fonds, afin que les donateurs et les b\u00e9n\u00e9ficiaires soient rassur\u00e9s et puissent \u00e9valuer leur impact sur les personnes cibl\u00e9es et leur environnement.&nbsp;<\/p>\n\n\n\n<p>M. Al-Ramli a fait savoir de m\u00eame que l&rsquo;agence a approuv\u00e9, au d\u00e9but de cette ann\u00e9e, un ensemble de projets d&rsquo;assistance sociale d&rsquo;un montant de 3,4 millions de dollars, qui seront men\u00e9s \u00e0 la lumi\u00e8re des r\u00e9sultats de la 2\u00e8me r\u00e9union consultative qui s&rsquo;est tenue \u00e0 Rabat avec des repr\u00e9sentants des institutions d\u2019Al Qods, en pr\u00e9sence d&rsquo;ambassadeurs, de repr\u00e9sentants de l&rsquo;Organisation de la coop\u00e9ration islamique et de la Ligue des \u00c9tats arabes, d&rsquo;autorit\u00e9s religieuses islamiques et chr\u00e9tiennes, d&rsquo;universitaires, de professionnels des m\u00e9dias, d&rsquo;\u00e9crivains et d&rsquo;artistes.&nbsp;<\/p>\n\n\n\n<p>De leur c\u00f4t\u00e9, les repr\u00e9sentants des institutions participantes ont salu\u00e9 la Haute sollicitude dont Sa Majest\u00e9 le Roi Mohammed VI, Pr\u00e9sident du Comit\u00e9 Al Qods, entoure la Ville sainte et ses habitants, \u00e0 travers l&rsquo;Agence Bayt Mal Al-Qods Acharif, exprimant leur espoir d\u2019intensifier ce travail pour renforcer les acquis et r\u00e9sultats atteints depuis la cr\u00e9ation de cet \u00e9tablissement il y a 25 ans, dans les domaines sociaux, \u00e9conomiques et humanitaires.&nbsp;<\/p>\n\n\n\n<p>Les participants ont \u00e9galement exprim\u00e9 leur estime pour l\u2019approche participative adopt\u00e9e par l&rsquo;agence, outre le s\u00e9rieux et l&rsquo;engagement qui traduisent les paroles en actions, comblant le vide laiss\u00e9 par le manque de financement allou\u00e9 \u00e0 Al Qods et ses habitants, notamment avec la suspension des contributions d&rsquo;un certain nombre de donateurs.&nbsp;<\/p>\n\n\n\n<p>\/\/&nbsp;<\/p>\n\n\n\n<p>MAP&nbsp;<\/p>\n","protected":false},"excerpt":{"rendered":"<p>26 F\u00e9vrier 2023&nbsp; Al Qods &#8211; L&rsquo;Agence Bayt Mal Al-Qods Acharif a organis\u00e9, samedi \u00e0 Al Qods, un atelier de suivi des r\u00e9sultats de la 2\u00e8me r\u00e9union consultative tenue par l&rsquo;Agence, le 20 janvier \u00e0 Rabat, avec des repr\u00e9sentants de certaines institutions d\u2019Al Qods oeuvrant dans les domaines social et \u00e9conomique.&nbsp;&nbsp; Cette r\u00e9union a \u00e9t\u00e9&hellip;<\/p>\n","protected":false},"author":1,"featured_media":8046,"comment_status":"open","ping_status":"open","sticky":false,"template":"","format":"standard","meta":{"inline_featured_image":false,"footnotes":""},"categories":[19],"tags":[],"class_list":["post-8045","post","type-post","status-publish","format-standard","has-post-thumbnail","hentry","category-informations","category-19","description-off"],"_links":{"self":[{"href":"https:\/\/www.bmaq.org\/fr\/wp-json\/wp\/v2\/posts\/8045","targetHints":{"allow":["GET"]}}],"collection":[{"href":"https:\/\/www.bmaq.org\/fr\/wp-json\/wp\/v2\/posts"}],"about":[{"href":"https:\/\/www.bmaq.org\/fr\/wp-json\/wp\/v2\/types\/post"}],"author":[{"embeddable":true,"href":"https:\/\/www.bmaq.org\/fr\/wp-json\/wp\/v2\/users\/1"}],"replies":[{"embeddable":true,"href":"https:\/\/www.bmaq.org\/fr\/wp-json\/wp\/v2\/comments?post=8045"}],"version-history":[{"count":0,"href":"https:\/\/www.bmaq.org\/fr\/wp-json\/wp\/v2\/posts\/8045\/revisions"}],"wp:featuredmedia":[{"embeddable":true,"href":"https:\/\/www.bmaq.org\/fr\/wp-json\/wp\/v2\/media\/8046"}],"wp:attachment":[{"href":"https:\/\/www.bmaq.org\/fr\/wp-json\/wp\/v2\/media?parent=8045"}],"wp:term":[{"taxonomy":"category","embeddable":true,"href":"https:\/\/www.bmaq.org\/fr\/wp-json\/wp\/v2\/categories?post=8045"},{"taxonomy":"post_tag","embeddable":true,"href":"https:\/\/www.bmaq.org\/fr\/wp-json\/wp\/v2\/tags?post=8045"}],"curies":[{"name":"wp","href":"https:\/\/api.w.org\/{rel}","templated":true}]}}