{"id":8040,"date":"2023-04-17T00:00:00","date_gmt":"2023-04-16T21:00:00","guid":{"rendered":"https:\/\/www.bmaq.org\/2023\/04\/17\/coincidant-avec-laylat-al-qadr-benie-lagence-bayt-mal-al-qods-presente-le-bilan-du-programme-danimation-communautaire-et-de-loperation-dassistance-sociale-a-loccasion-du-mois-de-ramadan\/"},"modified":"2023-04-17T00:00:00","modified_gmt":"2023-04-16T21:00:00","slug":"coincidant-avec-laylat-al-qadr-benie-lagence-bayt-mal-al-qods-presente-le-bilan-du-programme-danimation-communautaire-et-de-loperation-dassistance-sociale-a-loccasion-du-mois-de-ramadan","status":"publish","type":"post","link":"https:\/\/www.bmaq.org\/fr\/2023\/04\/17\/coincidant-avec-laylat-al-qadr-benie-lagence-bayt-mal-al-qods-presente-le-bilan-du-programme-danimation-communautaire-et-de-loperation-dassistance-sociale-a-loccasion-du-mois-de-ramadan\/","title":{"rendered":"Co\u00efncidant avec Laylat Al-Qadr b\u00e9nie.. L&rsquo;Agence Bayt Mal Al-Qods pr\u00e9sente le bilan du programme d&rsquo;animation communautaire et de l\u2019op\u00e9ration d&rsquo;assistance sociale \u00e0 l&rsquo;occasion du mois de Ramadan"},"content":{"rendered":"\n<p>Al-Qods, 17 avril 2023<\/p>\n\n\n\n<p>Co\u00efncidant avec Laylat Al-Qadr b\u00e9nie, l&rsquo;Agence Bayt Mal Al-Qods Al-Sharif, qui est affili\u00e9e au Comit\u00e9 Al-Qods pr\u00e9sid\u00e9 par Sa Majest\u00e9 le Roi Mohammed VI, a pr\u00e9sent\u00e9 le bilan de ses activit\u00e9s dans la Ville Sainte lors du mois sacr\u00e9 de Ramadan, qui comprenait notamment Le programme d&rsquo;animation communautaire et l\u2019op\u00e9ration d&rsquo;aide sociale, avec une couverture financi\u00e8re d&rsquo;environ 250 000 dollars am\u00e9ricains.<\/p>\n\n\n\n<figure class=\"wp-block-image size-large\"><img decoding=\"async\" src=\"https:\/\/devprojects2022.lifemoz.com\/bmaq_old\/wp-content\/uploads\/2023\/04\/5-3-1024x1024.jpg\" alt=\"\" class=\"wp-image-2918\"\/><\/figure>\n\n\n\n<p>Cette ann\u00e9e, l&rsquo;Agence a pu allumer les lanternes d\u2019Al-Qods, financ\u00e9 par le Royaume du Maroc, dans une op\u00e9ration symbolique englobant 10 institutions Maqdissies, avec la contribution de l&rsquo;Association du Centre Culturel Marocain &#8211; Maison du Maroc \u00e0 Al-Qods. Cette op\u00e9ration qualitative a co\u00fbt\u00e9 une enveloppe financi\u00e8re de 100 mille dollars am\u00e9ricains.<\/p>\n\n\n\n<figure class=\"wp-block-image size-large\"><img decoding=\"async\" src=\"https:\/\/devprojects2022.lifemoz.com\/bmaq_old\/wp-content\/uploads\/2023\/04\/4-2-1024x1024.jpg\" alt=\"\" class=\"wp-image-2919\"\/><\/figure>\n\n\n\n<p>Le programme d&rsquo;animation communautaire a \u00e9t\u00e9 r\u00e9parti sur&nbsp; le financement des activit\u00e9s d&rsquo;\u00e9clairage des lanternes du Ramadan de la Vieille Ville, Burj Al-Luqluq \u00e0 Salwane, Wadi Al-Joz, puis Al-Isawiya, \u00e0 Bayt Hanina, Fashafat et Jabal Al-Mukaber, afin de faire revivre le patrimoine palestinien, et animer les soir\u00e9es de Ramadan, les nuits de chants religieux et les conf\u00e9rences, avec l&rsquo;organisation de soir\u00e9es pour enfants.<\/p>\n\n\n\n<p>Le programme de l&rsquo;Agence pour le mois de je\u00fbne comprenait \u00e9galement le lancement de l\u2019op\u00e9ration d&rsquo;assistance sociale destin\u00e9e aux cat\u00e9gories n\u00e9cessiteuses d\u2019Al-Qods pour un co\u00fbt de 100 000 dollars, distribu\u00e9 cette ann\u00e9e \u00e0 environ un millier de familles, dont 124 familles d&rsquo;orphelins parrain\u00e9s par l&rsquo;Agence et 500 familles pauvres, avec des membres de 6 institutions sociales caritatives, 131 surveillants scolaires (gardiens) des \u00e9coles d\u2019Al-Qods, et 80 familles de personnes class\u00e9es en situation difficile.<\/p>\n\n\n\n<p>Les listes des b\u00e9n\u00e9ficiaires de cette op\u00e9ration ont \u00e9t\u00e9 supervis\u00e9es par des sp\u00e9cialistes sociaux de l&rsquo;Observatoire \u00ab Arribat \u00bb pour le suivi et l&rsquo;\u00e9valuation li\u00e9 \u00e0 l&rsquo;Agence \u00e0 Al-Qods, selon des crit\u00e8res pr\u00e9cis, et sous la supervision du Bureau de Coordination des Programmes et Projets de l&rsquo;Agence dans la Ville Sainte. .<\/p>\n\n\n\n<figure class=\"wp-block-image size-large\"><img decoding=\"async\" src=\"https:\/\/devprojects2022.lifemoz.com\/bmaq_old\/wp-content\/uploads\/2023\/04\/3-1-1024x1024.jpg\" alt=\"\" class=\"wp-image-2920\"\/><\/figure>\n\n\n\n<p>Le coordinateur des programmes et projets de l&rsquo;Agence \u00e0 Al-Qods, Ismail al-Ramli, a d\u00e9clar\u00e9 : \u00ab Le programme d\u2019animation communautaire, qui fonctionne dans des incubateurs culturels, s&rsquo;inscrit dans le cadre d\u2019animation des nuits du Ramadan, ainsi que de la culture communautaire et des traditions dans cette ville afin de rester enracin\u00e9es.\u00a0\u00bb<\/p>\n\n\n\n<p>Pour sa part, Salwane Abeer Ziyad, chef du conseil d&rsquo;administration du Centre r\u00e9volutionnaire des femmes, a affirm\u00e9 : \u00ab Ce programme contribue \u00e0 divertir les habitants d\u2019Al-Qods et aide \u00e0 la poursuite de la vie dans la Ville Sainte, en tant qu&rsquo;expression de la culture d\u2019 Al-Qods et son identit\u00e9 civilisationnelle \u00bb, mettant en relief ce que l&rsquo;Agence fournit comme \u00ab un v\u00e9ritable soutien&#8230; la Ville d\u2019Al-Qods a besoin du soutien continu des Marocains, puisqu&rsquo;ils font partie int\u00e9grante de la Palestine et de J\u00e9rusalem depuis l&rsquo;\u00e9poque de Salah-Eddine \u00bb.<\/p>\n\n\n\n<p>De son c\u00f4t\u00e9, le responsable du Shuafat Club, Iyad Awdat allah, a remerci\u00e9 l&rsquo;Agence Bayt Mal Al-Qods pour le lancement de ce programme, parrain\u00e9 par le Centre Culturel Marocain dans 10 quartiers de la Ville, notant que \u00ab de tels programmes cultivent le sourire et apportent joie et bonheur aux enfants.\u00a0\u00bb<\/p>\n\n\n\n<p>Quant \u00e0 Basil Abed, membre du club, il a d\u00e9clar\u00e9: \u00ab\u00a0Le programme de r\u00e9veil des nuits du Ramadan de l&rsquo;Agence a laiss\u00e9 sa marque alors qu&rsquo;il parcourt la Ville d\u2019Al-Qods.\u00a0\u00bb<\/p>\n\n\n\n<figure class=\"wp-block-image size-large\"><img decoding=\"async\" src=\"https:\/\/devprojects2022.lifemoz.com\/bmaq_old\/wp-content\/uploads\/2023\/04\/1-8-1024x1024.jpg\" alt=\"\" class=\"wp-image-2921\"\/><\/figure>\n\n\n\n<p>Pour sa part, le directeur ex\u00e9cutif de l&rsquo;Association de la communaut\u00e9 africaine \u00e0 Al-Qods, Musa Qaws, a qualifi\u00e9 le programme de vital, d\u00e9clarant : \u00ab Il contribue \u00e0 soulager la douleur, la souffrance et le stress psychologique des habitants de la Ville Sainte, en particulier en vue de ce \u00e0 quoi ils sont soumis.\u00a0\u00bb<\/p>\n\n\n\n<p>Fadi Mutawar de l&rsquo;association caritative Wadi Al-Jouz a affirm\u00e9 : \u00ab Ce programme contribue \u00e0 pr\u00e9server l&rsquo;identit\u00e9 culturelle de la Ville d\u2019Al-Qods \u00e0 la lumi\u00e8re de ce que traverse la Ville, en implantant les coutumes des habitants d\u2019Al-Qods, telles que l&rsquo;\u00e9clairage de la lanterne du Ramadan et des Mesaharati dans les g\u00e9n\u00e9rations futures, car l&rsquo;identit\u00e9 de J\u00e9rusalem est arabe et islamique.\u00a0\u00bb<\/p>\n\n\n\n<p>D&rsquo;autre part, cette ann\u00e9e a vu l&rsquo;organisation du deuxi\u00e8me forum pour les personnes handicap\u00e9es, co\u00efncidant avec le 12 avril, que l&rsquo;Agence a d\u00e9clar\u00e9 journ\u00e9e annuelle pour ce groupe, sous le signe \u00ab Al-Qods triomph\u00e9 par les \u00e9lans \u00bb qui a culmin\u00e9 dans la signature d&rsquo;une convention de partenariat pour le financement de projets d&rsquo;autonomisation de personnes d\u00e9termin\u00e9es, avec la Soci\u00e9t\u00e9 arabe des personnes&nbsp;handicap\u00e9es.<\/p>\n\n\n\n<p>\/\/<\/p>\n","protected":false},"excerpt":{"rendered":"<p>Al-Qods, 17 avril 2023 Co\u00efncidant avec Laylat Al-Qadr b\u00e9nie, l&rsquo;Agence Bayt Mal Al-Qods Al-Sharif, qui est affili\u00e9e au Comit\u00e9 Al-Qods pr\u00e9sid\u00e9 par Sa Majest\u00e9 le Roi Mohammed VI, a pr\u00e9sent\u00e9 le bilan de ses activit\u00e9s dans la Ville Sainte lors du mois sacr\u00e9 de Ramadan, qui comprenait notamment Le programme d&rsquo;animation communautaire et l\u2019op\u00e9ration d&rsquo;aide&hellip;<\/p>\n","protected":false},"author":1,"featured_media":0,"comment_status":"open","ping_status":"open","sticky":false,"template":"","format":"standard","meta":{"inline_featured_image":false,"footnotes":""},"categories":[19],"tags":[],"class_list":["post-8040","post","type-post","status-publish","format-standard","hentry","category-informations","category-19","description-off"],"_links":{"self":[{"href":"https:\/\/www.bmaq.org\/fr\/wp-json\/wp\/v2\/posts\/8040","targetHints":{"allow":["GET"]}}],"collection":[{"href":"https:\/\/www.bmaq.org\/fr\/wp-json\/wp\/v2\/posts"}],"about":[{"href":"https:\/\/www.bmaq.org\/fr\/wp-json\/wp\/v2\/types\/post"}],"author":[{"embeddable":true,"href":"https:\/\/www.bmaq.org\/fr\/wp-json\/wp\/v2\/users\/1"}],"replies":[{"embeddable":true,"href":"https:\/\/www.bmaq.org\/fr\/wp-json\/wp\/v2\/comments?post=8040"}],"version-history":[{"count":0,"href":"https:\/\/www.bmaq.org\/fr\/wp-json\/wp\/v2\/posts\/8040\/revisions"}],"wp:attachment":[{"href":"https:\/\/www.bmaq.org\/fr\/wp-json\/wp\/v2\/media?parent=8040"}],"wp:term":[{"taxonomy":"category","embeddable":true,"href":"https:\/\/www.bmaq.org\/fr\/wp-json\/wp\/v2\/categories?post=8040"},{"taxonomy":"post_tag","embeddable":true,"href":"https:\/\/www.bmaq.org\/fr\/wp-json\/wp\/v2\/tags?post=8040"}],"curies":[{"name":"wp","href":"https:\/\/api.w.org\/{rel}","templated":true}]}}