{"id":8036,"date":"2023-02-25T00:00:00","date_gmt":"2023-02-24T21:00:00","guid":{"rendered":"https:\/\/www.bmaq.org\/2023\/02\/25\/lagence-bayt-mal-al-qods-celebre-les-enfants-maqdissis\/"},"modified":"2023-02-25T00:00:00","modified_gmt":"2023-02-24T21:00:00","slug":"lagence-bayt-mal-al-qods-celebre-les-enfants-maqdissis","status":"publish","type":"post","link":"https:\/\/www.bmaq.org\/fr\/2023\/02\/25\/lagence-bayt-mal-al-qods-celebre-les-enfants-maqdissis\/","title":{"rendered":"L&rsquo;Agence Bayt Mal Al-Qods c\u00e9l\u00e8bre les enfants maqdissis\u00a0"},"content":{"rendered":"\n<p>25 F\u00e9vrier 2023&nbsp;&nbsp;<\/p>\n\n\n\n<p>Al Qods &#8211; L&rsquo;Agence Bayt Mal Al-Qods Acharif a c\u00e9l\u00e9br\u00e9 les dix enfants d\u2019Al Qods qui ont particip\u00e9 \u00e0 la 3\u00e8me \u00e9dition du mod\u00e8le de simulation du sommet international de l&rsquo;enfance pour Al-Qods, organis\u00e9 les 14 et 15 f\u00e9vrier \u00e0 Rabat, sous le signe \u00ab\u00a0La s\u00e9curit\u00e9 d&rsquo;Al-Qods fait partie de la s\u00e9curit\u00e9 de ses enfants\u00a0\u00bb.&nbsp;<\/p>\n\n\n\n<p>Lors d&rsquo;une c\u00e9r\u00e9monie qui s&rsquo;est tenue jeudi \u00e0 Al Qods, les enfants maqdissis et leurs familles sont revenus sur leur participation \u00e0 l\u2019\u00e9v\u00e8nement, exprimant leur profonde consid\u00e9ration pour la sollicitude dont Sa Majest\u00e9 le Roi Mohammed VI, Pr\u00e9sident du Comit\u00e9 Al Qods, les entoure, notamment \u00e0 travers l\u2019organisation chaque ann\u00e9e des colonies de vacances pour les enfants d\u2019Al Qods au Maroc.&nbsp;<\/p>\n\n\n\n<p>Les enfants ont exprim\u00e9 \u00e9galement leur gratitude pour cette opportunit\u00e9 qui leur a permis de rencontrer leurs pairs issus de 21 diff\u00e9rents pays et d&rsquo;\u00e9changer avec eux des id\u00e9es et des messages, y compris l&rsquo;espoir de vivre en s\u00e9curit\u00e9 et en paix, de profiter de leur droit \u00e0 la vie, \u00e0 l&rsquo;\u00e9ducation et au divertissement, et de r\u00e9aliser leurs r\u00eaves sans inqui\u00e9tude ni peur de l&rsquo;avenir, comme tous les autres enfants \u00e0 travers le monde.&nbsp;<\/p>\n\n\n\n<p>Par ailleurs, les enfants ont d\u00e9crit les sentiments de sympathie et de chaleur humaine qu&rsquo;ils ont ressentis lors de leur s\u00e9jour au Maroc, que ce soit de la part des enfants participant au mod\u00e8le de simulation, ou des citoyens marocains ordinaires qu\u2019ils ont rencontr\u00e9 lors de leurs tourn\u00e9es dans la capitale, Rabat.&nbsp;<\/p>\n\n\n\n<p>En outre, les enfants ont salu\u00e9 la s\u00e9lection de leur coll\u00e8gue, Yasmine Ayyad, pour diriger la 3\u00e8me \u00e9dition du mod\u00e8le de simulation, succ\u00e9dant \u00e0 la marocaine Assia Yazidi.&nbsp;<\/p>\n\n\n\n<p>Le mod\u00e8le de simulation du sommet international de l&rsquo;enfance pour Al-Qods, organis\u00e9 chaque ann\u00e9e par l&rsquo;Agence Bayt Mal Al Qods, constitue une plateforme dans laquelle des enfants de diff\u00e9rentes nationalit\u00e9s \u00e9changent leurs points de vue sur diverses questions concernant la situation des enfants \u00e0 Al Qods, incarnant une dimension centrale dans l&rsquo;action sociale de proximit\u00e9 men\u00e9e par l&rsquo;Agence sous la supervision personnelle de SM le Roi Mohammed VI.&nbsp;<\/p>\n\n\n\n<p>L&rsquo;Agence investit ainsi dans les nouvelles g\u00e9n\u00e9rations d\u2019Al Qods pour r\u00e9aliser l&rsquo;int\u00e9gration sociale escompt\u00e9e et fournir un environnement sain qui leur permet de r\u00e9fl\u00e9chir et de cr\u00e9er, dans une atmosph\u00e8re pleine de libert\u00e9 et d&rsquo;ouverture, consacrant l&rsquo;espoir d\u2019un avenir meilleur.&nbsp;<\/p>\n\n\n\n<p>\/\/&nbsp;<\/p>\n\n\n\n<p>MAP&nbsp;<\/p>\n","protected":false},"excerpt":{"rendered":"<p>25 F\u00e9vrier 2023&nbsp;&nbsp; Al Qods &#8211; L&rsquo;Agence Bayt Mal Al-Qods Acharif a c\u00e9l\u00e9br\u00e9 les dix enfants d\u2019Al Qods qui ont particip\u00e9 \u00e0 la 3\u00e8me \u00e9dition du mod\u00e8le de simulation du sommet international de l&rsquo;enfance pour Al-Qods, organis\u00e9 les 14 et 15 f\u00e9vrier \u00e0 Rabat, sous le signe \u00ab\u00a0La s\u00e9curit\u00e9 d&rsquo;Al-Qods fait partie de la s\u00e9curit\u00e9&hellip;<\/p>\n","protected":false},"author":1,"featured_media":8037,"comment_status":"open","ping_status":"open","sticky":false,"template":"","format":"standard","meta":{"inline_featured_image":false,"footnotes":""},"categories":[19],"tags":[],"class_list":["post-8036","post","type-post","status-publish","format-standard","has-post-thumbnail","hentry","category-informations","category-19","description-off"],"_links":{"self":[{"href":"https:\/\/www.bmaq.org\/fr\/wp-json\/wp\/v2\/posts\/8036","targetHints":{"allow":["GET"]}}],"collection":[{"href":"https:\/\/www.bmaq.org\/fr\/wp-json\/wp\/v2\/posts"}],"about":[{"href":"https:\/\/www.bmaq.org\/fr\/wp-json\/wp\/v2\/types\/post"}],"author":[{"embeddable":true,"href":"https:\/\/www.bmaq.org\/fr\/wp-json\/wp\/v2\/users\/1"}],"replies":[{"embeddable":true,"href":"https:\/\/www.bmaq.org\/fr\/wp-json\/wp\/v2\/comments?post=8036"}],"version-history":[{"count":0,"href":"https:\/\/www.bmaq.org\/fr\/wp-json\/wp\/v2\/posts\/8036\/revisions"}],"wp:featuredmedia":[{"embeddable":true,"href":"https:\/\/www.bmaq.org\/fr\/wp-json\/wp\/v2\/media\/8037"}],"wp:attachment":[{"href":"https:\/\/www.bmaq.org\/fr\/wp-json\/wp\/v2\/media?parent=8036"}],"wp:term":[{"taxonomy":"category","embeddable":true,"href":"https:\/\/www.bmaq.org\/fr\/wp-json\/wp\/v2\/categories?post=8036"},{"taxonomy":"post_tag","embeddable":true,"href":"https:\/\/www.bmaq.org\/fr\/wp-json\/wp\/v2\/tags?post=8036"}],"curies":[{"name":"wp","href":"https:\/\/api.w.org\/{rel}","templated":true}]}}