{"id":8026,"date":"2023-03-16T00:00:00","date_gmt":"2023-03-15T21:00:00","guid":{"rendered":"https:\/\/www.bmaq.org\/2023\/03\/16\/lagence-bayt-mal-al-qods-acharif-organise-a-nouakchott-une-exposition-de-photos\/"},"modified":"2023-03-16T00:00:00","modified_gmt":"2023-03-15T21:00:00","slug":"lagence-bayt-mal-al-qods-acharif-organise-a-nouakchott-une-exposition-de-photos","status":"publish","type":"post","link":"https:\/\/www.bmaq.org\/fr\/2023\/03\/16\/lagence-bayt-mal-al-qods-acharif-organise-a-nouakchott-une-exposition-de-photos\/","title":{"rendered":"L&rsquo;Agence Bayt Mal Al-Qods Acharif organise \u00e0 Nouakchott une exposition de photos\u00a0"},"content":{"rendered":"\n<p>16 mars 2023&nbsp;&nbsp;<\/p>\n\n\n\n<p>Nouakchott &#8211; L&rsquo;Agence Bayt Mal Al-Qods Acharif a organis\u00e9 une exposition de photos, en marge de la 49\u00e8me session du Conseil des ministres des Affaires \u00e9trang\u00e8res de l&rsquo;Organisation de la Coop\u00e9ration Islamique (OCI), dont les travaux se sont ouverts jeudi \u00e0 Nouakchott.&nbsp;<\/p>\n\n\n\n<p>L&rsquo;exposition, qui met en avant les r\u00e9alisations phares de l&rsquo;Agence Bayt Mal Al-Qods Acharif dans la ville sainte, \u00e0 l\u2019occasion de son 25\u00e8 anniversaire, a vu la pr\u00e9sentation d\u2019une carte d\u2019Al-Qods affichant les projets de l\u2019Agence dans divers domaines sociaux tels que l&rsquo;\u00e9ducation, la sant\u00e9, l&rsquo;habitat et les projets d\u2019assistance sociale et de d\u00e9veloppement humain.&nbsp;<\/p>\n\n\n\n<p>Des portraits de Sa Majest\u00e9 le Roi Mohammed VI, Pr\u00e9sident du Comit\u00e9 Al Qods, ont \u00e9t\u00e9 au centre de l\u2019exposition, en guise de reconnaissance aux efforts d\u00e9ploy\u00e9s par le Souverain en faveur de la cit\u00e9 sainte et la Palestine, comme indiqu\u00e9 dans le document de pr\u00e9sentation de l&rsquo;exposition distribu\u00e9 aux visiteurs accompagn\u00e9 d&rsquo;un rapport sur les r\u00e9alisations de l&rsquo;agence au cours des 25 derni\u00e8res ann\u00e9es en arabe, fran\u00e7ais et anglais.&nbsp;<\/p>\n\n\n\n<p>En outre, l\u2019Agence a mis en place des affiches sur les programmes de d\u00e9veloppement humain, la plateforme \u00ab\u00a0DLALA Marketstore\u00a0\u00bb pour la commercialisation \u00e9lectronique des produits palestiniens, ainsi que d&rsquo;autres supports portant sur les programmes d&rsquo;aide sociale, de jeunesse et d&rsquo;enfance.&nbsp;<\/p>\n\n\n\n<p>A cet \u00e9gard, le Directeur charg\u00e9 de la gestion de l&rsquo;Agence Bayt Mal Al-Qods Acharif, Mohamed Salem Echarkaoui, a affirm\u00e9 que la participation de l\u2019Agence \u00e0 la 49\u00e8me session du Conseil des ministres des Affaires \u00e9trang\u00e8res de l\u2019OCI constitue une occasion pour mettre en exergue le r\u00f4le du Maroc, sous la conduite \u00e9clair\u00e9e de SM le Roi Mohammed VI, dans le soutien \u00e0 la cause palestinienne et en particulier celle d&rsquo;Al-Qods.&nbsp;<\/p>\n\n\n\n<p>Ce r\u00f4le pionnier se manifeste \u00e0 travers un soutien politique et une action diplomatique ainsi que par un travail de terrain continu visant \u00e0 pr\u00e9server l&rsquo;identit\u00e9 culturelle de la Ville Sainte et am\u00e9liorer les conditions de vie de ses habitants, a-t-il fait valoir.&nbsp;<\/p>\n\n\n\n<p>En c\u00e9l\u00e9bration de son jubil\u00e9 d&rsquo;argent, l&rsquo;Agence a distribu\u00e9 un rapport pr\u00e9sentant le programme des festivit\u00e9s pr\u00e9vu \u00e0 cette occasion, qui comporte une s\u00e9rie d&rsquo;activit\u00e9s et d&rsquo;\u00e9v\u00e9nements diversifi\u00e9s visant \u00e0 renforcer le soutien destin\u00e9 \u00e0 la ville d\u2019Al-Qods.&nbsp;<\/p>\n\n\n\n<p>Ce programme mettra en lumi\u00e8re, \u00e9galement, les r\u00e9alisations et les initiatives du Royaume, pendant 25 ans, au profit de la ville Sainte, ainsi que les projets r\u00e9alis\u00e9s durant cette p\u00e9riode, dont le co\u00fbt s&rsquo;\u00e9l\u00e8ve \u00e0 64 millions de dollars, ciblant plusieurs secteurs tels que l&rsquo;Habitat, la sant\u00e9 et l&rsquo;\u00e9ducation et d\u2019autres projets \u00e0 caract\u00e8re social, a fait remarquer M. Echarkaoui.&nbsp;<\/p>\n\n\n\n<p>L&rsquo;Agence Bayt Mal Al-Qods Acharif, a-t-il affirm\u00e9, est anim\u00e9e d\u2019une forte volont\u00e9 de poursuivre son engagement en faveur d\u2019Al-Qods, tel que voulu par le Souverain, afin de pr\u00e9server la Ville Sainte comme une terre de paix et de coexistence, conform\u00e9ment \u00e0 l&rsquo;esprit de l&rsquo;appel d&rsquo;Al-Qods, sign\u00e9 par Sa Majest\u00e9 le Roi Mohammed VI et Sa Saintet\u00e9 le pape Fran\u00e7ois.&nbsp;<\/p>\n\n\n\n<p>\/\/&nbsp;<\/p>\n\n\n\n<p>MAP&nbsp;<\/p>\n","protected":false},"excerpt":{"rendered":"<p>16 mars 2023&nbsp;&nbsp; Nouakchott &#8211; L&rsquo;Agence Bayt Mal Al-Qods Acharif a organis\u00e9 une exposition de photos, en marge de la 49\u00e8me session du Conseil des ministres des Affaires \u00e9trang\u00e8res de l&rsquo;Organisation de la Coop\u00e9ration Islamique (OCI), dont les travaux se sont ouverts jeudi \u00e0 Nouakchott.&nbsp; L&rsquo;exposition, qui met en avant les r\u00e9alisations phares de l&rsquo;Agence&hellip;<\/p>\n","protected":false},"author":1,"featured_media":8027,"comment_status":"open","ping_status":"open","sticky":false,"template":"","format":"standard","meta":{"inline_featured_image":false,"footnotes":""},"categories":[19],"tags":[],"class_list":["post-8026","post","type-post","status-publish","format-standard","has-post-thumbnail","hentry","category-informations","category-19","description-off"],"_links":{"self":[{"href":"https:\/\/www.bmaq.org\/fr\/wp-json\/wp\/v2\/posts\/8026","targetHints":{"allow":["GET"]}}],"collection":[{"href":"https:\/\/www.bmaq.org\/fr\/wp-json\/wp\/v2\/posts"}],"about":[{"href":"https:\/\/www.bmaq.org\/fr\/wp-json\/wp\/v2\/types\/post"}],"author":[{"embeddable":true,"href":"https:\/\/www.bmaq.org\/fr\/wp-json\/wp\/v2\/users\/1"}],"replies":[{"embeddable":true,"href":"https:\/\/www.bmaq.org\/fr\/wp-json\/wp\/v2\/comments?post=8026"}],"version-history":[{"count":0,"href":"https:\/\/www.bmaq.org\/fr\/wp-json\/wp\/v2\/posts\/8026\/revisions"}],"wp:featuredmedia":[{"embeddable":true,"href":"https:\/\/www.bmaq.org\/fr\/wp-json\/wp\/v2\/media\/8027"}],"wp:attachment":[{"href":"https:\/\/www.bmaq.org\/fr\/wp-json\/wp\/v2\/media?parent=8026"}],"wp:term":[{"taxonomy":"category","embeddable":true,"href":"https:\/\/www.bmaq.org\/fr\/wp-json\/wp\/v2\/categories?post=8026"},{"taxonomy":"post_tag","embeddable":true,"href":"https:\/\/www.bmaq.org\/fr\/wp-json\/wp\/v2\/tags?post=8026"}],"curies":[{"name":"wp","href":"https:\/\/api.w.org\/{rel}","templated":true}]}}