{"id":8014,"date":"2023-03-29T00:00:00","date_gmt":"2023-03-28T21:00:00","guid":{"rendered":"https:\/\/www.bmaq.org\/2023\/03\/29\/ramallah-lagence-bayt-mal-al-qods-acharif-organise-le-1er-forum-des-journees-libres\/"},"modified":"2023-03-29T00:00:00","modified_gmt":"2023-03-28T21:00:00","slug":"ramallah-lagence-bayt-mal-al-qods-acharif-organise-le-1er-forum-des-journees-libres","status":"publish","type":"post","link":"https:\/\/www.bmaq.org\/fr\/2023\/03\/29\/ramallah-lagence-bayt-mal-al-qods-acharif-organise-le-1er-forum-des-journees-libres\/","title":{"rendered":"Ramallah: L&rsquo;Agence Bayt Mal Al-Qods Acharif organise le 1er Forum des journ\u00e9es libres\u00a0"},"content":{"rendered":"\n<p>29 mars 2023&nbsp;&nbsp;<\/p>\n\n\n\n<p>Ramallah &#8211; L&rsquo;Agence Bayt Mal Al-Qods Acharif a organis\u00e9, mardi \u00e0 Ramallah, la premi\u00e8re \u00e9dition du Forum des journ\u00e9es libres, avec la participation de personnalit\u00e9s palestiniennes, arabes et \u00e9trang\u00e8res.&nbsp;<\/p>\n\n\n\n<p>Organis\u00e9 en partenariat avec l&rsquo;Universit\u00e9 d&rsquo;Al-Qods sous le th\u00e8me \u00ab\u00a0Secteurs sociaux et \u00e9conomiques \u00e0 Al-Qods: Les enjeux de la r\u00e9alit\u00e9 et les conditions de d\u00e9veloppement\u00a0\u00bb, le forum s&rsquo;articulait autour de trois axes, \u00e0 savoir \u00ab\u00a0Les opportunit\u00e9s de d\u00e9veloppement des secteurs du commerce et du tourisme \u00e0 Al-Qods: Les enjeux possibles\u00a0\u00bb, \u00ab\u00a0La question de l&#8217;emploi et les moteurs de l&rsquo;\u00e9conomie sociale: Quelles perspectives de d\u00e9veloppement durable?\u00a0\u00bb et \u00ab\u00a0L&rsquo;agriculture, l&rsquo;environnement et la nature: R\u00e9alit\u00e9 et d\u00e9fis\u00a0\u00bb.&nbsp;<\/p>\n\n\n\n<p>Le directeur charg\u00e9 de la gestion de l&rsquo;Agence Bayt Mal Al-Qods Acharif, Mohamed Salem Cherkaoui, a affirm\u00e9 que l&rsquo;Agence tient toujours sur son engagement \u00e0 d\u00e9fendre le peuple d&rsquo;Al-Qods et ses institutions, ajoutant que la bonne r\u00e9putation et la cr\u00e9dibilit\u00e9 que l&rsquo;agence a acquises a rendu les Maqdessis optimistes quant \u00e0 cette institution, qui exprime la volont\u00e9 de la nation de pr\u00e9server la Ville Sainte et son d\u00e9veloppement.&nbsp;<\/p>\n\n\n\n<p>M. Cherkaoui a poursuivi que l&rsquo;agence est devenue, sous la supervision directe de Sa Majest\u00e9 le Roi Mohammed VI, une r\u00e9f\u00e9rence importante dans le travail \u00e0 l&rsquo;int\u00e9rieur d&rsquo;Al-Qods, gr\u00e2ce \u00e0 l&rsquo;exp\u00e9rience et \u00e0 l&rsquo;expertise qu&rsquo;elle a accumul\u00e9es, ainsi qu&rsquo;au grand int\u00e9r\u00eat qu&rsquo;elle porte \u00e0 la mise en place de bons m\u00e9canismes assurant la remise des dons allou\u00e9s aux projets \u00e0 ceux qui le m\u00e9ritent.&nbsp;<\/p>\n\n\n\n<p>Il a soulign\u00e9 que le maintien de l&rsquo;agence en tant qu&rsquo;institution officielle cr\u00e9\u00e9e par les pays arabes et islamiques pour remplir le devoir de prot\u00e9ger Al-Qods et de soutenir la r\u00e9silience de son peuple exige que ces pays lui fournissent les capacit\u00e9s et les moyens lui permettant d&rsquo;accomplir son devoir, tout en investissant sa comp\u00e9tence, son exp\u00e9rience et son travail de terrain.&nbsp;<\/p>\n\n\n\n<p>Apr\u00e8s avoir rappel\u00e9 les r\u00e9sultats des projets mis en \u0153uvre par l&rsquo;agence au cours de 25 ans dans divers secteurs, M. Cherkaoui a soulign\u00e9 que l&rsquo;action sociale et humanitaire de l&rsquo;agence \u00e0 Al-Qods est bas\u00e9e sur la confiance et l&rsquo;engagement, ce qui l&rsquo;exhorte \u00e0 rechercher constamment la r\u00e9novation de ses m\u00e9thodes de travail et de trouver des solutions innovantes et appropri\u00e9es \u00e0 la question du d\u00e9veloppement \u00e0 Al-Qods, qui s&rsquo;appuient sur des indicateurs inqui\u00e9tants que l&rsquo;Agence cherche \u00e0 contribuer, au mieux de ses capacit\u00e9s, \u00e0 att\u00e9nuer, notamment les indicateurs de pauvret\u00e9, de ch\u00f4mage, de d\u00e9linquance et de d\u00e9crochage scolaire.&nbsp;<\/p>\n\n\n\n<p>Pour sa part, l&rsquo;ambassadeur du Maroc aupr\u00e8s de l&rsquo;\u00c9tat de Palestine, Abderrahim Meziane, a confirm\u00e9 que l&rsquo;appui \u00e0 la r\u00e9silience des Maqdessis sur le plan \u00e9conomique et social incarne la situation selon laquelle la stabilit\u00e9 et la s\u00e9curit\u00e9 de la ville d&rsquo;Al-Qods assure en m\u00eame temps la stabilit\u00e9 dans la r\u00e9gion du Moyen-Orient et dans le monde entier.&nbsp;<\/p>\n\n\n\n<p>M. Meziane a mis en avant que le soutien du Royaume du Maroc et l&rsquo;organisation de ce forum traduisent l&rsquo;engagement constant du Royaume \u00e0 soutenir la cause palestinienne et la cause d&rsquo;Al-Qods en particulier, \u00e0 laquelle Sa Majest\u00e9 le Roi Mohammed VI attache la plus haute importance partant du statut du Souverain en sa qualit\u00e9 de Pr\u00e9sident du Comit\u00e9 Al-Qods, issu de l&rsquo;Organisation de la coop\u00e9ration islamique (OCI), et du fait que SM le Roi l&rsquo;a \u00e9rig\u00e9e au m\u00eame rang que la premi\u00e8re cause nationale.&nbsp;<\/p>\n\n\n\n<p>Il a not\u00e9 que le Royaume du Maroc \u0153uvrait, \u00e0 travers l&rsquo;Agence Bayt Mal Al-Qods Acharif, sous la supervision directe de Sa Majest\u00e9 le Roi Mohammed VI, depuis 25 ans, \u00e0 soutenir la r\u00e9silience des Maqdessis et \u00e0 leur fournir des conditions appropri\u00e9es \u00e0 une vie d\u00e9cente pour att\u00e9nuer l&rsquo;impact de l&rsquo;occupation.&nbsp;<\/p>\n\n\n\n<p>Il a \u00e9t\u00e9 proc\u00e9d\u00e9, lors de l&rsquo;ouverture du forum, au vernissage de l&rsquo;exposition de photos de la c\u00e9l\u00e9bration du jubil\u00e9 d&rsquo;argent de l&rsquo;agence, qui comprend des photos de SM le Roi Mohammed VI au cours des diff\u00e9rents \u00e9v\u00e8nements du Comit\u00e9 Al-Qods et de l&rsquo;agence.&nbsp;<\/p>\n\n\n\n<p>En marge de ce forum, un accord de partenariat a \u00e9t\u00e9 sign\u00e9 entre l&rsquo;Agence Bayt Mal Al-Qods Acharif et l&rsquo;Universit\u00e9 d&rsquo;Al-Qods pour d\u00e9velopper le syst\u00e8me Bayt Al-Mal pour l&rsquo;\u00e9ducation et la formation.&nbsp;<\/p>\n\n\n\n<p>\/\/&nbsp;<\/p>\n\n\n\n<p>MAP&nbsp;<\/p>\n","protected":false},"excerpt":{"rendered":"<p>29 mars 2023&nbsp;&nbsp; Ramallah &#8211; L&rsquo;Agence Bayt Mal Al-Qods Acharif a organis\u00e9, mardi \u00e0 Ramallah, la premi\u00e8re \u00e9dition du Forum des journ\u00e9es libres, avec la participation de personnalit\u00e9s palestiniennes, arabes et \u00e9trang\u00e8res.&nbsp; Organis\u00e9 en partenariat avec l&rsquo;Universit\u00e9 d&rsquo;Al-Qods sous le th\u00e8me \u00ab\u00a0Secteurs sociaux et \u00e9conomiques \u00e0 Al-Qods: Les enjeux de la r\u00e9alit\u00e9 et les conditions&hellip;<\/p>\n","protected":false},"author":1,"featured_media":8015,"comment_status":"open","ping_status":"open","sticky":false,"template":"","format":"standard","meta":{"inline_featured_image":false,"footnotes":""},"categories":[19],"tags":[],"class_list":["post-8014","post","type-post","status-publish","format-standard","has-post-thumbnail","hentry","category-informations","category-19","description-off"],"_links":{"self":[{"href":"https:\/\/www.bmaq.org\/fr\/wp-json\/wp\/v2\/posts\/8014","targetHints":{"allow":["GET"]}}],"collection":[{"href":"https:\/\/www.bmaq.org\/fr\/wp-json\/wp\/v2\/posts"}],"about":[{"href":"https:\/\/www.bmaq.org\/fr\/wp-json\/wp\/v2\/types\/post"}],"author":[{"embeddable":true,"href":"https:\/\/www.bmaq.org\/fr\/wp-json\/wp\/v2\/users\/1"}],"replies":[{"embeddable":true,"href":"https:\/\/www.bmaq.org\/fr\/wp-json\/wp\/v2\/comments?post=8014"}],"version-history":[{"count":0,"href":"https:\/\/www.bmaq.org\/fr\/wp-json\/wp\/v2\/posts\/8014\/revisions"}],"wp:featuredmedia":[{"embeddable":true,"href":"https:\/\/www.bmaq.org\/fr\/wp-json\/wp\/v2\/media\/8015"}],"wp:attachment":[{"href":"https:\/\/www.bmaq.org\/fr\/wp-json\/wp\/v2\/media?parent=8014"}],"wp:term":[{"taxonomy":"category","embeddable":true,"href":"https:\/\/www.bmaq.org\/fr\/wp-json\/wp\/v2\/categories?post=8014"},{"taxonomy":"post_tag","embeddable":true,"href":"https:\/\/www.bmaq.org\/fr\/wp-json\/wp\/v2\/tags?post=8014"}],"curies":[{"name":"wp","href":"https:\/\/api.w.org\/{rel}","templated":true}]}}