{"id":8010,"date":"2023-04-01T00:00:00","date_gmt":"2023-03-31T21:00:00","guid":{"rendered":"https:\/\/www.bmaq.org\/2023\/04\/01\/hommage-a-lagence-bayt-mal-al-qods-acharif-au-siege-du-gouvernorat-dal-qods\/"},"modified":"2023-04-01T00:00:00","modified_gmt":"2023-03-31T21:00:00","slug":"hommage-a-lagence-bayt-mal-al-qods-acharif-au-siege-du-gouvernorat-dal-qods","status":"publish","type":"post","link":"https:\/\/www.bmaq.org\/fr\/2023\/04\/01\/hommage-a-lagence-bayt-mal-al-qods-acharif-au-siege-du-gouvernorat-dal-qods\/","title":{"rendered":"Hommage \u00e0 l&rsquo;Agence Bayt Mal Al-Qods Acharif au si\u00e8ge du gouvernorat d&rsquo;Al-Qods\u00a0"},"content":{"rendered":"\n<p>01 avril 2023&nbsp;&nbsp;<\/p>\n\n\n\n<p>Al-Qods &#8211; Le Gouvernorat d\u2019Al-Qods a rendu un hommage, \u00e0 son si\u00e8ge dans la municipalit\u00e9 d&rsquo;Al-Ram, \u00e0 l&rsquo;Agence Bayt Mal Al-Qods Acharif qui rel\u00e8ve du Comit\u00e9 Al-Qods, \u00e9manant de l&rsquo;Organisation de la coop\u00e9ration islamique, en reconnaissance des efforts de l&rsquo;institution et de son parrain, SM le Roi Mohammed VI, au service de la Ville Sainte et de ses habitants.&nbsp;<\/p>\n\n\n\n<p>Cet hommage a eu lieu lors d&rsquo;une rencontre de la d\u00e9l\u00e9gation de Bayt Mal Al-Qods, conduite par Mohamed Salem Cherkaoui, jeudi, avec le sous-gouverneur d\u2019Al-Qods, Abdullah Siam, en pr\u00e9sence d&rsquo;Adnan Al-Husseini, chef du d\u00e9partement des affaires d\u2019Al-Qods, membre du comit\u00e9 ex\u00e9cutif de l&rsquo;Organisation de lib\u00e9ration de la Palestine (OLP), de Raqi Ghazawneh, maire d&rsquo;Al-Ram, et des directeurs g\u00e9n\u00e9raux du gouvernorat.&nbsp;<\/p>\n\n\n\n<p>M. Siam a remis au directeur de l&rsquo;Agence un bouclier honorifique en guise de reconnaissance aux efforts b\u00e9nis de l\u2019Agence dans la Ville Sainte et de son soutien \u00e0 de nombreux secteurs.&nbsp;<\/p>\n\n\n\n<p>Dans une allocution \u00e0 cette occasion, le sous-gouverneur d\u2019Al-Qods a \u00e9voqu\u00e9 les conditions dont souffrent les habitants de la Ville sainte en raison des mesures d&rsquo;occupation et des violations \u00e0 leur encontre, et les moyens de soutenir leur r\u00e9sistance et leur pr\u00e9sence sur leur terre.&nbsp;<\/p>\n\n\n\n<p>Pour sa part, Adnan Al-Husseini a salu\u00e9 les efforts d\u00e9ploy\u00e9s par le Royaume du Maroc dans le gouvernorat d\u2019Al-Qods et le soutien de nombreux secteurs dans ce gouvernorat.&nbsp;<\/p>\n\n\n\n<p>A la fin de la rencontre, le sous-gouverneur d\u2019Al-Qods a remis \u00e0 l&rsquo;Agence une copie du rapport annuel de l&rsquo;unit\u00e9 des relations publiques et des m\u00e9dias du gouvernorat sur les violations de l&rsquo;occupation isra\u00e9lienne dans le gouvernorat d\u2019Al-Qods au cours de l&rsquo;ann\u00e9e 2022.&nbsp;<\/p>\n\n\n\n<p>\/\/&nbsp;<\/p>\n\n\n\n<p>MAP&nbsp;<\/p>\n","protected":false},"excerpt":{"rendered":"<p>01 avril 2023&nbsp;&nbsp; Al-Qods &#8211; Le Gouvernorat d\u2019Al-Qods a rendu un hommage, \u00e0 son si\u00e8ge dans la municipalit\u00e9 d&rsquo;Al-Ram, \u00e0 l&rsquo;Agence Bayt Mal Al-Qods Acharif qui rel\u00e8ve du Comit\u00e9 Al-Qods, \u00e9manant de l&rsquo;Organisation de la coop\u00e9ration islamique, en reconnaissance des efforts de l&rsquo;institution et de son parrain, SM le Roi Mohammed VI, au service de&hellip;<\/p>\n","protected":false},"author":1,"featured_media":8011,"comment_status":"open","ping_status":"open","sticky":false,"template":"","format":"standard","meta":{"inline_featured_image":false,"footnotes":""},"categories":[19],"tags":[],"class_list":["post-8010","post","type-post","status-publish","format-standard","has-post-thumbnail","hentry","category-informations","category-19","description-off"],"_links":{"self":[{"href":"https:\/\/www.bmaq.org\/fr\/wp-json\/wp\/v2\/posts\/8010","targetHints":{"allow":["GET"]}}],"collection":[{"href":"https:\/\/www.bmaq.org\/fr\/wp-json\/wp\/v2\/posts"}],"about":[{"href":"https:\/\/www.bmaq.org\/fr\/wp-json\/wp\/v2\/types\/post"}],"author":[{"embeddable":true,"href":"https:\/\/www.bmaq.org\/fr\/wp-json\/wp\/v2\/users\/1"}],"replies":[{"embeddable":true,"href":"https:\/\/www.bmaq.org\/fr\/wp-json\/wp\/v2\/comments?post=8010"}],"version-history":[{"count":0,"href":"https:\/\/www.bmaq.org\/fr\/wp-json\/wp\/v2\/posts\/8010\/revisions"}],"wp:featuredmedia":[{"embeddable":true,"href":"https:\/\/www.bmaq.org\/fr\/wp-json\/wp\/v2\/media\/8011"}],"wp:attachment":[{"href":"https:\/\/www.bmaq.org\/fr\/wp-json\/wp\/v2\/media?parent=8010"}],"wp:term":[{"taxonomy":"category","embeddable":true,"href":"https:\/\/www.bmaq.org\/fr\/wp-json\/wp\/v2\/categories?post=8010"},{"taxonomy":"post_tag","embeddable":true,"href":"https:\/\/www.bmaq.org\/fr\/wp-json\/wp\/v2\/tags?post=8010"}],"curies":[{"name":"wp","href":"https:\/\/api.w.org\/{rel}","templated":true}]}}