{"id":8005,"date":"2023-03-14T00:00:00","date_gmt":"2023-03-13T21:00:00","guid":{"rendered":"https:\/\/www.bmaq.org\/2023\/03\/14\/des-personnalites-palestiniennes-saluent-les-positions-fermes-du-maroc-dans-le-soutien-a-la-cause-palestinienne\/"},"modified":"2023-03-14T00:00:00","modified_gmt":"2023-03-13T21:00:00","slug":"des-personnalites-palestiniennes-saluent-les-positions-fermes-du-maroc-dans-le-soutien-a-la-cause-palestinienne","status":"publish","type":"post","link":"https:\/\/www.bmaq.org\/fr\/2023\/03\/14\/des-personnalites-palestiniennes-saluent-les-positions-fermes-du-maroc-dans-le-soutien-a-la-cause-palestinienne\/","title":{"rendered":"Des personnalit\u00e9s palestiniennes saluent les positions fermes du Maroc dans le soutien \u00e0 la cause palestinienne\u00a0"},"content":{"rendered":"\n<p>14 mars 2023&nbsp;&nbsp;<\/p>\n\n\n\n<p>Ramallah &#8211; Des personnalit\u00e9s palestiniennes ont salu\u00e9 les positions fermes du Royaume du Maroc, sous la conduite de Sa Majest\u00e9 le Roi Mohammed VI, Pr\u00e9sident du Comit\u00e9 Al-Qods, dans le soutien \u00e0 la cause palestinienne et la d\u00e9fense de la Ville Sainte et des droits l\u00e9gitimes des Maqdessis.&nbsp;<\/p>\n\n\n\n<p>A cet \u00e9gard, le Conseiller \u00e0 la pr\u00e9sidence palestinienne, charg\u00e9 des affaires d&rsquo;Al-Qods, Ahmed Al-Rouidi, a mis en avant la position ferme du Royaume du Maroc et de Sa Majest\u00e9 le Roi Mohammed VI dans le soutien \u00e0 la Ville Sainte.&nbsp;<\/p>\n\n\n\n<p>Il a soulign\u00e9 que ce soutien continu rev\u00eat de multiples formes, en l&rsquo;occurrence politique, mettant en exergue la coordination \u00e9troite entre Sa Majest\u00e9 le Roi Mohammed VI et Son Excellence le Pr\u00e9sident, Mahmoud Abbas, pour la pr\u00e9servation d&rsquo;Al-Qods et la d\u00e9fense de la cause palestinienne.&nbsp;<\/p>\n\n\n\n<p>Et d&rsquo;ajouter que cet appui se manifeste \u00e9galement dans le soutien aux besoins de la Ville Sainte \u00e0 travers la pr\u00e9sidence de Sa Majest\u00e9 le Roi du Comit\u00e9 d&rsquo;Al-Qods relevant de l&rsquo;Organisation de la Coop\u00e9ration Islamique, mettant en relief, dans ce sens le r\u00f4le de l&rsquo;Agence Bayt Mal Al-Qods Al-Charif dans le soutien aux h\u00f4pitaux, aux \u00e9tablissements d&rsquo;enseignement, aux institutions d\u00e9di\u00e9es \u00e0 la Jeunesse, ainsi qu&rsquo;aux entreprises.&nbsp;<\/p>\n\n\n\n<p>M. Al-Rouidi a soulign\u00e9 que les positions du Royaume du Maroc, sous la conduite de Sa Majest\u00e9 le Roi Mohammed VI, \u00ab\u00a0sont fermes et appr\u00e9ci\u00e9es par les personnalit\u00e9s, les institutions et les familles de la Ville Sainte, musulmans et chr\u00e9tiens\u00a0\u00bb, tout en exprimant sa gratitude pour les efforts d\u00e9ploy\u00e9s par le Royaume dans la d\u00e9fense de la cause palestinienne.&nbsp;<\/p>\n\n\n\n<p>D&rsquo;autre part, il a annonc\u00e9 l&rsquo;ouverture prochaine d&rsquo;une maison de la culture qui portera le nom du Royaume du Maroc, mettant en avant le r\u00f4le de Sa Majest\u00e9 le Roi dans ce sens.&nbsp;<\/p>\n\n\n\n<p>Pour sa part, Nasser Qaws, membre de l&rsquo;organe administratif de l&rsquo;Association de la Communaut\u00e9 Africaine \u00e0 Al-Qods, a hautement salu\u00e9 les efforts de Sa Majest\u00e9 le Roi Mohammed VI, Pr\u00e9sident du Comit\u00e9 Al-Qods, dans la d\u00e9fense de la cause palestinienne en g\u00e9n\u00e9ral et de la Ville Sainte, en particulier.&nbsp;<\/p>\n\n\n\n<p>Il a soulign\u00e9 que les positions du Maroc \u00e0 l&rsquo;\u00e9gard de la cause palestinienne sont coh\u00e9rentes et n&rsquo;ont pas chang\u00e9 au fil du temps malgr\u00e9 toutes les circonstances qui se sont produites, relevant que la cause palestinienne est au premier plan des int\u00e9r\u00eats du Royaume du Maroc sous la direction de Sa Majest\u00e9 le Roi.&nbsp;<\/p>\n\n\n\n<p>Il a mis en avant le soutien continu apport\u00e9 par le Royaume \u00e0 la cause palestinienne dans toutes les instances internationales, notamment en ces jours difficiles que traversent les territoires palestiniens, appelant \u00e0 la n\u00e9cessit\u00e9 de continuer \u00e0 soutenir la cause palestinienne comme \u00e9tant la cause des Arabes.&nbsp;<\/p>\n\n\n\n<p>Pour sa part, Ziyad Al-Hamouri, directeur du Centre d&rsquo;Al-Qods pour les droits sociaux et \u00e9conomiques, a salu\u00e9 les efforts de Sa Majest\u00e9 le Roi Mohammed VI pour soutenir la r\u00e9sistance des Maqdessis \u00e0 travers la supervision personnelle du Souverain de l&rsquo;Agence Bayt Mal Al-Qods Al-Charif, qui m\u00e8ne des actions concr\u00e8tes pour soutenir la Ville Sainte et sa population dans tous les domaines.&nbsp;<\/p>\n\n\n\n<p>Hassan Edkidek, directeur de l&rsquo;Association arabe des personnes handicap\u00e9es, a soulign\u00e9 que l&rsquo;int\u00e9r\u00eat de Sa Majest\u00e9 le Roi Mohammed VI pour la cause palestinienne d\u00e9coule de la conviction du Souverain de l&rsquo;importance de cette cause et de la n\u00e9cessit\u00e9 de la soutenir.&nbsp;<\/p>\n\n\n\n<p>\/\/&nbsp;<\/p>\n\n\n\n<p>MAP&nbsp;<\/p>\n","protected":false},"excerpt":{"rendered":"<p>14 mars 2023&nbsp;&nbsp; Ramallah &#8211; Des personnalit\u00e9s palestiniennes ont salu\u00e9 les positions fermes du Royaume du Maroc, sous la conduite de Sa Majest\u00e9 le Roi Mohammed VI, Pr\u00e9sident du Comit\u00e9 Al-Qods, dans le soutien \u00e0 la cause palestinienne et la d\u00e9fense de la Ville Sainte et des droits l\u00e9gitimes des Maqdessis.&nbsp; A cet \u00e9gard, le&hellip;<\/p>\n","protected":false},"author":1,"featured_media":8006,"comment_status":"open","ping_status":"open","sticky":false,"template":"","format":"standard","meta":{"inline_featured_image":false,"footnotes":""},"categories":[19],"tags":[],"class_list":["post-8005","post","type-post","status-publish","format-standard","has-post-thumbnail","hentry","category-informations","category-19","description-off"],"_links":{"self":[{"href":"https:\/\/www.bmaq.org\/fr\/wp-json\/wp\/v2\/posts\/8005","targetHints":{"allow":["GET"]}}],"collection":[{"href":"https:\/\/www.bmaq.org\/fr\/wp-json\/wp\/v2\/posts"}],"about":[{"href":"https:\/\/www.bmaq.org\/fr\/wp-json\/wp\/v2\/types\/post"}],"author":[{"embeddable":true,"href":"https:\/\/www.bmaq.org\/fr\/wp-json\/wp\/v2\/users\/1"}],"replies":[{"embeddable":true,"href":"https:\/\/www.bmaq.org\/fr\/wp-json\/wp\/v2\/comments?post=8005"}],"version-history":[{"count":0,"href":"https:\/\/www.bmaq.org\/fr\/wp-json\/wp\/v2\/posts\/8005\/revisions"}],"wp:featuredmedia":[{"embeddable":true,"href":"https:\/\/www.bmaq.org\/fr\/wp-json\/wp\/v2\/media\/8006"}],"wp:attachment":[{"href":"https:\/\/www.bmaq.org\/fr\/wp-json\/wp\/v2\/media?parent=8005"}],"wp:term":[{"taxonomy":"category","embeddable":true,"href":"https:\/\/www.bmaq.org\/fr\/wp-json\/wp\/v2\/categories?post=8005"},{"taxonomy":"post_tag","embeddable":true,"href":"https:\/\/www.bmaq.org\/fr\/wp-json\/wp\/v2\/tags?post=8005"}],"curies":[{"name":"wp","href":"https:\/\/api.w.org\/{rel}","templated":true}]}}