{"id":8004,"date":"2023-04-12T00:00:00","date_gmt":"2023-04-11T21:00:00","guid":{"rendered":"https:\/\/www.bmaq.org\/2023\/04\/12\/lagence-bayt-mal-al-qods-organise-la-deuxieme-session-du-forum-annuel-des-personnes-handicapees-dans-la-ville-sainte\/"},"modified":"2023-04-12T00:00:00","modified_gmt":"2023-04-11T21:00:00","slug":"lagence-bayt-mal-al-qods-organise-la-deuxieme-session-du-forum-annuel-des-personnes-handicapees-dans-la-ville-sainte","status":"publish","type":"post","link":"https:\/\/www.bmaq.org\/fr\/2023\/04\/12\/lagence-bayt-mal-al-qods-organise-la-deuxieme-session-du-forum-annuel-des-personnes-handicapees-dans-la-ville-sainte\/","title":{"rendered":"L&rsquo;Agence Bayt Mal Al-Qods organise la deuxi\u00e8me session du forum annuel des personnes handicap\u00e9es dans la Ville Sainte"},"content":{"rendered":"\n<p>Al-Qods, le 12 avril 2023<br>L&rsquo;Agence Bayt Mal Al-Qods Al-Sharif a organis\u00e9, mardi 12 avril 2023, \u00e0 Al-Qods la deuxi\u00e8me session du forum annuel des personnes handicap\u00e9es sous le signe : \u00abAl-Qods triomph\u00e9 par les \u00e9lans \u00bb, en pr\u00e9sence de dirigeants et de repr\u00e9sentants d&rsquo;un nombre d&rsquo;organismes, d&rsquo;institutions et d&rsquo;associations dans la Ville Sainte.<br>Le directeur charg\u00e9 de la gestion de l&rsquo;Agence, Dr Mohamed Salem Cherkaoui, a d\u00e9clar\u00e9, \u00e0 cette occasion, que la deuxi\u00e8me \u00e9dition du forum co\u00efncide avec la comm\u00e9moration par l&rsquo;Agence de son anniversaire d&rsquo;argent, sous le haut patronage de Sa Majest\u00e9 le Roi Mohammed VI, Roi du Royaume du Maroc, Pr\u00e9sident du Comit\u00e9 Al-Qods, qui parraine g\u00e9n\u00e9reusement l&rsquo;Agence et la dirige, que Dieu L&rsquo;assiste, pour mettre en \u0153uvre des projets concrets dont impacts reviennent \u00e0 la Ville Sainte et ses habitants Mourabitines.<\/p>\n\n\n\n<p>M. Cherkaoui a affirm\u00e9, dans son discours prononc\u00e9 en son nom par M. Ismail Al-Ramli, Coordonnateur des programmes et projets de l&rsquo;Agence \u00e0 Al-Qods, l&rsquo;engagement de l&rsquo;Agence de consacrer le 12 avril de chaque ann\u00e9e pour organiser un forum annuel pour les personnes handicap\u00e9es afin de les permettre de se rencontrer, d&rsquo;\u00e9changer, de proposer des id\u00e9es, des projets nouveaux et innovants pour am\u00e9liorer leur situation et les rendre plus impliqu\u00e9es et int\u00e9gr\u00e9es dans les enjeux de leur soci\u00e9t\u00e9.<br>Le directeur charg\u00e9 de la gestion de l&rsquo;Agence a \u00e9galement, indiqu\u00e9 que le forum, qui se tient sous le signe \u00a0\u00bb Al-Qods triomph\u00e9 par les \u00e9lans\u00a0\u00bb, agrandit \u00ab\u00a0nos pr\u00e9occupations au sein de l&rsquo;Agence quant \u00e0 la fa\u00e7on d&rsquo;assurer un soutien, de la meilleure et la plus courte mani\u00e8re, au profit de plus grand nombre possible d&rsquo;institutions et d&rsquo;associations, compte tenu des financements limit\u00e9s dont dispose l&rsquo;Agence \u00bb, soulignant que \u00ab les fonds de l&rsquo;Agence sont inconditionnels, sauf dans la mesure o\u00f9 nous pouvons nous assurer qu&rsquo;ils parviennent int\u00e9gralement et sans d\u00e9faut \u00e0 leurs b\u00e9n\u00e9ficiaires\u00a0\u00bb.<br>M. Cherkaoui a annonc\u00e9 \u00ab l&rsquo;attribution de quotas fixes, proportionn\u00e9s aux normes approuv\u00e9es, au profit des personnes ayant des besoins sp\u00e9ciaux dans tous les projets de l&rsquo;Agence li\u00e9s \u00e0 la construction, aux initiatives civiles, aux diverses subventions \u00e9ducatives, aux programmes de formation professionnelle et au marketing \u00e9lectronique du produits d&rsquo;associations et de commer\u00e7ants \u00bb.<br>Dans l\u2019allocution des habitants d\u2019Al-Qods \u00e0 cette occasion, Mgr Atallah Hanna, archev\u00eaque grec orthodoxe de Sebastia \u00e0 Al-Qods, a salu\u00e9 les efforts de l&rsquo;Agence pour son travail de terrain en faveur de la r\u00e9sistance du peuple palestinien, en particulier dans la ville d\u2019Al-Qods, et il a d\u00e9clar\u00e9 : \u00ab Nous sommes fid\u00e8les \u00e0 cet effort, et de J\u00e9rusalem, nous disons merci \u00e0 Sa Majest\u00e9 le Roi Mohammed VI, Pr\u00e9sident du Comit\u00e9 Al-Qods, et nous sommes fid\u00e8les \u00e0 vos dons et \u00e0 vos efforts \u00bb.<br>Pour sa part, le directeur de l&rsquo;Association arabe des personnes handicap\u00e9es, M. Ihsan Idkidak, a exalt\u00e9 les r\u00f4les jou\u00e9s par l&rsquo;Agence Bayt Mal Al-Qods et ce qu&rsquo;elle apporte aux habitants d\u2019Al-Qods, pour prot\u00e9ger cette Ville, maintenir son identit\u00e9 religieuse et civilisationnelle et offrir les moyens d&rsquo;une vie d\u00e9cente \u00e0 ses habitants \u00e0 travers des programmes et des projets dans les domaines de la sant\u00e9, de l&rsquo;\u00e9ducation et de l&rsquo;urbanisme, en saluant le Royaume du Maroc, Roi et peuple, pour ses efforts de soutien de la personne Maqdissi qui d\u00e9fend, au nom des arabes et des musulmans, les plus pures saintet\u00e9s.<br>Le forum a connu la signature d&rsquo;un accord au nom de l&rsquo;Agence par le Coordonnateur de ses projets \u00e0 Al-Qods, M. Ismail Al-Ramli, et au nom de l&rsquo;Association arabe des personnes handicap\u00e9es par M. Ihsan Idkidek, en stipulant que l&rsquo;Agence financera un projet visant \u00e0 permettre aux personnes handicap\u00e9es d\u2019ind\u00e9pendance sociale \u00e0 Al-Qods, par le biais d&rsquo;ateliers et de campagnes comprenant des secours psychologiques, la sensibilisation et le plaidoyer communautaire, l&rsquo;inclusion sociale et la formation professionnelle.<br>\/\/<\/p>\n","protected":false},"excerpt":{"rendered":"<p>Al-Qods, le 12 avril 2023L&rsquo;Agence Bayt Mal Al-Qods Al-Sharif a organis\u00e9, mardi 12 avril 2023, \u00e0 Al-Qods la deuxi\u00e8me session du forum annuel des personnes handicap\u00e9es sous le signe : \u00abAl-Qods triomph\u00e9 par les \u00e9lans \u00bb, en pr\u00e9sence de dirigeants et de repr\u00e9sentants d&rsquo;un nombre d&rsquo;organismes, d&rsquo;institutions et d&rsquo;associations dans la Ville Sainte.Le directeur charg\u00e9&hellip;<\/p>\n","protected":false},"author":1,"featured_media":0,"comment_status":"open","ping_status":"open","sticky":false,"template":"","format":"standard","meta":{"inline_featured_image":false,"footnotes":""},"categories":[19],"tags":[],"class_list":["post-8004","post","type-post","status-publish","format-standard","hentry","category-informations","category-19","description-off"],"_links":{"self":[{"href":"https:\/\/www.bmaq.org\/fr\/wp-json\/wp\/v2\/posts\/8004","targetHints":{"allow":["GET"]}}],"collection":[{"href":"https:\/\/www.bmaq.org\/fr\/wp-json\/wp\/v2\/posts"}],"about":[{"href":"https:\/\/www.bmaq.org\/fr\/wp-json\/wp\/v2\/types\/post"}],"author":[{"embeddable":true,"href":"https:\/\/www.bmaq.org\/fr\/wp-json\/wp\/v2\/users\/1"}],"replies":[{"embeddable":true,"href":"https:\/\/www.bmaq.org\/fr\/wp-json\/wp\/v2\/comments?post=8004"}],"version-history":[{"count":0,"href":"https:\/\/www.bmaq.org\/fr\/wp-json\/wp\/v2\/posts\/8004\/revisions"}],"wp:attachment":[{"href":"https:\/\/www.bmaq.org\/fr\/wp-json\/wp\/v2\/media?parent=8004"}],"wp:term":[{"taxonomy":"category","embeddable":true,"href":"https:\/\/www.bmaq.org\/fr\/wp-json\/wp\/v2\/categories?post=8004"},{"taxonomy":"post_tag","embeddable":true,"href":"https:\/\/www.bmaq.org\/fr\/wp-json\/wp\/v2\/tags?post=8004"}],"curies":[{"name":"wp","href":"https:\/\/api.w.org\/{rel}","templated":true}]}}