{"id":8002,"date":"2023-04-10T00:00:00","date_gmt":"2023-04-09T21:00:00","guid":{"rendered":"https:\/\/www.bmaq.org\/2023\/04\/10\/le-mufti-dal-qods-et-de-la-palestine-sinforme-des-actions-de-lagence-bayt-mal-al-qods\/"},"modified":"2023-04-10T00:00:00","modified_gmt":"2023-04-09T21:00:00","slug":"le-mufti-dal-qods-et-de-la-palestine-sinforme-des-actions-de-lagence-bayt-mal-al-qods","status":"publish","type":"post","link":"https:\/\/www.bmaq.org\/fr\/2023\/04\/10\/le-mufti-dal-qods-et-de-la-palestine-sinforme-des-actions-de-lagence-bayt-mal-al-qods\/","title":{"rendered":"le Mufti d&rsquo;Al Qods et de la Palestine s&rsquo;informe des actions de l&rsquo;Agence Bayt Mal Al Qods"},"content":{"rendered":"\n<p>Rabat &#8211; 10 avril 2023<\/p>\n\n\n\n<p>Le Mufti d&rsquo;Al Qods et de la Palestine, Cheikh Mohamed Hussein, a pris connaissance, lundi \u00e0 Rabat, des actions que m\u00e8ne l&rsquo;Agence Bayt Mal Al Qods Acharif dans la ville sainte \u00e0 l\u2019occasion du mois sacr\u00e9 de Ramadan.<\/p>\n\n\n\n<p>Lors d&rsquo;une rencontre avec le directeur charg\u00e9 de la gestion de l&rsquo;Agence Bayt Mal Al Qods Acharif, Mohamed Salem Echerkaoui, l\u2019accent a \u00e9t\u00e9 mis sur les diff\u00e9rentes actions qu&rsquo;entreprend l&rsquo;Agence au cours de ce mois pour une valeur d\u00e9passant les 250.000 dollars, r\u00e9parties sur les programmes d&rsquo;animation communautaire et d&rsquo;assistance sociale et humanitaire.<\/p>\n\n\n\n<figure class=\"wp-block-image size-large\"><img decoding=\"async\" src=\"https:\/\/devprojects2022.lifemoz.com\/bmaq_old\/wp-content\/uploads\/2023\/04\/7T5C5098-2-1024x1024.jpg\" alt=\"\" class=\"wp-image-2842\"\/><\/figure>\n\n\n\n<p>Intervenant \u00e0 cette occasion, M. Echerkaoui a indiqu\u00e9 que l\u2019Agence, sous la supervision de SM le Roi Mohammed VI, pr\u00e9sident du Comit\u00e9 Al Qods, a proc\u00e9d\u00e9 cette ann\u00e9e, avec le financement du Maroc, \u00e0 l\u2019allumage de lanternes dans tous les espaces de la ville sainte : la vieille ville d\u2019Al Qods, Burj Al-Luqluq, Selouane, Ouadi Al-Joz, Al-Issawiya, Beit Hanina, Shuafat et Jabel Muqaber.<\/p>\n\n\n\n<p>De m\u00eame, a-t-il ajout\u00e9, l\u2019Agence a lanc\u00e9 au d\u00e9but du Ramadan le programme d\u2019animation communautaire au profit de treize associations d&rsquo;Al Qods pour un montant global de 100.00 dollars, avec la participation de l&rsquo;Association du Centre culturel du Royaume du Maroc \u00ab\u00a0Dar Al Maghrib\u00a0\u00bb.<\/p>\n\n\n\n\n\n<p>Le programme d\u2019assistance sociale au profit des cat\u00e9gories n\u00e9cessiteuses \u00e0 Al Qods, dont le budget avoisine les 100.000 dollars, a b\u00e9n\u00e9fici\u00e9, quant \u00e0 lui, \u00e0 environ 124 familles d&rsquo;orphelins parrain\u00e9s par l\u2019Agence, 500 familles n\u00e9cessiteuses et personnes relevant de six institutions sociales et caritatives, 131 gardiens des \u00e9coles et 80 familles en situation difficile, a-t-il not\u00e9.<\/p>\n\n\n\n<p>Il a \u00e9galement \u00e9voqu\u00e9 l&rsquo;unit\u00e9 de veille, de coordination et de suivi des cas d&rsquo;urgence et de secours, cr\u00e9\u00e9e par l\u2019Agence au sein de l&rsquo;h\u00f4pital de l\u2019association caritative Al-Makassed \u00e0 Al Qods, laquelle repr\u00e9sente aux c\u00f4t\u00e9s de l&rsquo;h\u00f4pital de campagne un projet int\u00e9gr\u00e9 visant \u00e0 favoriser la communication entre les \u00e9quipes d&rsquo;urgence et de secours.<\/p>\n\n\n\n<p>Pour sa part, Cheikh Mohamed Hussein a salu\u00e9 l&rsquo;impact des actions continues de l\u2019Agence Bayt Mal Al Qods Acharif sur la ville sainte et la vie des Maqdessis.<\/p>\n\n\n\n<p>Il a \u00e9galement mis en exergue les contributions du Maroc, Roi et peuple, en Palestine ainsi que les liens unissant les deux peuples fr\u00e8res, notamment \u00e0 Al Qods, saluant \u00e0 cette occasion la cr\u00e9ation de \u00ab\u00a0Dar Al Maghrib\u00a0\u00bb \u00e0 Al Qods.<\/p>\n\n\n\n<p>Au terme de cette rencontre, le Mufti d&rsquo;Al Qods et de la Palestine a visit\u00e9 l&rsquo;exposition d\u2019art plastique \u00ab\u00a0La po\u00e9sie aux couleurs d\u2019Al-Qods: traits des po\u00e8tes par les plumes des plasticiens\u00a0\u00bb, install\u00e9e au si\u00e8ge de l&rsquo;Agence en c\u00e9l\u00e9bration de son jubil\u00e9 d\u2019argent.<\/p>\n\n\n\n<p>\/\/<\/p>\n\n\n\n<p>MAP<\/p>\n","protected":false},"excerpt":{"rendered":"<p>Rabat &#8211; 10 avril 2023 Le Mufti d&rsquo;Al Qods et de la Palestine, Cheikh Mohamed Hussein, a pris connaissance, lundi \u00e0 Rabat, des actions que m\u00e8ne l&rsquo;Agence Bayt Mal Al Qods Acharif dans la ville sainte \u00e0 l\u2019occasion du mois sacr\u00e9 de Ramadan. Lors d&rsquo;une rencontre avec le directeur charg\u00e9 de la gestion de l&rsquo;Agence&hellip;<\/p>\n","protected":false},"author":1,"featured_media":0,"comment_status":"open","ping_status":"open","sticky":false,"template":"","format":"standard","meta":{"inline_featured_image":false,"footnotes":""},"categories":[19],"tags":[],"class_list":["post-8002","post","type-post","status-publish","format-standard","hentry","category-informations","category-19","description-off"],"_links":{"self":[{"href":"https:\/\/www.bmaq.org\/fr\/wp-json\/wp\/v2\/posts\/8002","targetHints":{"allow":["GET"]}}],"collection":[{"href":"https:\/\/www.bmaq.org\/fr\/wp-json\/wp\/v2\/posts"}],"about":[{"href":"https:\/\/www.bmaq.org\/fr\/wp-json\/wp\/v2\/types\/post"}],"author":[{"embeddable":true,"href":"https:\/\/www.bmaq.org\/fr\/wp-json\/wp\/v2\/users\/1"}],"replies":[{"embeddable":true,"href":"https:\/\/www.bmaq.org\/fr\/wp-json\/wp\/v2\/comments?post=8002"}],"version-history":[{"count":0,"href":"https:\/\/www.bmaq.org\/fr\/wp-json\/wp\/v2\/posts\/8002\/revisions"}],"wp:attachment":[{"href":"https:\/\/www.bmaq.org\/fr\/wp-json\/wp\/v2\/media?parent=8002"}],"wp:term":[{"taxonomy":"category","embeddable":true,"href":"https:\/\/www.bmaq.org\/fr\/wp-json\/wp\/v2\/categories?post=8002"},{"taxonomy":"post_tag","embeddable":true,"href":"https:\/\/www.bmaq.org\/fr\/wp-json\/wp\/v2\/tags?post=8002"}],"curies":[{"name":"wp","href":"https:\/\/api.w.org\/{rel}","templated":true}]}}