{"id":7992,"date":"2023-03-08T00:00:00","date_gmt":"2023-03-07T21:00:00","guid":{"rendered":"https:\/\/www.bmaq.org\/2023\/03\/08\/8-mars-lagence-bayt-mal-al-qods-acharif-reitere-sa-solidarite-avec-la-femme-maqdessie\/"},"modified":"2023-03-08T00:00:00","modified_gmt":"2023-03-07T21:00:00","slug":"8-mars-lagence-bayt-mal-al-qods-acharif-reitere-sa-solidarite-avec-la-femme-maqdessie","status":"publish","type":"post","link":"https:\/\/www.bmaq.org\/fr\/2023\/03\/08\/8-mars-lagence-bayt-mal-al-qods-acharif-reitere-sa-solidarite-avec-la-femme-maqdessie\/","title":{"rendered":"8 mars: l&rsquo;agence Bayt Mal Al-Qods Acharif r\u00e9it\u00e8re sa solidarit\u00e9 avec la femme maqdessie"},"content":{"rendered":"\n<p>Al-Qods &#8211; 08 mars 2023<\/p>\n\n\n\n<p>L&rsquo;agence Bayt Mal Al-Qods Acharif a r\u00e9it\u00e9r\u00e9 sa solidarit\u00e9 avec la femme maqdessie eu \u00e9gard \u00e0 son r\u00f4le important dans la pr\u00e9servation de l&rsquo;identit\u00e9 arabo-islamique dans la ville sainte.<\/p>\n\n\n\n<p>Dans un message en hommage aux femmes d\u2019Al-Qods, \u00e0 l&rsquo;occasion de la Journ\u00e9e internationale de la femme qui co\u00efncide avec le 08 mars de chaque ann\u00e9e, l&rsquo;agence a soulign\u00e9 la place particuli\u00e8re qu&rsquo;occupent les femmes dans la soci\u00e9t\u00e9 arabe palestinienne.<\/p>\n\n\n\n<p>Mettant en avant les contributions et sacrifices de ces femmes dans la construction et le d\u00e9veloppement pour r\u00e9aliser le r\u00eave des g\u00e9n\u00e9rations de Palestiniens, malgr\u00e9 les difficult\u00e9s, l\u2019agence note que chacune d\u2019elles m\u00e9rite un hommage particulier non seulement en cette occasion, mais en toutes occasions.<\/p>\n\n\n\n<p>L&rsquo;agence Bayt Mal Al-Qods Acharif, relevant du Comit\u00e9 Al-Qods pr\u00e9sid\u00e9 par SM le Roi Mohammed VI, \u0153uvre inlassablement pour fournir une assistance \u00e0 toutes les cat\u00e9gorises de la soci\u00e9t\u00e9 \u00e0 Al-Qods, pour notamment am\u00e9liorer et valoriser leurs capacit\u00e9s,&nbsp; ajoute le message, affirmant qu&rsquo;elle travaille de mani\u00e8re permanente dans le but d&rsquo;adopter les donn\u00e9es permettant d&rsquo;am\u00e9liorer ses programmes dans la ville Sainte au profit des Maqdessis.<\/p>\n\n\n\n<p>Le Forum d\u2019Al-Qods pour les femmes et les jeunes palestiniens, pr\u00e9vu en juillet prochain,&nbsp; qui s&rsquo;inscrit dans le cadre de la c\u00e9l\u00e9bration de l&rsquo;anniversaire de l&rsquo;agence, est une \u00e9tape importante pour mettre en avant le r\u00f4le des femmes dans la pr\u00e9servation de l&rsquo;identit\u00e9 communautaire dans la ville, la consolidation de ses valeurs civilisationnelles et la sauvegarde de ses sp\u00e9cificit\u00e9s arabo-islamiques.<\/p>\n\n\n\n<p>Lors du Forum d\u2019Al-Qods pour les femmes et les jeunes palestiniens, l&rsquo;agence aspire \u00e0 r\u00e9unir deux cat\u00e9gories importantes de la soci\u00e9t\u00e9, caract\u00e9ris\u00e9es par leur esprit de pers\u00e9v\u00e9rance et de sacrifice, afin qu&rsquo;elles puissent discuter de la r\u00e9alit\u00e9 de la situation actuelle et ses cons\u00e9quences, \u00e0 la lumi\u00e8re des d\u00e9fis que la ville sainte conna\u00eet constamment, selon la m\u00eame source.<\/p>\n\n\n\n<p>\/\/<\/p>\n\n\n\n<p>MAP<\/p>\n","protected":false},"excerpt":{"rendered":"<p>Al-Qods &#8211; 08 mars 2023 L&rsquo;agence Bayt Mal Al-Qods Acharif a r\u00e9it\u00e9r\u00e9 sa solidarit\u00e9 avec la femme maqdessie eu \u00e9gard \u00e0 son r\u00f4le important dans la pr\u00e9servation de l&rsquo;identit\u00e9 arabo-islamique dans la ville sainte. Dans un message en hommage aux femmes d\u2019Al-Qods, \u00e0 l&rsquo;occasion de la Journ\u00e9e internationale de la femme qui co\u00efncide avec le&hellip;<\/p>\n","protected":false},"author":1,"featured_media":7993,"comment_status":"open","ping_status":"open","sticky":false,"template":"","format":"standard","meta":{"inline_featured_image":false,"footnotes":""},"categories":[19],"tags":[],"class_list":["post-7992","post","type-post","status-publish","format-standard","has-post-thumbnail","hentry","category-informations","category-19","description-off"],"_links":{"self":[{"href":"https:\/\/www.bmaq.org\/fr\/wp-json\/wp\/v2\/posts\/7992","targetHints":{"allow":["GET"]}}],"collection":[{"href":"https:\/\/www.bmaq.org\/fr\/wp-json\/wp\/v2\/posts"}],"about":[{"href":"https:\/\/www.bmaq.org\/fr\/wp-json\/wp\/v2\/types\/post"}],"author":[{"embeddable":true,"href":"https:\/\/www.bmaq.org\/fr\/wp-json\/wp\/v2\/users\/1"}],"replies":[{"embeddable":true,"href":"https:\/\/www.bmaq.org\/fr\/wp-json\/wp\/v2\/comments?post=7992"}],"version-history":[{"count":0,"href":"https:\/\/www.bmaq.org\/fr\/wp-json\/wp\/v2\/posts\/7992\/revisions"}],"wp:featuredmedia":[{"embeddable":true,"href":"https:\/\/www.bmaq.org\/fr\/wp-json\/wp\/v2\/media\/7993"}],"wp:attachment":[{"href":"https:\/\/www.bmaq.org\/fr\/wp-json\/wp\/v2\/media?parent=7992"}],"wp:term":[{"taxonomy":"category","embeddable":true,"href":"https:\/\/www.bmaq.org\/fr\/wp-json\/wp\/v2\/categories?post=7992"},{"taxonomy":"post_tag","embeddable":true,"href":"https:\/\/www.bmaq.org\/fr\/wp-json\/wp\/v2\/tags?post=7992"}],"curies":[{"name":"wp","href":"https:\/\/api.w.org\/{rel}","templated":true}]}}