{"id":7983,"date":"2023-03-23T00:00:00","date_gmt":"2023-03-22T21:00:00","guid":{"rendered":"https:\/\/www.bmaq.org\/2023\/03\/23\/lancement-dans-la-ville-sainte-du-programme-danimation-communautaire-de-lagence-beyt-mal-al-qods-finance-par-le-maroc\/"},"modified":"2023-03-23T00:00:00","modified_gmt":"2023-03-22T21:00:00","slug":"lancement-dans-la-ville-sainte-du-programme-danimation-communautaire-de-lagence-beyt-mal-al-qods-finance-par-le-maroc","status":"publish","type":"post","link":"https:\/\/www.bmaq.org\/fr\/2023\/03\/23\/lancement-dans-la-ville-sainte-du-programme-danimation-communautaire-de-lagence-beyt-mal-al-qods-finance-par-le-maroc\/","title":{"rendered":"Lancement dans la Ville Sainte du Programme d&rsquo;animation communautaire de l&rsquo;Agence Beyt Mal Al-Qods, financ\u00e9 par le Maroc"},"content":{"rendered":"\n<p>Al-Qods &#8211; 24 mars 2023<\/p>\n\n\n\n<p>Le programme d&rsquo;animation communautaire de l&rsquo;Agence Bayt Mal Al-Qods Acharif a \u00e9t\u00e9 lanc\u00e9, jeudi, dans la Ville Sainte \u00e0 l&rsquo;occasion du mois sacr\u00e9 du Ramadan, avec un financement marocain.<\/p>\n\n\n\n<p>Cela a eu lieu lors des activit\u00e9s de la c\u00e9r\u00e9monie d&rsquo;allumage de la lanterne du Ramadan sur l\u2019espace de l&rsquo;association Burj Al-Luqluq, \u00e0 c\u00f4t\u00e9 de la mosqu\u00e9e Al-Aqsa, en pr\u00e9sence du directeur charg\u00e9 de la gestion de l&rsquo;Agence Beyt Mal Al-Qods Acharif, Mohamed Salem Echarkaoui.<\/p>\n\n\n\n<figure class=\"wp-block-image size-large\"><img decoding=\"async\" src=\"https:\/\/devprojects2022.lifemoz.com\/bmaq_old\/wp-content\/uploads\/2023\/04\/2-4-1024x1024.jpg\" alt=\"\" class=\"wp-image-2816\"\/><\/figure>\n\n\n\n<p>L&rsquo;Agence a lanc\u00e9 son programme d&rsquo;activation avec la participation de l\u2019association du Centre culturel marocain &#8211; Maison du Maroc- avec 10 associations maqdessies.<\/p>\n\n\n\n<p>Dans une allocution \u00e0 cette occasion, M. Echarkaoui a indiqu\u00e9 que l&rsquo;Agence Bayt Mal Al-Qods Acharif, qui a l&rsquo;honneur de travailler sous la supervision de Sa Majest\u00e9 le Roi Mohammed VI, Pr\u00e9sident du Comit\u00e9 Al-Qods, continue de remplir sa mission sociale et humanitaire, en toutes circonstances, pour prot\u00e9ger Al-Qods et pr\u00e9server son patrimoine religieux et civilisationnel.<\/p>\n\n\n\n<p>Il a mis l\u2019accent sur la poursuite de la mise en \u0153uvre par l&rsquo;Agence des instructions de Sa Majest\u00e9 le Roi pour soutenir les institutions d\u2019Al-Qods, avec les moyens disponibles, soulignant la n\u00e9cessit\u00e9 de pr\u00e9server l\u2019esprit d\u2019Al-Qods, ses secrets et ses valeurs religieuse et civilisationnelle.<\/p>\n\n\n\n<figure class=\"wp-block-image size-large\"><img decoding=\"async\" src=\"https:\/\/devprojects2022.lifemoz.com\/bmaq_old\/wp-content\/uploads\/2023\/04\/4-1024x1024.jpg\" alt=\"\" class=\"wp-image-2817\"\/><\/figure>\n\n\n\n<p>D&rsquo;autre part, M. Echarkaoui a \u00e9voqu\u00e9 la pr\u00e9sence marocaine sur la terre de Palestine depuis plus de mille ans, affirmant que les Marocains continueront \u00ab\u00a0dans leur engagement de soutenir leurs fr\u00e8res en Palestine sans h\u00e9sitation, abandon ou \u00e9quivoque\u00a0\u00bb.<\/p>\n\n\n\n<p>Des milliers de Maqdessis ont particip\u00e9 \u00e0 ce rendez-vous annuel, qui co\u00efncide avec l&rsquo;av\u00e8nement du mois sacr\u00e9 du Ramadan, avec la pr\u00e9sence d&rsquo;un certain nombre de clubs et d&rsquo;institutions d\u2019Al-Qods, de groupes artistiques, d&rsquo;artistes et de b\u00e9n\u00e9voles.<\/p>\n\n\n\n<p>Les cort\u00e8ges de porteurs de flambeaux et de bougies se sont d\u00e9plac\u00e9s dans les rues, men\u00e9s par des troupes de chants traditionnels, des \u00e9quipes de scouts, la troupe \u00ab\u00a0Fanakeesh\u00a0\u00bb et des artistes clowns, avec la participation d&rsquo;un groupe th\u00e9\u00e2tral qui attire l&rsquo;attention des porteurs de lanternes parmi les enfants d\u2019Al-Qods, qui partagent avec leurs familles cette c\u00e9l\u00e9bration.<\/p>\n\n\n\n<p>Cette f\u00eate a \u00e9t\u00e9 c\u00e9l\u00e9br\u00e9e en allumant l&rsquo;immense lanterne, qui a une hauteur de plus de 9 m\u00e8tres, au si\u00e8ge de l&rsquo;association Burj Al-Luqluq, tandis que les chanteurs ont anim\u00e9 une soir\u00e9e de Ramadan, rythm\u00e9e par des chants religieux.<\/p>\n\n\n\n<p>\/\/<\/p>\n\n\n\n<p>MAP<\/p>\n","protected":false},"excerpt":{"rendered":"<p>Al-Qods &#8211; 24 mars 2023 Le programme d&rsquo;animation communautaire de l&rsquo;Agence Bayt Mal Al-Qods Acharif a \u00e9t\u00e9 lanc\u00e9, jeudi, dans la Ville Sainte \u00e0 l&rsquo;occasion du mois sacr\u00e9 du Ramadan, avec un financement marocain. Cela a eu lieu lors des activit\u00e9s de la c\u00e9r\u00e9monie d&rsquo;allumage de la lanterne du Ramadan sur l\u2019espace de l&rsquo;association Burj&hellip;<\/p>\n","protected":false},"author":1,"featured_media":0,"comment_status":"open","ping_status":"open","sticky":false,"template":"","format":"standard","meta":{"inline_featured_image":false,"footnotes":""},"categories":[19],"tags":[],"class_list":["post-7983","post","type-post","status-publish","format-standard","hentry","category-informations","category-19","description-off"],"_links":{"self":[{"href":"https:\/\/www.bmaq.org\/fr\/wp-json\/wp\/v2\/posts\/7983","targetHints":{"allow":["GET"]}}],"collection":[{"href":"https:\/\/www.bmaq.org\/fr\/wp-json\/wp\/v2\/posts"}],"about":[{"href":"https:\/\/www.bmaq.org\/fr\/wp-json\/wp\/v2\/types\/post"}],"author":[{"embeddable":true,"href":"https:\/\/www.bmaq.org\/fr\/wp-json\/wp\/v2\/users\/1"}],"replies":[{"embeddable":true,"href":"https:\/\/www.bmaq.org\/fr\/wp-json\/wp\/v2\/comments?post=7983"}],"version-history":[{"count":0,"href":"https:\/\/www.bmaq.org\/fr\/wp-json\/wp\/v2\/posts\/7983\/revisions"}],"wp:attachment":[{"href":"https:\/\/www.bmaq.org\/fr\/wp-json\/wp\/v2\/media?parent=7983"}],"wp:term":[{"taxonomy":"category","embeddable":true,"href":"https:\/\/www.bmaq.org\/fr\/wp-json\/wp\/v2\/categories?post=7983"},{"taxonomy":"post_tag","embeddable":true,"href":"https:\/\/www.bmaq.org\/fr\/wp-json\/wp\/v2\/tags?post=7983"}],"curies":[{"name":"wp","href":"https:\/\/api.w.org\/{rel}","templated":true}]}}