{"id":7982,"date":"2023-03-21T00:00:00","date_gmt":"2023-03-20T21:00:00","guid":{"rendered":"https:\/\/www.bmaq.org\/2023\/03\/21\/vernissage-a-rabat-de-lexposition-la-poesie-aux-couleurs-dal-qods-traits-des-poetes-par-les-plumes-des-plasticiens\/"},"modified":"2023-03-21T00:00:00","modified_gmt":"2023-03-20T21:00:00","slug":"vernissage-a-rabat-de-lexposition-la-poesie-aux-couleurs-dal-qods-traits-des-poetes-par-les-plumes-des-plasticiens","status":"publish","type":"post","link":"https:\/\/www.bmaq.org\/fr\/2023\/03\/21\/vernissage-a-rabat-de-lexposition-la-poesie-aux-couleurs-dal-qods-traits-des-poetes-par-les-plumes-des-plasticiens\/","title":{"rendered":"Vernissage \u00e0 Rabat de l&rsquo;exposition \u00ab\u00a0La po\u00e9sie aux couleurs d&rsquo;Al-Qods: traits des po\u00e8tes par les plumes des plasticiens\u00a0\u00bb"},"content":{"rendered":"\n<p>Rabat &#8211; 21 mars 2023<\/p>\n\n\n\n<p>L&rsquo;Agence Bayt Mal Al-Qods Acharif a accueilli, lundi soir, le vernissage d&rsquo;une exposition d&rsquo;art plastique sous le signe \u00ab\u00a0La po\u00e9sie aux couleurs d&rsquo;Al-Qods: traits des po\u00e8tes par les plumes des plasticiens\u00a0\u00bb, en comm\u00e9moration du jubil\u00e9 d&rsquo;argent de l&rsquo;agence.<\/p>\n\n\n\n<p>Vingt-cinq plasticiens et autant de po\u00e8tes participent \u00e0 cette exposition organis\u00e9e tout au long du mois de Ramadan dans le cadre d&rsquo;une convention de partenariat liant l&rsquo;agence \u00e0 la Maison de la po\u00e9sie au Maroc et au Syndicat marocain des artistes plasticiens professionnels.<\/p>\n\n\n\n<p>Dans une allocution lors de la c\u00e9r\u00e9monie d&rsquo;inauguration, qui s&rsquo;est d\u00e9roul\u00e9e en pr\u00e9sence de l&rsquo;ambassadeur de Palestine au Maroc, Jamal Al Shobaki, et d&rsquo;une pl\u00e9iade de plasticiens et d&rsquo;hommes de lettres et de culture, le ministre de la Jeunesse, de la Culture et de la Communication, Mohamed Mehdi Bensaid, a soulign\u00e9 que le bilan r\u00e9alis\u00e9 sur 25 ans par l&rsquo;Agence Bayt Mal Al-Qods, bras ex\u00e9cutif du Comit\u00e9 Al-Qods, constitue \u00ab\u00a0une source de fiert\u00e9 pour les Marocains\u00a0\u00bb, vu ses apports en mati\u00e8re de soutien \u00e0 la ville sainte et \u00e0 ses habitants.<\/p>\n\n\n\n<p>Rappelant que la cause palestinienne est l&rsquo;une des priorit\u00e9s de la politique \u00e9trang\u00e8re du Royaume du Maroc, M. Bensaid a not\u00e9 que l&rsquo;agence a men\u00e9, sous la sage conduite de SM le Roi Mohammed VI, beaucoup d&rsquo;initiatives humanitaires et d&rsquo;actions visant la d\u00e9fense d&rsquo;Al-Qods et la pr\u00e9servation de son cachet religieux et de son identit\u00e9 historique et civilisationnelle.<\/p>\n\n\n\n<p>De son c\u00f4t\u00e9, le directeur charg\u00e9 de la gestion de l&rsquo;Agence Bayt Mal Al-Qods Acharif, Mohamed Salem Cherkaoui, a soulign\u00e9 que l&rsquo;agence poursuit l&rsquo;accomplissement de ses missions socio-humanitaires pour soutenir la r\u00e9sistance des Maqdessis, rappelant qu&rsquo;un financement de 3,4 millions de dollars, 100% marocain, a \u00e9t\u00e9 mobilis\u00e9 cette ann\u00e9e pour appuyer les secteurs de l&rsquo;\u00e9ducation, de la sant\u00e9, de l&rsquo;assistance sociale et de la culture.<\/p>\n\n\n\n<figure class=\"wp-block-image size-large\"><img decoding=\"async\" src=\"https:\/\/devprojects2022.lifemoz.com\/bmaq_old\/wp-content\/uploads\/2023\/04\/1-5-1024x1024.jpg\" alt=\"\" class=\"wp-image-2810\"\/><\/figure>\n\n\n\n<p>A l&rsquo;occasion de Ramadan, l&rsquo;Agence lancera un programme sp\u00e9cial dans la ville d&rsquo;Al-Qods, qui porte sur des projets d&rsquo;assistance sociale, de d\u00e9veloppement humain et d&rsquo;animation culturelle et artistique, a-t-il indiqu\u00e9, ajoutant que d&rsquo;autres activit\u00e9s seront organis\u00e9es durant le mois b\u00e9ni en partenariat avec l&rsquo;association du Centre culturel marocain \u00ab\u00a0Bayt Al-Maghrib\u00a0\u00bb \u00e0 Al-Qods.<\/p>\n\n\n\n<p>Intervenant \u00e0 cette occasion, le pr\u00e9sident du Syndicat marocain des artistes plasticiens professionnels, Mohamed Mansouri Idrissi, s&rsquo;est dit fier de participer \u00e0 la comm\u00e9moration du 25\u00e8me anniversaire de la cr\u00e9ation de l&rsquo;Agence Bayt Mal Al-Qods Acharif, rappelant certaines initiatives phares de cette institution.<\/p>\n\n\n\n<p>L&rsquo;exposition met en \u00e9vidence la solidarit\u00e9 de l&rsquo;\u00e9lite artistique et culturelle marocaine avec la cause palestinienne, a-t-il relev\u00e9, soulignant que les valeurs de paix, d&rsquo;ouverture et de vivre-ensemble ont toujours fait partie de l&rsquo;ADN du peuple marocain.<\/p>\n\n\n\n<figure class=\"wp-block-image size-large\"><img decoding=\"async\" src=\"https:\/\/devprojects2022.lifemoz.com\/bmaq_old\/wp-content\/uploads\/2023\/04\/5-1-1024x1024.jpg\" alt=\"\" class=\"wp-image-2811\"\/><\/figure>\n\n\n\n<p>Dans une d\u00e9claration \u00e0 la MAP, le pr\u00e9sident de la Maison de la po\u00e9sie au Maroc, Mourad Kadiri, a indiqu\u00e9 que cet \u00e9v\u00e9nement est l&rsquo;occasion idoine d&rsquo;\u00e9mettre un message d&rsquo;amiti\u00e9 et de solidarit\u00e9 \u00e0 l&rsquo;endroit d&rsquo;Al-Qods Acharif et de la cause palestinienne, dont les Marocains ont toujours fait une cause nationale.<\/p>\n\n\n\n<p>A l&rsquo;occasion de cette exposition, il a \u00e9t\u00e9 proc\u00e9d\u00e9 au d\u00e9voilement d&rsquo;un timbre-poste comm\u00e9morant le 25\u00e8me anniversaire de l&rsquo;Agence Bayt Mal Al-Qods Acharif, r\u00e9alis\u00e9 dans le cadre d&rsquo;un partenariat entre le groupe Barid Al-Maghrib et l&rsquo;agence. Cette \u00e9mission sp\u00e9ciale s&rsquo;ajoute \u00e0 d&rsquo;autres consacr\u00e9es \u00e0 la cit\u00e9 sainte, \u00e0 l&rsquo;instar de \u00ab\u00a0Al-Qods capitale de la Palestine\u00a0\u00bb et \u00ab\u00a0Al-Qods capitale de la culture arabe\u00a0\u00bb.<\/p>\n\n\n\n<p>Cr\u00e9\u00e9e \u00e0 l&rsquo;initiative de Feu SM Hassan II en 1998, l\u2019Agence Bayt Mal Al-Qods Acharif s\u2019assigne pour objectifs de mobiliser les ressources mat\u00e9rielles et financi\u00e8res n\u00e9cessaires pour la d\u00e9fense des droits inali\u00e9nables des Palestiniens sur la ville d\u2019Al-Qods en tant que capitale de l\u2019\u00c9tat de Palestine et pour la sauvegarde de son cachet arabo-islamique et son patrimoine civilisationnel, religieux, culturel et architectural.<\/p>\n\n\n\n<p>\/\/<\/p>\n\n\n\n<p>MAP<\/p>\n\n\n\n<figure class=\"wp-block-image size-large\"><img decoding=\"async\" src=\"https:\/\/devprojects2022.lifemoz.com\/bmaq_old\/wp-content\/uploads\/2023\/04\/2-3-1024x1024.jpg\" alt=\"\" class=\"wp-image-2812\"\/><\/figure>\n","protected":false},"excerpt":{"rendered":"<p>Rabat &#8211; 21 mars 2023 L&rsquo;Agence Bayt Mal Al-Qods Acharif a accueilli, lundi soir, le vernissage d&rsquo;une exposition d&rsquo;art plastique sous le signe \u00ab\u00a0La po\u00e9sie aux couleurs d&rsquo;Al-Qods: traits des po\u00e8tes par les plumes des plasticiens\u00a0\u00bb, en comm\u00e9moration du jubil\u00e9 d&rsquo;argent de l&rsquo;agence. Vingt-cinq plasticiens et autant de po\u00e8tes participent \u00e0 cette exposition organis\u00e9e tout&hellip;<\/p>\n","protected":false},"author":1,"featured_media":0,"comment_status":"open","ping_status":"open","sticky":false,"template":"","format":"standard","meta":{"inline_featured_image":false,"footnotes":""},"categories":[19],"tags":[],"class_list":["post-7982","post","type-post","status-publish","format-standard","hentry","category-informations","category-19","description-off"],"_links":{"self":[{"href":"https:\/\/www.bmaq.org\/fr\/wp-json\/wp\/v2\/posts\/7982","targetHints":{"allow":["GET"]}}],"collection":[{"href":"https:\/\/www.bmaq.org\/fr\/wp-json\/wp\/v2\/posts"}],"about":[{"href":"https:\/\/www.bmaq.org\/fr\/wp-json\/wp\/v2\/types\/post"}],"author":[{"embeddable":true,"href":"https:\/\/www.bmaq.org\/fr\/wp-json\/wp\/v2\/users\/1"}],"replies":[{"embeddable":true,"href":"https:\/\/www.bmaq.org\/fr\/wp-json\/wp\/v2\/comments?post=7982"}],"version-history":[{"count":0,"href":"https:\/\/www.bmaq.org\/fr\/wp-json\/wp\/v2\/posts\/7982\/revisions"}],"wp:attachment":[{"href":"https:\/\/www.bmaq.org\/fr\/wp-json\/wp\/v2\/media?parent=7982"}],"wp:term":[{"taxonomy":"category","embeddable":true,"href":"https:\/\/www.bmaq.org\/fr\/wp-json\/wp\/v2\/categories?post=7982"},{"taxonomy":"post_tag","embeddable":true,"href":"https:\/\/www.bmaq.org\/fr\/wp-json\/wp\/v2\/tags?post=7982"}],"curies":[{"name":"wp","href":"https:\/\/api.w.org\/{rel}","templated":true}]}}