{"id":7974,"date":"2023-03-04T00:00:00","date_gmt":"2023-03-03T21:00:00","guid":{"rendered":"https:\/\/www.bmaq.org\/2023\/03\/04\/m-cherkaoui-plaide-pour-la-contribution-au-financement-des-projets-sociaux-a-al-qods-acharif\/"},"modified":"2023-03-04T00:00:00","modified_gmt":"2023-03-03T21:00:00","slug":"m-cherkaoui-plaide-pour-la-contribution-au-financement-des-projets-sociaux-a-al-qods-acharif","status":"publish","type":"post","link":"https:\/\/www.bmaq.org\/fr\/2023\/03\/04\/m-cherkaoui-plaide-pour-la-contribution-au-financement-des-projets-sociaux-a-al-qods-acharif\/","title":{"rendered":"M. Cherkaoui plaide pour la contribution au financement des projets sociaux \u00e0 Al-Qods Acharif"},"content":{"rendered":"\n<p>Rabat &#8211; 04 mars 2023<\/p>\n\n\n\n<p>Le directeur charg\u00e9 de la gestion de l&rsquo;Agence Bayt Mal Al-Qods Acharif, Mohamed Salem Cherkaoui, a appel\u00e9, vendredi \u00e0 Rabat, \u00e0 contribuer au financement des projets sociaux de l&rsquo;Agence dans la ville sainte d&rsquo;Al-Qods.<\/p>\n\n\n\n<p>Intervenant lors de la \u00ab\u00a0Nuit de la Charit\u00e9\u00a0\u00bb, une soir\u00e9e caritative organis\u00e9e au si\u00e8ge de l&rsquo;Agence, M. Cherkaoui a indiqu\u00e9 que la question du financement figure \u00e0 la t\u00eate des d\u00e9fis qui emp\u00eachent la r\u00e9alisation des objectifs de l&rsquo;Agence, au regard des ressources financi\u00e8res limit\u00e9es et de l&rsquo;arr\u00eat par les pays membres du financement de cette institution depuis 2011. Cette situation impose \u00e0 l&rsquo;Agence de trouver des m\u00e9canismes et des moyens pour diversifier ses sources de financement, conform\u00e9ment \u00e0 ses statuts et aux d\u00e9cisions et recommandations \u00e9mises par les sommets islamiques de l&rsquo;Organisation de la Coop\u00e9ration islamique (OCI) et les d\u00e9cisions du Comit\u00e9 Al-Qods, a-t-il ajout\u00e9.<\/p>\n\n\n\n<p>Cette manifestation est une soir\u00e9e caritative ouverte aux hommes d&rsquo;affaires marocains, particuliers et institutions, pour se mobiliser au financement des programmes et projets de l&rsquo;Agence pendant le mois sacr\u00e9 de Ramadan, a-t-il soutenu.<\/p>\n\n\n\n<p>Dans ce sens, il a annonc\u00e9 la cr\u00e9ation de l&rsquo;Instance de soutien volontaire aux programmes de l&rsquo;Agence Bayt Mal Al-Qods Acharif qui sera compos\u00e9e de particuliers marocains, d&rsquo;hommes d&rsquo;affaires et d&rsquo;institutions priv\u00e9es, conform\u00e9ment aux d\u00e9cisions du 9\u00e8 sommet de l&rsquo;OCI, tenu \u00e0 Doha du 12 au 13 novembre 2000, et aux d\u00e9cisions du premier Conseil d&rsquo;administration de l&rsquo;Agence tenu \u00e0 Marrakech le 14 f\u00e9vrier 2000.<\/p>\n\n\n\n<p>Selon M. Charkaoui, cette instance aura notamment pour mission d&rsquo;aider l&rsquo;Agence \u00e0 mobiliser des financements pour ses programmes et projets \u00e0 Al-Qods, \u00e0 faire conna\u00eetre l&rsquo;Agence et ses r\u00e9alisations et la faire b\u00e9n\u00e9ficier des r\u00e9seaux de connaissances et des exp\u00e9riences de ses membres, individus et institutions, dans les domaines de plaidoyer et de soutien technique aux projets humanitaires et de d\u00e9veloppement.<\/p>\n\n\n\n<p>Elle contribuera \u00e9galement en investissant dans les solutions d&rsquo;information d\u00e9velopp\u00e9es par l&rsquo;Agence pour organiser, communiquer, \u00e9valuer et mesurer l&rsquo;impact, et soutenir les plateformes de l&rsquo;Agence r\u00e9serv\u00e9es aux dons \u00e9lectroniques, le commerce social et solidaire et les programmes de formation et de formation \u00e0 distance.<\/p>\n\n\n\n<p>Cette soir\u00e9e de charit\u00e9 n&rsquo;est qu&rsquo;une autre preuve de l&rsquo;engagement infaillible des Marocains envers la d\u00e9fense de la ville d&rsquo;Al-Qods Acharif, depuis plus de mille ans, alors qu&rsquo;ils ont eu l&rsquo;honneur d&rsquo;\u00eatre au coeur de la Ville Sainte et d&rsquo;y habiter aux c\u00f4t\u00e9s de leurs fr\u00e8res les Maqdessis.<\/p>\n\n\n\n<p>Cette soir\u00e9e a \u00e9t\u00e9 marqu\u00e9e notamment par la projection d&rsquo;un court-m\u00e9trage retra\u00e7ant les programmes d&rsquo;assistance sociale r\u00e9alis\u00e9s \u00e0 Al-Qods Acharif au cours du Ramadan 2022 et la pr\u00e9sentation du programme social pour ce Ramadan ainsi que des chants religieux et des r\u00e9citations po\u00e9tiques.<\/p>\n\n\n\n<p>\/\/<\/p>\n\n\n\n<p>MAP<\/p>\n","protected":false},"excerpt":{"rendered":"<p>Rabat &#8211; 04 mars 2023 Le directeur charg\u00e9 de la gestion de l&rsquo;Agence Bayt Mal Al-Qods Acharif, Mohamed Salem Cherkaoui, a appel\u00e9, vendredi \u00e0 Rabat, \u00e0 contribuer au financement des projets sociaux de l&rsquo;Agence dans la ville sainte d&rsquo;Al-Qods. Intervenant lors de la \u00ab\u00a0Nuit de la Charit\u00e9\u00a0\u00bb, une soir\u00e9e caritative organis\u00e9e au si\u00e8ge de l&rsquo;Agence,&hellip;<\/p>\n","protected":false},"author":1,"featured_media":7975,"comment_status":"open","ping_status":"open","sticky":false,"template":"","format":"standard","meta":{"inline_featured_image":false,"footnotes":""},"categories":[19],"tags":[],"class_list":["post-7974","post","type-post","status-publish","format-standard","has-post-thumbnail","hentry","category-informations","category-19","description-off"],"_links":{"self":[{"href":"https:\/\/www.bmaq.org\/fr\/wp-json\/wp\/v2\/posts\/7974","targetHints":{"allow":["GET"]}}],"collection":[{"href":"https:\/\/www.bmaq.org\/fr\/wp-json\/wp\/v2\/posts"}],"about":[{"href":"https:\/\/www.bmaq.org\/fr\/wp-json\/wp\/v2\/types\/post"}],"author":[{"embeddable":true,"href":"https:\/\/www.bmaq.org\/fr\/wp-json\/wp\/v2\/users\/1"}],"replies":[{"embeddable":true,"href":"https:\/\/www.bmaq.org\/fr\/wp-json\/wp\/v2\/comments?post=7974"}],"version-history":[{"count":0,"href":"https:\/\/www.bmaq.org\/fr\/wp-json\/wp\/v2\/posts\/7974\/revisions"}],"wp:featuredmedia":[{"embeddable":true,"href":"https:\/\/www.bmaq.org\/fr\/wp-json\/wp\/v2\/media\/7975"}],"wp:attachment":[{"href":"https:\/\/www.bmaq.org\/fr\/wp-json\/wp\/v2\/media?parent=7974"}],"wp:term":[{"taxonomy":"category","embeddable":true,"href":"https:\/\/www.bmaq.org\/fr\/wp-json\/wp\/v2\/categories?post=7974"},{"taxonomy":"post_tag","embeddable":true,"href":"https:\/\/www.bmaq.org\/fr\/wp-json\/wp\/v2\/tags?post=7974"}],"curies":[{"name":"wp","href":"https:\/\/api.w.org\/{rel}","templated":true}]}}