{"id":7973,"date":"2023-02-24T00:00:00","date_gmt":"2023-02-23T21:00:00","guid":{"rendered":"https:\/\/www.bmaq.org\/2023\/02\/24\/maroc-palestine-regards-croises-sur-la-prise-en-charge-des-cas-durgence\/"},"modified":"2023-02-24T00:00:00","modified_gmt":"2023-02-23T21:00:00","slug":"maroc-palestine-regards-croises-sur-la-prise-en-charge-des-cas-durgence","status":"publish","type":"post","link":"https:\/\/www.bmaq.org\/fr\/2023\/02\/24\/maroc-palestine-regards-croises-sur-la-prise-en-charge-des-cas-durgence\/","title":{"rendered":"Maroc-Palestine : Regards crois\u00e9s sur la prise en charge des cas d&rsquo;urgence"},"content":{"rendered":"\n<p>Rabat \u2013 24 F\u00e9vrier 2023<\/p>\n\n\n\n<p>L&rsquo;Agence Bayt Mal Al-Qods Acharif a organis\u00e9, jeudi \u00e0 Rabat, un colloque braquant les projecteurs sur les exp\u00e9riences marocaine et palestinienne dans la prise en charge des cas d&rsquo;urgence et de secours.<\/p>\n\n\n\n<p>Tenu en coop\u00e9ration avec le minist\u00e8re de la Sant\u00e9 et de la Protection Sociale, ce colloque a \u00e9t\u00e9 l&rsquo;occasion de mettre en avant les meilleures pratiques accumul\u00e9es par le staff m\u00e9dical et infirmier palestinien et les ambulanciers dans la prise en charge des urgences vitales.<\/p>\n\n\n\n<p>Des m\u00e9decins sp\u00e9cialistes d&rsquo;Al-Qods, en visite dans le Royaume \u00e0 l&rsquo;invitation de l&rsquo;Agence, ont ainsi pr\u00e9sent\u00e9 devant leurs homologues marocains leurs exp\u00e9riences dans la prise en charge des maqdessis victimes des \u00e9v\u00e9nements tragiques que connait la ville sainte, touch\u00e9s par des tirs \u00e0 balles r\u00e9elles ou en caoutchouc ou \u00e9touff\u00e9s suite \u00e0 l&rsquo;usage par les forces isra\u00e9liennes de bombes lacrymog\u00e8nes ou des canaux \u00e0 eau us\u00e9e, selon un communiqu\u00e9 de l&rsquo;Agence.<\/p>\n\n\n\n<p>Cependant, ces interventions sont parfois entrav\u00e9es par la difficult\u00e9 des ambulances \u00e0 atteindre les lieux o\u00f9 la tension r\u00e8gne habituellement, plus pr\u00e9cis\u00e9ment \u00e0 l&rsquo;int\u00e9rieur des murs de la vieille ville et sur l&rsquo;esplanade de la mosqu\u00e9e Al-Aqsa, en raison des blocages et des interdictions, ce qui complique la t\u00e2che des \u00e9quipes de secours.<\/p>\n\n\n\n<p>A cela s&rsquo;ajoute, pr\u00e9cise la m\u00eame source, la difficult\u00e9 de prise en charge de certains cas d\u00e9licats dans les h\u00f4pitaux de campagne d\u00e9ploy\u00e9s par le Croissant-Rouge palestinien, dont les \u00e9quipes se voient oblig\u00e9es de les transf\u00e9rer aussit\u00f4t que possible aux services d&rsquo;urgence de l&rsquo;h\u00f4pital Al-Maqasid.<\/p>\n\n\n\n<p>A l&rsquo;entame de ce colloque, le secr\u00e9taire g\u00e9n\u00e9ral du minist\u00e8re de la Sant\u00e9 et de la Protection sociale, Abdelkrim Meziane Belfkih, a souhait\u00e9 au nom du ministre Khaled Ait Taleb, la bienvenue \u00e0 la d\u00e9l\u00e9gation m\u00e9dicale palestinienne, tout en saluant cette initiative qui offre de nouvelles perspectives pour l&rsquo;\u00e9change d&rsquo;expertises et d&rsquo;exp\u00e9riences entre les sp\u00e9cialistes des deux pays, que ce soit par les canaux officiels de communication entre les minist\u00e8res ou \u00e0 la faveur des efforts d\u00e9ploy\u00e9s par l&rsquo;Agence Bayt Mal Al-Qods Acharif, sur Hautes Instructions de Sa Majest\u00e9 le Roi Mohammed VI, Pr\u00e9sident du Comit\u00e9 Al-Qods.<\/p>\n\n\n\n<p>Au cours de cette rencontre, qui s&rsquo;est d\u00e9roul\u00e9e \u00e0 l\u2019\u00c9cole Nationale de Sant\u00e9 Publique, Dr Ilham Bachiss, chef de la Division des urgences et secours \u00e0 la Direction des h\u00f4pitaux et des soins Ambulatoires au minist\u00e8re, a pr\u00e9sent\u00e9 un expos\u00e9 sur l&rsquo;organisation du syst\u00e8me des urgences au Maroc, \u00e0 l&rsquo;int\u00e9rieur et \u00e0 l&rsquo;ext\u00e9rieur des h\u00f4pitaux et centres de sant\u00e9.<\/p>\n\n\n\n<p>Citant des exemples de l&rsquo;exp\u00e9rience marocaine dans la gestion des situations d&rsquo;urgence et des catastrophes, Dr Bachiss a pass\u00e9 en revue les grandes lignes du plan de riposte \u00e0 la pand\u00e9mie du Covid-19 ainsi que les moyens logistiques et humains mobilis\u00e9s par le gouvernement dans le cadre de la coordination entre les diff\u00e9rents d\u00e9partements concern\u00e9s.<\/p>\n\n\n\n<p>Du c\u00f4t\u00e9 palestinien, ont pris a ce colloque le directeur de l&rsquo;h\u00f4pital Al Maqasid, Adnane Farhoud, le directeur m\u00e9dical de l&rsquo;h\u00f4pital St Joseph, Maher Deeb, le directeur m\u00e9dical de l&rsquo;h\u00f4pital Al-Mutlaa, Hani Abidine, le directeur de l&rsquo;h\u00f4pital du Croissant-Rouge \u00e0 Al-Qods, Mahmoud Alyane, le chef du service des urgences \u00e0 l&rsquo;h\u00f4pital Al Maqasid, Mazen Abu Gharbia, et le chef du service des soins \u00e0 l&rsquo;h\u00f4pital Al-Mutlaa, Haitham Al Amleh.<\/p>\n\n\n\n<p>\/\/<\/p>\n\n\n\n<p>MAP<\/p>\n","protected":false},"excerpt":{"rendered":"<p>Rabat \u2013 24 F\u00e9vrier 2023 L&rsquo;Agence Bayt Mal Al-Qods Acharif a organis\u00e9, jeudi \u00e0 Rabat, un colloque braquant les projecteurs sur les exp\u00e9riences marocaine et palestinienne dans la prise en charge des cas d&rsquo;urgence et de secours. Tenu en coop\u00e9ration avec le minist\u00e8re de la Sant\u00e9 et de la Protection Sociale, ce colloque a \u00e9t\u00e9&hellip;<\/p>\n","protected":false},"author":1,"featured_media":7970,"comment_status":"open","ping_status":"open","sticky":false,"template":"","format":"standard","meta":{"inline_featured_image":false,"footnotes":""},"categories":[19],"tags":[],"class_list":["post-7973","post","type-post","status-publish","format-standard","has-post-thumbnail","hentry","category-informations","category-19","description-off"],"_links":{"self":[{"href":"https:\/\/www.bmaq.org\/fr\/wp-json\/wp\/v2\/posts\/7973","targetHints":{"allow":["GET"]}}],"collection":[{"href":"https:\/\/www.bmaq.org\/fr\/wp-json\/wp\/v2\/posts"}],"about":[{"href":"https:\/\/www.bmaq.org\/fr\/wp-json\/wp\/v2\/types\/post"}],"author":[{"embeddable":true,"href":"https:\/\/www.bmaq.org\/fr\/wp-json\/wp\/v2\/users\/1"}],"replies":[{"embeddable":true,"href":"https:\/\/www.bmaq.org\/fr\/wp-json\/wp\/v2\/comments?post=7973"}],"version-history":[{"count":0,"href":"https:\/\/www.bmaq.org\/fr\/wp-json\/wp\/v2\/posts\/7973\/revisions"}],"wp:featuredmedia":[{"embeddable":true,"href":"https:\/\/www.bmaq.org\/fr\/wp-json\/wp\/v2\/media\/7970"}],"wp:attachment":[{"href":"https:\/\/www.bmaq.org\/fr\/wp-json\/wp\/v2\/media?parent=7973"}],"wp:term":[{"taxonomy":"category","embeddable":true,"href":"https:\/\/www.bmaq.org\/fr\/wp-json\/wp\/v2\/categories?post=7973"},{"taxonomy":"post_tag","embeddable":true,"href":"https:\/\/www.bmaq.org\/fr\/wp-json\/wp\/v2\/tags?post=7973"}],"curies":[{"name":"wp","href":"https:\/\/api.w.org\/{rel}","templated":true}]}}