{"id":7969,"date":"2023-02-28T00:00:00","date_gmt":"2023-02-27T21:00:00","guid":{"rendered":"https:\/\/www.bmaq.org\/2023\/02\/28\/une-delegation-medicale-palestinienne-dal-qods-salue-le-soutien-constant-de-sm-le-roi-a-la-ville-sainte-et-a-la-cause-palestinienne\/"},"modified":"2023-02-28T00:00:00","modified_gmt":"2023-02-27T21:00:00","slug":"une-delegation-medicale-palestinienne-dal-qods-salue-le-soutien-constant-de-sm-le-roi-a-la-ville-sainte-et-a-la-cause-palestinienne","status":"publish","type":"post","link":"https:\/\/www.bmaq.org\/fr\/2023\/02\/28\/une-delegation-medicale-palestinienne-dal-qods-salue-le-soutien-constant-de-sm-le-roi-a-la-ville-sainte-et-a-la-cause-palestinienne\/","title":{"rendered":"Une d\u00e9l\u00e9gation m\u00e9dicale palestinienne d&rsquo;Al-Qods salue le soutien constant de SM le Roi \u00e0 la Ville Sainte et \u00e0 la cause palestinienne"},"content":{"rendered":"\n<p>Al-Qods &#8211; 28 F\u00e9vrier 2023<\/p>\n\n\n\n<p>Les responsables du r\u00e9seau des h\u00f4pitaux d&rsquo;Al Qods-Est ont salu\u00e9 le soutien constant de SM le Roi Mohammed VI, Pr\u00e9sident du Comit\u00e9 Al Qods, \u00e0 la Ville Sainte en particulier et \u00e0 la cause palestinienne de mani\u00e8re g\u00e9n\u00e9rale.<\/p>\n\n\n\n<p>Dans une d\u00e9claration \u00e0 la presse, le m\u00e9decin-chef des cliniques de la Mosqu\u00e9e Al-Aqsa, Mohamed Jadallah, s&rsquo;est f\u00e9licit\u00e9 de l&rsquo;appui continu du Royaume du Maroc \u00e0 la cause palestinienne et de son soutien constant au peuple palestinien.<\/p>\n\n\n\n<p>De son c\u00f4t\u00e9, le m\u00e9decin interniste \u00e0 l&rsquo;h\u00f4pital \u00ab\u00a0Al-Mutlaa\u00a0\u00bb,&nbsp; Haytham Al Oumla, a exprim\u00e9 sa gratitude \u00e0 SM le Roi pour le soutien apport\u00e9 par le Souverain \u00e0 la Ville Sainte, \u00e0 travers l&rsquo;Agence Bayt Mal Al-Qods Acharif, tandis que le Secr\u00e9taire g\u00e9n\u00e9ral du R\u00e9seau des h\u00f4pitaux d&rsquo;Al Qods-Est, Fadi Al Atrash, a salu\u00e9 la comp\u00e9tence des cadres de sant\u00e9 au Maroc, ainsi que la qualit\u00e9 des infrastructures hospitali\u00e8res dans le Royaume, notant que le secteur de la Sant\u00e9 en Palestine peut b\u00e9n\u00e9ficier de l&rsquo;exp\u00e9rience qualitative du Maroc dans ce domaine.<\/p>\n\n\n\n<p>Ces responsables ont indiqu\u00e9 que leur visite dans le Royaume, \u00e0 l&rsquo;initiative de l&rsquo;Agence Bayt Mal Al-Qods Acharif, ouvre la voie pour une coop\u00e9ration entre les secteurs de la Sant\u00e9 des deux pays, relevant que la visite a \u00e9t\u00e9 une occasion de s&rsquo;enqu\u00e9rir du d\u00e9veloppement important que conna\u00eet le secteur de la Sant\u00e9 au Maroc.<\/p>\n\n\n\n<p>La visite a \u00e9galement \u00e9t\u00e9 l&rsquo;occasion d&rsquo;\u00e9changer les expertises dans le domaine de la m\u00e9decine des urgences, se renseigner sur la riche exp\u00e9rience marocaine et le d\u00e9veloppement enregistr\u00e9 par le Royaume dans le domaine scientifique, ont-ils ajout\u00e9, notant que la coop\u00e9ration entre les \u00e9tablissements de sant\u00e9 au Maroc et les h\u00f4pitaux d&rsquo;Al-Qods aura un impact positif sur le d\u00e9veloppement de la profession et ouvrira la voie \u00e0 des partenariats distingu\u00e9s.<\/p>\n\n\n\n<p>Lors de cette visite qui a dur\u00e9 une semaine, \u00e0 l&rsquo;initiative du minist\u00e8re de la Sant\u00e9 et de la Protection sociale, la d\u00e9l\u00e9gation m\u00e9dicale palestinienne a pris connaissance du d\u00e9veloppement du syst\u00e8me de Sant\u00e9 au Maroc, \u00e0 l&rsquo;horizon de la mise en oeuvre du chantier de la g\u00e9n\u00e9ralisation de la protection sociale, conform\u00e9ment aux Hautes instructions Royales.<\/p>\n\n\n\n<p>Outre Fadi Al Atrash et Mohamed Jadallah, la d\u00e9l\u00e9gation palestinienne \u00e9tait compos\u00e9e du directeur de l&rsquo;h\u00f4pital Al Maqasid, Adnane Farhoud, et du directeur m\u00e9dical de l&rsquo;h\u00f4pital St. Joseph (le fran\u00e7ais), Maher Deeb, en plus de cadres m\u00e9dicaux et des professeurs-m\u00e9decins. A Rabat, ils ont effectu\u00e9 des visites \u00e0 l&rsquo;Inspection du Service de Sant\u00e9 militaire relevant des FAR, l&rsquo;h\u00f4pital militaire d&rsquo;instruction Mohammed V, l&rsquo;H\u00f4pital Moulay Youssef, le CHU Cheikh Zayed, la Facult\u00e9 de m\u00e9decine et de pharmacie, l&rsquo;Institut national de Sant\u00e9, le Laboratoire national de contr\u00f4le des m\u00e9dicaments et le Centre national de transfusion sanguine.<\/p>\n\n\n\n<p>A Casablanca la d\u00e9l\u00e9gation a visit\u00e9 l&rsquo;Institut Pasteur, l&rsquo;H\u00f4pital universitaire Cheikh Khalifa et l&rsquo;Universit\u00e9 Mohammed VI des Sciences de la sant\u00e9.<\/p>\n\n\n\n<p>D&rsquo;autre part, la d\u00e9l\u00e9gation a particip\u00e9 \u00e0 un colloque sur le syst\u00e8me des urgences et de secours, avec la participation de cadres du minist\u00e8re de la Sant\u00e9 au Maroc, assist\u00e9 \u00e0 la signature d&rsquo;une convention avec l&rsquo;Agence Bayt Mal Al-Qods pour la cr\u00e9ation d&rsquo;une unit\u00e9 de veille, de coordination et de suivi des cas d&rsquo;urgences et de secours \u00e0 Al-Qods, et tenu une s\u00e9rie de r\u00e9unions avec des responsables du minist\u00e8re, de l&rsquo;Agence et de l&rsquo;Ordre national des m\u00e9decins, en plus d&rsquo;une rencontre avec l&rsquo;ambassadeur de l\u2019\u00c9tat de Palestine, au si\u00e8ge de l&rsquo;ambassade \u00e0 Rabat.<\/p>\n\n\n\n<p>\/\/<\/p>\n","protected":false},"excerpt":{"rendered":"<p>Al-Qods &#8211; 28 F\u00e9vrier 2023 Les responsables du r\u00e9seau des h\u00f4pitaux d&rsquo;Al Qods-Est ont salu\u00e9 le soutien constant de SM le Roi Mohammed VI, Pr\u00e9sident du Comit\u00e9 Al Qods, \u00e0 la Ville Sainte en particulier et \u00e0 la cause palestinienne de mani\u00e8re g\u00e9n\u00e9rale. Dans une d\u00e9claration \u00e0 la presse, le m\u00e9decin-chef des cliniques de la&hellip;<\/p>\n","protected":false},"author":1,"featured_media":7970,"comment_status":"open","ping_status":"open","sticky":false,"template":"","format":"standard","meta":{"inline_featured_image":false,"footnotes":""},"categories":[19],"tags":[],"class_list":["post-7969","post","type-post","status-publish","format-standard","has-post-thumbnail","hentry","category-informations","category-19","description-off"],"_links":{"self":[{"href":"https:\/\/www.bmaq.org\/fr\/wp-json\/wp\/v2\/posts\/7969","targetHints":{"allow":["GET"]}}],"collection":[{"href":"https:\/\/www.bmaq.org\/fr\/wp-json\/wp\/v2\/posts"}],"about":[{"href":"https:\/\/www.bmaq.org\/fr\/wp-json\/wp\/v2\/types\/post"}],"author":[{"embeddable":true,"href":"https:\/\/www.bmaq.org\/fr\/wp-json\/wp\/v2\/users\/1"}],"replies":[{"embeddable":true,"href":"https:\/\/www.bmaq.org\/fr\/wp-json\/wp\/v2\/comments?post=7969"}],"version-history":[{"count":0,"href":"https:\/\/www.bmaq.org\/fr\/wp-json\/wp\/v2\/posts\/7969\/revisions"}],"wp:featuredmedia":[{"embeddable":true,"href":"https:\/\/www.bmaq.org\/fr\/wp-json\/wp\/v2\/media\/7970"}],"wp:attachment":[{"href":"https:\/\/www.bmaq.org\/fr\/wp-json\/wp\/v2\/media?parent=7969"}],"wp:term":[{"taxonomy":"category","embeddable":true,"href":"https:\/\/www.bmaq.org\/fr\/wp-json\/wp\/v2\/categories?post=7969"},{"taxonomy":"post_tag","embeddable":true,"href":"https:\/\/www.bmaq.org\/fr\/wp-json\/wp\/v2\/tags?post=7969"}],"curies":[{"name":"wp","href":"https:\/\/api.w.org\/{rel}","templated":true}]}}