{"id":7965,"date":"2023-03-18T00:00:00","date_gmt":"2023-03-17T21:00:00","guid":{"rendered":"https:\/\/www.bmaq.org\/2023\/03\/18\/les-ministres-des-ae-de-loci-louent-les-efforts-meritoires-de-sm-le-roi-soutenant-la-question-palestinienne\/"},"modified":"2023-03-18T00:00:00","modified_gmt":"2023-03-17T21:00:00","slug":"les-ministres-des-ae-de-loci-louent-les-efforts-meritoires-de-sm-le-roi-soutenant-la-question-palestinienne","status":"publish","type":"post","link":"https:\/\/www.bmaq.org\/fr\/2023\/03\/18\/les-ministres-des-ae-de-loci-louent-les-efforts-meritoires-de-sm-le-roi-soutenant-la-question-palestinienne\/","title":{"rendered":"Les ministres des AE de l&rsquo;OCI louent les efforts m\u00e9ritoires de SM le Roi soutenant la question palestinienne"},"content":{"rendered":"\n<p>Nouakchott &#8211; 17 mars 2023<\/p>\n\n\n\n<p>Le Conseil des ministres des Affaires \u00e9trang\u00e8res de l\u2019Organisation de la Coop\u00e9ration Islamique (OCI) s&rsquo;est f\u00e9licit\u00e9, au terme des travaux de sa 49\u00e8 session tenue les 16 et 17 mars \u00e0 Nouakchott, des efforts m\u00e9ritoires que d\u00e9ploie Sa Majest\u00e9 le Roi Mohammed VI, pr\u00e9sident du Comit\u00e9 Al-Qods en faveur de la cause palestinienne.<\/p>\n\n\n\n<p>Les ministres ont \u00e9galement salu\u00e9 le r\u00f4le jou\u00e9 par l\u2019Agence Bayt Mal Al-Qods Al-Charif consistant \u00e0 pr\u00e9server le cachet religieux de ville Sainte et de soutenir la r\u00e9sistance de ses habitants.<\/p>\n\n\n\n<p>Le Conseil a, de m\u00eame, soulign\u00e9 la centralit\u00e9 du r\u00f4le du Comit\u00e9 Al Qods, que pr\u00e9side Sa Majest\u00e9 le Roi, face aux graves mesures prises par les autorit\u00e9s isra\u00e9liennes dans la cit\u00e9 sainte.<\/p>\n\n\n\n<p>Le ministre des Affaires \u00e9trang\u00e8res, de la Coop\u00e9ration africaine et des Marocains r\u00e9sidant \u00e0 l&rsquo;\u00e9tranger, Nasser Bourita, qui conduit la d\u00e9l\u00e9gation marocaine \u00e0 ce conseil, avait soulign\u00e9 la centralit\u00e9 de la juste cause palestinienne et la position ferme et constante du Royaume \u00e0 son \u00e9gard.<\/p>\n\n\n\n<p>\u00ab\u00a0Le Royaume, au vu des d\u00e9veloppements qui pr\u00e9valent dans les territoires palestiniens, r\u00e9affirme la centralit\u00e9 de la juste cause palestinienne et sa position ferme et constante \u00e0 son \u00e9gard\u00a0\u00bb, a-t-il dit lors des travaux de cette session, tenue sous le th\u00e8me \u00ab\u00a0le juste milieu et la mod\u00e9ration : gage de s\u00e9curit\u00e9 et de stabilit\u00e9\u00a0\u00bb.<\/p>\n\n\n\n<p>Il a ajout\u00e9 que pour le Royaume du Maroc, dont SM le Roi Mohammed VI pr\u00e9side le Comit\u00e9 d&rsquo;Al Qods, issu de l&rsquo;OCI, la question palestinienne repr\u00e9sente l&rsquo;une des priorit\u00e9s de sa politique \u00e9trang\u00e8re\u00a0\u00bb.<\/p>\n\n\n\n<p>Selon lui, la question palestinienne repr\u00e9sente aussi le pilier de l\u2019action politique et diplomatique du Maroc et des initiatives humanitaires, men\u00e9es sous la conduite \u00e9clair\u00e9e du Souverain pour faire valoir les droits l\u00e9gitimes du peuple palestinien, d\u00e9fendre la ville d\u2019Al Qods et pr\u00e9server son caract\u00e8re spirituel, son statut juridique et son cachet historique et civilisationnel, ainsi que pour \u0153uvrer \u00e0 am\u00e9liorer les conditions de vie de ses populations \u00e0 travers l\u2019Agence Bayt Mal Al Qods Acharif, bras financier et de terrain du Comit\u00e9 Al Qods.<\/p>\n\n\n\n<p>La d\u00e9l\u00e9gation marocaine \u00e0 cette session comprend \u00e9galement MM. Hamid Chabar, ambassadeur du Maroc en Mauritanie, Fouad Akhrif, Directeur du Machrek, du Golfe et des Organisations Arabes et Islamiques au minist\u00e8re des Affaires \u00e9trang\u00e8res, de la Coop\u00e9ration africaine et des MRE, Abdelali Al-Jahed et El Hassan Badri, respectivement chef de Division des Organisations arabes et islamiques et chef du service de l&rsquo;OCI au minist\u00e8re, ainsi que Othman Rehhou, adjoint du d\u00e9l\u00e9gu\u00e9 permanent du Royaume aupr\u00e8s de l&rsquo;OCI.<\/p>\n\n\n\n<p>Cette session de deux jours, \u00e0 laquelle a assist\u00e9 le directeur charg\u00e9 de la gestion de l&rsquo;Agence Bayt Mal Al-Qods Acharif, Mohamed Salem Echarkaoui, a port\u00e9 sur d\u2019autres questions notamment l\u2019\u00e9volution de la situation en Afghanistan et dans la r\u00e9gion du Sahel, ainsi que des efforts continus en mati\u00e8re de lutte contre l\u2019extr\u00e9misme et le terrorisme et le ph\u00e9nom\u00e8ne de l\u2019islamophobie.<\/p>\n\n\n\n<p>\/\/<\/p>\n\n\n\n<p>MAP<\/p>\n","protected":false},"excerpt":{"rendered":"<p>Nouakchott &#8211; 17 mars 2023 Le Conseil des ministres des Affaires \u00e9trang\u00e8res de l\u2019Organisation de la Coop\u00e9ration Islamique (OCI) s&rsquo;est f\u00e9licit\u00e9, au terme des travaux de sa 49\u00e8 session tenue les 16 et 17 mars \u00e0 Nouakchott, des efforts m\u00e9ritoires que d\u00e9ploie Sa Majest\u00e9 le Roi Mohammed VI, pr\u00e9sident du Comit\u00e9 Al-Qods en faveur de&hellip;<\/p>\n","protected":false},"author":1,"featured_media":7966,"comment_status":"open","ping_status":"open","sticky":false,"template":"","format":"standard","meta":{"inline_featured_image":false,"footnotes":""},"categories":[19],"tags":[],"class_list":["post-7965","post","type-post","status-publish","format-standard","has-post-thumbnail","hentry","category-informations","category-19","description-off"],"_links":{"self":[{"href":"https:\/\/www.bmaq.org\/fr\/wp-json\/wp\/v2\/posts\/7965","targetHints":{"allow":["GET"]}}],"collection":[{"href":"https:\/\/www.bmaq.org\/fr\/wp-json\/wp\/v2\/posts"}],"about":[{"href":"https:\/\/www.bmaq.org\/fr\/wp-json\/wp\/v2\/types\/post"}],"author":[{"embeddable":true,"href":"https:\/\/www.bmaq.org\/fr\/wp-json\/wp\/v2\/users\/1"}],"replies":[{"embeddable":true,"href":"https:\/\/www.bmaq.org\/fr\/wp-json\/wp\/v2\/comments?post=7965"}],"version-history":[{"count":0,"href":"https:\/\/www.bmaq.org\/fr\/wp-json\/wp\/v2\/posts\/7965\/revisions"}],"wp:featuredmedia":[{"embeddable":true,"href":"https:\/\/www.bmaq.org\/fr\/wp-json\/wp\/v2\/media\/7966"}],"wp:attachment":[{"href":"https:\/\/www.bmaq.org\/fr\/wp-json\/wp\/v2\/media?parent=7965"}],"wp:term":[{"taxonomy":"category","embeddable":true,"href":"https:\/\/www.bmaq.org\/fr\/wp-json\/wp\/v2\/categories?post=7965"},{"taxonomy":"post_tag","embeddable":true,"href":"https:\/\/www.bmaq.org\/fr\/wp-json\/wp\/v2\/tags?post=7965"}],"curies":[{"name":"wp","href":"https:\/\/api.w.org\/{rel}","templated":true}]}}