{"id":7964,"date":"2023-03-31T00:00:00","date_gmt":"2023-03-30T21:00:00","guid":{"rendered":"https:\/\/www.bmaq.org\/2023\/03\/31\/al-qods-inauguration-de-lunite-de-vigilance-de-coordination-et-de-suivi-des-urgences-a-lhopital-al-makassed\/"},"modified":"2023-03-31T00:00:00","modified_gmt":"2023-03-30T21:00:00","slug":"al-qods-inauguration-de-lunite-de-vigilance-de-coordination-et-de-suivi-des-urgences-a-lhopital-al-makassed","status":"publish","type":"post","link":"https:\/\/www.bmaq.org\/fr\/2023\/03\/31\/al-qods-inauguration-de-lunite-de-vigilance-de-coordination-et-de-suivi-des-urgences-a-lhopital-al-makassed\/","title":{"rendered":"Al-Qods: Inauguration de l&rsquo;unit\u00e9 de vigilance, de coordination et de suivi des urgences \u00e0 l&rsquo;h\u00f4pital Al-Makassed"},"content":{"rendered":"\n<p>Al-Qods \u2013 30 &nbsp;mars 2023<\/p>\n\n\n\n<p>L&rsquo;Agence Bayt Mal Al-Qods Acharif a inaugur\u00e9, jeudi dans la Ville Sainte, l&rsquo;unit\u00e9 de vigilance, de coordination et de suivi des urgences, financ\u00e9e par le Royaume du Maroc.<\/p>\n\n\n\n<p>L&rsquo;ouverture de cette unit\u00e9, qui s&rsquo;inscrit dans le budget de l&rsquo;Agence allou\u00e9 cette ann\u00e9e au soutien au secteur de la sant\u00e9, a \u00e9t\u00e9 supervis\u00e9e par le directeur charg\u00e9 de la gestion de l&rsquo;Agence Bayt Mal Al-Qods Acharif, Mohamed Salem Cherkaoui, accompagn\u00e9 du directeur de l&rsquo;h\u00f4pital de l&rsquo;association caritative Makassed, Dr Adnan Farhoud, en pr\u00e9sence de plusieurs membres du staff m\u00e9dical palestinien.<\/p>\n\n\n\n<p>A cette occasion, M. Cherkaoui a d\u00e9clar\u00e9 que la concr\u00e9tisation de ce projet s&rsquo;inscrit dans le cadre de la sollicitude constante de Sa Majest\u00e9 le Roi Mohammed VI \u00e0 l&rsquo;\u00e9gard de la ville d&rsquo;Al-Qods et de ses habitants, et traduit l&rsquo;engagement de l&rsquo;Agence \u00e0 mettre en \u0153uvre ses engagements stipul\u00e9s dans le protocole de coop\u00e9ration, qui a \u00e9t\u00e9 sign\u00e9 \u00e0 Rabat en f\u00e9vrier dernier, \u00e0 l&rsquo;occasion de la visite de la d\u00e9l\u00e9gation du R\u00e9seau des h\u00f4pitaux d&rsquo;Al-Qods-Est au Maroc.<\/p>\n\n\n\n<p>Il a mis en avant que l&rsquo;unit\u00e9 de vigilance, de coordination et de suivi constituera, avec l&rsquo;h\u00f4pital de campagne, lorsqu&rsquo;il sera remis ult\u00e9rieurement \u00e0 l&rsquo;h\u00f4pital du Croissant-Rouge \u00e0 Al-Qods, un pilier pour faciliter la communication entre les \u00e9quipes d&rsquo;urgence sur le terrain et les \u00e9quipes d&rsquo;urgence \u00e0 l&rsquo;h\u00f4pital Al-Makassed vu qu&rsquo;il s&rsquo;agit de l&rsquo;institution de r\u00e9f\u00e9rence dans les urgences \u00e0 Al-Qods.<\/p>\n\n\n\n<p>Pour sa part, Dr Adnan Farhoud a indiqu\u00e9 que cette unit\u00e9, qui est dot\u00e9e d&rsquo;un syst\u00e8me d&rsquo;information pour la connectivit\u00e9 et la coordination et d&rsquo;appareils de communication, et anim\u00e9e par des techniciens sous la supervision d&rsquo;un personnel m\u00e9dical et infirmier, renforcera les r\u00f4les jou\u00e9s par le R\u00e9seau des h\u00f4pitaux d&rsquo;Al-Qods-Est dans la liaison et la mise en r\u00e9seau entre les h\u00f4pitaux dans les cas d&rsquo;urgence.<\/p>\n\n\n\n<p>Dr Farhoud a, en son nom et au nom du personnel hospitalier, exprim\u00e9 ses sentiments de gratitude au Royaume du Maroc et \u00e0 Sa Majest\u00e9 le Roi Mohammed VI, louant le niveau du syst\u00e8me de sant\u00e9 marocain, ainsi que les installations hospitali\u00e8res et le personnel m\u00e9dical marocains qu&rsquo;il a visit\u00e9s au cours de son voyage au Maroc avec la d\u00e9l\u00e9gation des h\u00f4pitaux d&rsquo;Al-Qods-Est en f\u00e9vrier dernier.<\/p>\n\n\n\n<p>Le protocole de coop\u00e9ration sign\u00e9 par l&rsquo;Agence Bayt Mal Al-Qods avec le R\u00e9seau des h\u00f4pitaux d&rsquo;Al-Qods-Est et l&rsquo;H\u00f4pital du Croissant-Rouge d&rsquo;Al-Qods vise \u00e0 organiser des formations \u00e0 Al-Qods ou ailleurs au profit du personnel m\u00e9dical et administratif sp\u00e9cialis\u00e9 dans les urgences.<\/p>\n\n\n\n<p>L&rsquo;accord s&rsquo;assigne \u00e9galement comme objectif d&rsquo;organiser des visites d&rsquo;\u00e9change d&rsquo;exp\u00e9riences entre m\u00e9decins et personnels soignants et administratifs sp\u00e9cialis\u00e9s dans les urgences d&rsquo;Al-Qods vers le Maroc et d&rsquo;autres pays, de mettre en place des programmes conjoints de d\u00e9veloppement continu des techniques et des comp\u00e9tences des ressources humaines et de programmer des r\u00e9unions scientifiques conjointes.<\/p>\n\n\n\n<p>\/\/<\/p>\n\n\n\n<p>MAP<\/p>\n","protected":false},"excerpt":{"rendered":"<p>Al-Qods \u2013 30 &nbsp;mars 2023 L&rsquo;Agence Bayt Mal Al-Qods Acharif a inaugur\u00e9, jeudi dans la Ville Sainte, l&rsquo;unit\u00e9 de vigilance, de coordination et de suivi des urgences, financ\u00e9e par le Royaume du Maroc. L&rsquo;ouverture de cette unit\u00e9, qui s&rsquo;inscrit dans le budget de l&rsquo;Agence allou\u00e9 cette ann\u00e9e au soutien au secteur de la sant\u00e9, a&hellip;<\/p>\n","protected":false},"author":1,"featured_media":0,"comment_status":"open","ping_status":"open","sticky":false,"template":"","format":"standard","meta":{"inline_featured_image":false,"footnotes":""},"categories":[19],"tags":[],"class_list":["post-7964","post","type-post","status-publish","format-standard","hentry","category-informations","category-19","description-off"],"_links":{"self":[{"href":"https:\/\/www.bmaq.org\/fr\/wp-json\/wp\/v2\/posts\/7964","targetHints":{"allow":["GET"]}}],"collection":[{"href":"https:\/\/www.bmaq.org\/fr\/wp-json\/wp\/v2\/posts"}],"about":[{"href":"https:\/\/www.bmaq.org\/fr\/wp-json\/wp\/v2\/types\/post"}],"author":[{"embeddable":true,"href":"https:\/\/www.bmaq.org\/fr\/wp-json\/wp\/v2\/users\/1"}],"replies":[{"embeddable":true,"href":"https:\/\/www.bmaq.org\/fr\/wp-json\/wp\/v2\/comments?post=7964"}],"version-history":[{"count":0,"href":"https:\/\/www.bmaq.org\/fr\/wp-json\/wp\/v2\/posts\/7964\/revisions"}],"wp:attachment":[{"href":"https:\/\/www.bmaq.org\/fr\/wp-json\/wp\/v2\/media?parent=7964"}],"wp:term":[{"taxonomy":"category","embeddable":true,"href":"https:\/\/www.bmaq.org\/fr\/wp-json\/wp\/v2\/categories?post=7964"},{"taxonomy":"post_tag","embeddable":true,"href":"https:\/\/www.bmaq.org\/fr\/wp-json\/wp\/v2\/tags?post=7964"}],"curies":[{"name":"wp","href":"https:\/\/api.w.org\/{rel}","templated":true}]}}