{"id":7955,"date":"2023-02-27T00:00:00","date_gmt":"2023-02-26T21:00:00","guid":{"rendered":"https:\/\/www.bmaq.org\/2023\/02\/27\/lunion-interparlementaire-arabe-salue-les-efforts-inlassables-et-continus-de-sm-le-roi-dans-la-defense-de-la-ville-sainte\/"},"modified":"2023-02-27T00:00:00","modified_gmt":"2023-02-26T21:00:00","slug":"lunion-interparlementaire-arabe-salue-les-efforts-inlassables-et-continus-de-sm-le-roi-dans-la-defense-de-la-ville-sainte","status":"publish","type":"post","link":"https:\/\/www.bmaq.org\/fr\/2023\/02\/27\/lunion-interparlementaire-arabe-salue-les-efforts-inlassables-et-continus-de-sm-le-roi-dans-la-defense-de-la-ville-sainte\/","title":{"rendered":"L&rsquo;Union interparlementaire arabe salue les efforts inlassables et continus de SM le Roi dans la d\u00e9fense de la Ville Sainte"},"content":{"rendered":"\n<p>Bagdad -26 &nbsp;F\u00e9vrier 2023<\/p>\n\n\n\n<p>&nbsp;L&rsquo;Union interparlementaire arabe a salu\u00e9 les efforts inlassables et continus de Sa Majest\u00e9 le Roi Mohammed VI, Pr\u00e9sident du Comit\u00e9 Al-Qods, pour d\u00e9fendre la Ville Sainte.<\/p>\n\n\n\n<p>Lors de sa 34-\u00e8me conf\u00e9rence, qui s&rsquo;est tenue dans la capitale Bagdad les 25 et 26 f\u00e9vrier, l&rsquo;Union a \u00e9galement salu\u00e9 les efforts d\u00e9ploy\u00e9s par l&rsquo;Agence Bayt Mal Al-Qods Acharif, relevant du Comit\u00e9 Al-Qods, pour apporter le soutien n\u00e9cessaire \u00e0 la r\u00e9silience du peuple palestinien.<\/p>\n\n\n\n<p>L&rsquo;Union a affirm\u00e9 que la r\u00e9gion ne vivra dans la paix, la s\u00e9curit\u00e9 et la stabilit\u00e9 que si le peuple palestinien recouvre tous ses droits usurp\u00e9s, appelant, \u00e0 cet \u00e9gard, \u00e0 d\u00e9ployer tous les efforts possibles pour des relations arabes pacifiques et r\u00e9gler les diff\u00e9rends entre les pays arabes afin de resserrer les rangs, s&rsquo;unir et renforcer les fondements de la s\u00e9curit\u00e9 arabe dans son ensemble.<\/p>\n\n\n\n<p>Une d\u00e9l\u00e9gation du parlement marocain participe \u00e0 la 34\u00e8me session de la conf\u00e9rence de l&rsquo;Union interparlementaire arabe, organis\u00e9e sous le th\u00e8me \u00ab\u00a0Soutien arabe au renforcement de la stabilit\u00e9 et de la souverainet\u00e9 de l&rsquo;Irak\u00a0\u00bb.<\/p>\n\n\n\n<p>Dans un communiqu\u00e9, la Chambre des repr\u00e9sentants avait indiqu\u00e9 que la participation de la d\u00e9l\u00e9gation parlementaire marocaine \u00e0 cet \u00e9v\u00e9nement arabe constitue une occasion pour \u00e9changer des exp\u00e9riences et tenir des r\u00e9unions bilat\u00e9rales, qui auront un impact positif sur le statut et la position du Royaume du Maroc aux niveaux r\u00e9gional et international, ainsi qu&rsquo;au niveau des pratiques parlementaires dans ses diff\u00e9rents aspects.<\/p>\n\n\n\n<p>Conduite par le vice-pr\u00e9sident de la Chambre des repr\u00e9sentants, Hassan Benomar, la d\u00e9l\u00e9gation comprend \u00e9galement Miloud Maasid, membre du bureau de la Chambre des conseillers, des membres de la division parlementaire nationale de l&rsquo;Union interparlementaire arabe repr\u00e9sentant la Chambre des repr\u00e9sentants, \u00e0 savoir Fatima Khair, et les repr\u00e9sentants Lahcen Saadi, Abderrahim Ouaamrou, Abderrazak Ahlouch et Fai\u00e7al Zerhouni, ainsi que Cheikh Ahmadou Adbada et Fatiha Khortal de la Chambre des conseillers.<\/p>\n\n\n\n<p>Cette session est marqu\u00e9e par la participation de haut niveau de 18 pays arabes, dont 14 pr\u00e9sidents de parlement et 4 vice-pr\u00e9sidents, ainsi que de nombreuses organisations et institutions parlementaires dot\u00e9es du statut d&rsquo;observateur aupr\u00e8s de l&rsquo;Union, notamment l&rsquo;Union interparlementaire.<\/p>\n\n\n\n<p>Outre les travaux de la conf\u00e9rence, l&rsquo;ordre du jour de cette session comprend les r\u00e9unions des commissions permanentes dont les commissions des \u00ab\u00a0Affaires politiques et des relations parlementaires\u00a0\u00bb, des \u00ab\u00a0Affaires financi\u00e8res et \u00e9conomiques\u00a0\u00bb et des \u00ab\u00a0Femmes et de l&rsquo;enfance\u00a0\u00bb.<\/p>\n\n\n\n<p>La conf\u00e9rence d\u00e9bat \u00e9galement des rapports des sessions pr\u00e9c\u00e9dentes et des activit\u00e9s du Secr\u00e9tariat g\u00e9n\u00e9ral de l&rsquo;Union depuis la 32e Conf\u00e9rence.<\/p>\n\n\n\n<p>\/\/<\/p>\n","protected":false},"excerpt":{"rendered":"<p>Bagdad -26 &nbsp;F\u00e9vrier 2023 &nbsp;L&rsquo;Union interparlementaire arabe a salu\u00e9 les efforts inlassables et continus de Sa Majest\u00e9 le Roi Mohammed VI, Pr\u00e9sident du Comit\u00e9 Al-Qods, pour d\u00e9fendre la Ville Sainte. Lors de sa 34-\u00e8me conf\u00e9rence, qui s&rsquo;est tenue dans la capitale Bagdad les 25 et 26 f\u00e9vrier, l&rsquo;Union a \u00e9galement salu\u00e9 les efforts d\u00e9ploy\u00e9s par&hellip;<\/p>\n","protected":false},"author":1,"featured_media":7941,"comment_status":"open","ping_status":"open","sticky":false,"template":"","format":"standard","meta":{"inline_featured_image":false,"footnotes":""},"categories":[19],"tags":[],"class_list":["post-7955","post","type-post","status-publish","format-standard","has-post-thumbnail","hentry","category-informations","category-19","description-off"],"_links":{"self":[{"href":"https:\/\/www.bmaq.org\/fr\/wp-json\/wp\/v2\/posts\/7955","targetHints":{"allow":["GET"]}}],"collection":[{"href":"https:\/\/www.bmaq.org\/fr\/wp-json\/wp\/v2\/posts"}],"about":[{"href":"https:\/\/www.bmaq.org\/fr\/wp-json\/wp\/v2\/types\/post"}],"author":[{"embeddable":true,"href":"https:\/\/www.bmaq.org\/fr\/wp-json\/wp\/v2\/users\/1"}],"replies":[{"embeddable":true,"href":"https:\/\/www.bmaq.org\/fr\/wp-json\/wp\/v2\/comments?post=7955"}],"version-history":[{"count":0,"href":"https:\/\/www.bmaq.org\/fr\/wp-json\/wp\/v2\/posts\/7955\/revisions"}],"wp:featuredmedia":[{"embeddable":true,"href":"https:\/\/www.bmaq.org\/fr\/wp-json\/wp\/v2\/media\/7941"}],"wp:attachment":[{"href":"https:\/\/www.bmaq.org\/fr\/wp-json\/wp\/v2\/media?parent=7955"}],"wp:term":[{"taxonomy":"category","embeddable":true,"href":"https:\/\/www.bmaq.org\/fr\/wp-json\/wp\/v2\/categories?post=7955"},{"taxonomy":"post_tag","embeddable":true,"href":"https:\/\/www.bmaq.org\/fr\/wp-json\/wp\/v2\/tags?post=7955"}],"curies":[{"name":"wp","href":"https:\/\/api.w.org\/{rel}","templated":true}]}}