{"id":7944,"date":"2023-03-16T00:00:00","date_gmt":"2023-03-15T21:00:00","guid":{"rendered":"https:\/\/www.bmaq.org\/2023\/03\/16\/lagence-bayt-mal-al-qods-acharif-organise-a-nouakchott-une-exposition-des-produits-palestiniens\/"},"modified":"2023-03-16T00:00:00","modified_gmt":"2023-03-15T21:00:00","slug":"lagence-bayt-mal-al-qods-acharif-organise-a-nouakchott-une-exposition-des-produits-palestiniens","status":"publish","type":"post","link":"https:\/\/www.bmaq.org\/fr\/2023\/03\/16\/lagence-bayt-mal-al-qods-acharif-organise-a-nouakchott-une-exposition-des-produits-palestiniens\/","title":{"rendered":"L&rsquo;Agence Bayt Mal Al-Qods Acharif organise \u00e0 Nouakchott une exposition des produits palestiniens"},"content":{"rendered":"\n<p>Nouakchott \u2013 16 mars 2023<\/p>\n\n\n\n<p>L&rsquo;Agence Bayt Mal Al-Qods Acharif a organis\u00e9 une exposition des produits palestiniens de la ville d&rsquo;Al-Qods, en marge de de la premi\u00e8re \u00e9dition du Forum d&rsquo;investissement conjoint entre la Mauritanie et l&rsquo;Organisation de la Coop\u00e9ration islamique (OCI) dont les travaux se sont ouverts mercredi \u00e0 Nouakchott.<\/p>\n\n\n\n<p>Dans une d\u00e9claration \u00e0 la MAP, le Directeur charg\u00e9 de la gestion de l&rsquo;Agence Bayt Mal Al-Qods Acharif, Mohamed Salem Echarkaoui, a indiqu\u00e9 que l&rsquo;organisation de cette exposition s&rsquo;inscrit dans le cadre des efforts consentis par l\u2019Agence pour soutenir le secteur du commerce \u00e0 Al-Qods, \u00e0 travers la plateforme \u00ab\u00a0DLALA Marketstore\u00a0\u00bb pour la commercialisation \u00e9lectronique des produits palestiniens.<\/p>\n\n\n\n<p>La mise en place de cette plateforme intervient conform\u00e9ment&nbsp; aux Hautes Instructions de de Sa Majest\u00e9 le Roi Mohammed VI, Pr\u00e9sident du Comit\u00e9 Al Qods, consistant \u00e0 r\u00e9aliser des projets concrets ayant un impact positif sur les habitants et les instituons de la cit\u00e9 sainte.<\/p>\n\n\n\n<p>La plateforme a d\u00e9j\u00e0 entam\u00e9 la commercialisation de plus de 50 produits, notamment des v\u00eatements, des bijoux, des accessoires, de la poterie et de certains produits \u00e0 caract\u00e8re solidaire tels que les cosm\u00e9tiques et le savon, relevant des activit\u00e9s financ\u00e9es dans le cadre du programme \u00ab\u00a0Initiatives civiles pour un programme de d\u00e9veloppement humain \u00e0 Al-Qods\u00a0\u00bb, qui vise \u00e0 soutenir les associations de femmes et de jeunes d\u2019Al-Qods.<\/p>\n\n\n\n<p>L&rsquo;Agence met cette plateforme \u00e0 la disposition des organismes, institutions et associations artisanales de la ville d&rsquo;Al-Qods pour commercialiser leurs produits, dans un cadre solidaire.<\/p>\n\n\n\n<p>Cette plateforme est \u00e0 m\u00eame de rapprocher les produits des artisans de la ville des march\u00e9s arabes et internationaux en leur donnant la possibilit\u00e9 de se faire conna\u00eetre et d&rsquo;\u00eatre expos\u00e9 de mani\u00e8re optimale, \u00e0 la port\u00e9e des consommateurs et d&rsquo;acheteurs, individuels ou par groupe, souligne l\u2019Agence.<\/p>\n\n\n\n<p>En vue d&rsquo;encourager les organismes, les institutions et les associations, l&rsquo;Agence met \u00e0 disposition les capacit\u00e9s programm\u00e9es dans le cadre du programme \u00ab\u00a0Initiatives civiles pour un programme de d\u00e9veloppement humain durable \u00e0 Al-Qods\u00a0\u00bb pour renforcer les comp\u00e9tences des producteurs, d\u00e9velopper et am\u00e9liorer la qualit\u00e9 de la production en vue d&rsquo;accro\u00eetre sa comp\u00e9titivit\u00e9 sur les march\u00e9s int\u00e9rieurs et ext\u00e9rieurs.<\/p>\n\n\n\n<p>Depuis sa cr\u00e9ation en 1998, l&rsquo;Agence Bayt Mal Al-Qods Acharif \u0153uvre constamment, conform\u00e9ment aux Hautes Directives Royales, \u00e0 pr\u00e9server l\u2019identit\u00e9 d\u2019Al-Qods et am\u00e9liorer les conditions de vie de ses habitants, \u00e0 travers un travail de terrain permanent.<\/p>\n\n\n\n<p>\/\/<\/p>\n\n\n\n<p>MAP<\/p>\n","protected":false},"excerpt":{"rendered":"<p>Nouakchott \u2013 16 mars 2023 L&rsquo;Agence Bayt Mal Al-Qods Acharif a organis\u00e9 une exposition des produits palestiniens de la ville d&rsquo;Al-Qods, en marge de de la premi\u00e8re \u00e9dition du Forum d&rsquo;investissement conjoint entre la Mauritanie et l&rsquo;Organisation de la Coop\u00e9ration islamique (OCI) dont les travaux se sont ouverts mercredi \u00e0 Nouakchott. Dans une d\u00e9claration \u00e0&hellip;<\/p>\n","protected":false},"author":1,"featured_media":0,"comment_status":"open","ping_status":"open","sticky":false,"template":"","format":"standard","meta":{"inline_featured_image":false,"footnotes":""},"categories":[19],"tags":[],"class_list":["post-7944","post","type-post","status-publish","format-standard","hentry","category-informations","category-19","description-off"],"_links":{"self":[{"href":"https:\/\/www.bmaq.org\/fr\/wp-json\/wp\/v2\/posts\/7944","targetHints":{"allow":["GET"]}}],"collection":[{"href":"https:\/\/www.bmaq.org\/fr\/wp-json\/wp\/v2\/posts"}],"about":[{"href":"https:\/\/www.bmaq.org\/fr\/wp-json\/wp\/v2\/types\/post"}],"author":[{"embeddable":true,"href":"https:\/\/www.bmaq.org\/fr\/wp-json\/wp\/v2\/users\/1"}],"replies":[{"embeddable":true,"href":"https:\/\/www.bmaq.org\/fr\/wp-json\/wp\/v2\/comments?post=7944"}],"version-history":[{"count":0,"href":"https:\/\/www.bmaq.org\/fr\/wp-json\/wp\/v2\/posts\/7944\/revisions"}],"wp:attachment":[{"href":"https:\/\/www.bmaq.org\/fr\/wp-json\/wp\/v2\/media?parent=7944"}],"wp:term":[{"taxonomy":"category","embeddable":true,"href":"https:\/\/www.bmaq.org\/fr\/wp-json\/wp\/v2\/categories?post=7944"},{"taxonomy":"post_tag","embeddable":true,"href":"https:\/\/www.bmaq.org\/fr\/wp-json\/wp\/v2\/tags?post=7944"}],"curies":[{"name":"wp","href":"https:\/\/api.w.org\/{rel}","templated":true}]}}