{"id":11870,"date":"2026-01-25T18:13:06","date_gmt":"2026-01-25T15:13:06","guid":{"rendered":"https:\/\/www.bmaq.org\/?p=11870"},"modified":"2026-01-25T18:13:06","modified_gmt":"2026-01-25T15:13:06","slug":"luniversite-al-quds-nomme-mohammed-salem-echarkaoui-au-conseil-scientifique-de-sa-revue-a-comite-de-lecture-al-maqdisiyya","status":"publish","type":"post","link":"https:\/\/www.bmaq.org\/fr\/2026\/01\/25\/luniversite-al-quds-nomme-mohammed-salem-echarkaoui-au-conseil-scientifique-de-sa-revue-a-comite-de-lecture-al-maqdisiyya\/","title":{"rendered":"L\u2019Universit\u00e9 Al-Quds nomme Mohammed Salem Echarkaoui au Conseil scientifique de sa revue \u00e0 comit\u00e9 de lecture Al-Maqdisiyya"},"content":{"rendered":"<p>Rabat \u2013 Samedi, le Dr Mohammed Salem Echarkaoui, Directeur charg\u00e9 de la gestion de l\u2019Agence Bayt Mal Al-Quds Acharif (BMAQ), a \u00e9t\u00e9 nomm\u00e9 membre du Conseil scientifique de la revue \u00e0 comit\u00e9 de lecture Al-Maqdisiyya, publi\u00e9e par l\u2019Universit\u00e9 Al-Quds.<\/p>\n<p>Cette annonce est intervenue \u00e0 l\u2019occasion de la reconstitution du Conseil scientifique d\u2019Al-Maqdisiyya, qui a tenu sa premi\u00e8re r\u00e9union par visioconf\u00e9rence, r\u00e9unissant ses nouveaux membres, dont M. Echarkaoui.<\/p>\n<p>La nomination de M. Echarkaoui, aux c\u00f4t\u00e9s d\u2019\u00e9minents chercheurs et de responsables de centres de recherche arabes et internationaux, consacre son engagement soutenu au service de J\u00e9rusalem et de sa juste cause, sous la conduite de Sa Majest\u00e9 le Roi Mohammed VI, Pr\u00e9sident du Comit\u00e9 Al-Quds.<\/p>\n<p>La revue Al-Maqdisiyya, publi\u00e9e par l\u2019Universit\u00e9 Al-Quds sous la direction du Dr Imad Abu Kishk, Pr\u00e9sident ex\u00e9cutif de l\u2019Assembl\u00e9e g\u00e9n\u00e9rale de l\u2019Universit\u00e9, est une revue trimestrielle \u00e0 comit\u00e9 de lecture sp\u00e9cialis\u00e9e dans les \u00e9tudes sur J\u00e9rusalem. Lanc\u00e9e au d\u00e9but de l\u2019ann\u00e9e 2019, elle ambitionne de devenir la r\u00e9f\u00e9rence incontournable sur les questions relatives \u00e0 J\u00e9rusalem.<\/p>\n","protected":false},"excerpt":{"rendered":"<p>Rabat \u2013 Samedi, le Dr Mohammed Salem Echarkaoui, Directeur charg\u00e9 de la gestion de l\u2019Agence Bayt Mal Al-Quds Acharif (BMAQ), a \u00e9t\u00e9 nomm\u00e9 membre du Conseil scientifique de la revue \u00e0 comit\u00e9 de lecture Al-Maqdisiyya, publi\u00e9e par l\u2019Universit\u00e9 Al-Quds. Cette annonce est intervenue \u00e0 l\u2019occasion de la reconstitution du Conseil scientifique d\u2019Al-Maqdisiyya, qui a tenu&hellip;<\/p>\n","protected":false},"author":4,"featured_media":11857,"comment_status":"open","ping_status":"open","sticky":false,"template":"","format":"standard","meta":{"inline_featured_image":false,"footnotes":""},"categories":[41],"tags":[],"class_list":["post-11870","post","type-post","status-publish","format-standard","has-post-thumbnail","hentry","category-lactualite","category-41","description-off"],"_links":{"self":[{"href":"https:\/\/www.bmaq.org\/fr\/wp-json\/wp\/v2\/posts\/11870","targetHints":{"allow":["GET"]}}],"collection":[{"href":"https:\/\/www.bmaq.org\/fr\/wp-json\/wp\/v2\/posts"}],"about":[{"href":"https:\/\/www.bmaq.org\/fr\/wp-json\/wp\/v2\/types\/post"}],"author":[{"embeddable":true,"href":"https:\/\/www.bmaq.org\/fr\/wp-json\/wp\/v2\/users\/4"}],"replies":[{"embeddable":true,"href":"https:\/\/www.bmaq.org\/fr\/wp-json\/wp\/v2\/comments?post=11870"}],"version-history":[{"count":1,"href":"https:\/\/www.bmaq.org\/fr\/wp-json\/wp\/v2\/posts\/11870\/revisions"}],"predecessor-version":[{"id":11871,"href":"https:\/\/www.bmaq.org\/fr\/wp-json\/wp\/v2\/posts\/11870\/revisions\/11871"}],"wp:featuredmedia":[{"embeddable":true,"href":"https:\/\/www.bmaq.org\/fr\/wp-json\/wp\/v2\/media\/11857"}],"wp:attachment":[{"href":"https:\/\/www.bmaq.org\/fr\/wp-json\/wp\/v2\/media?parent=11870"}],"wp:term":[{"taxonomy":"category","embeddable":true,"href":"https:\/\/www.bmaq.org\/fr\/wp-json\/wp\/v2\/categories?post=11870"},{"taxonomy":"post_tag","embeddable":true,"href":"https:\/\/www.bmaq.org\/fr\/wp-json\/wp\/v2\/tags?post=11870"}],"curies":[{"name":"wp","href":"https:\/\/api.w.org\/{rel}","templated":true}]}}