{"id":11831,"date":"2026-01-24T02:38:14","date_gmt":"2026-01-23T23:38:14","guid":{"rendered":"https:\/\/www.bmaq.org\/?p=11831"},"modified":"2026-01-24T02:38:14","modified_gmt":"2026-01-23T23:38:14","slug":"bmaq-lance-le-programme-les-nuits-dal-qods-au-maroc","status":"publish","type":"post","link":"https:\/\/www.bmaq.org\/fr\/2026\/01\/24\/bmaq-lance-le-programme-les-nuits-dal-qods-au-maroc\/","title":{"rendered":"BMAQ lance le programme \u00abLes Nuits d\u2019Al-Qods au Maroc\u00bb"},"content":{"rendered":"<p>Rabat \u2013 Le programme \u00ab Les Nuits d\u2019Al-Qods au Maroc \u00bb a \u00e9t\u00e9 officiellement lanc\u00e9 jeudi soir \u00e0 l\u2019Institut National Sup\u00e9rieur de Musique et d\u2019Art Chor\u00e9graphique \u00e0 Rabat. Cette initiative est organis\u00e9e par l\u2019Agence Bayt Mal Al-Qods Acharif (BMAQ), en partenariat avec l\u2019Association communautaire Burj Al-Luqlaq \u00e0 J\u00e9rusalem et l\u2019Association marocaine de soutien \u00e0 la reconstruction en Palestine.<\/p>\n<p>Cet \u00e9v\u00e9nement de trois jours s\u2019inscrit dans le cadre des efforts continus de la BMAQ, men\u00e9s conform\u00e9ment aux Hautes Instructions de Sa Majest\u00e9 le Roi Mohammed VI, Pr\u00e9sident du Comit\u00e9 Al-Qods, visant \u00e0 renforcer la pr\u00e9sence symbolique de la Ville sainte dans la conscience humaine et \u00e0 consolider les valeurs de solidarit\u00e9 et de soutien ind\u00e9fectible \u00e0 sa population et \u00e0 ses lieux saints.<\/p>\n<p>Dans une allocution prononc\u00e9e \u00e0 cette occasion, le Directeur de la BMAQ, M. Mohamed Salem Echarkaoui, a soulign\u00e9 que le programme \u00ab Les Nuits d\u2019Al-Qods au Maroc \u00bb refl\u00e8te l\u2019engagement de l\u2019Agence \u00e0 mobiliser la culture, la cr\u00e9ativit\u00e9 et les industries culturelles comme un pont humain reliant le Maroc et J\u00e9rusalem, \u00e0 renforcer la sensibilisation \u00e0 la cause palestinienne et \u00e0 soutenir la r\u00e9silience des J\u00e9rusal\u00e9mites, en harmonie avec les valeurs de la ville ainsi que sa port\u00e9e religieuse et civilisationnelle.<\/p>\n<p>M. Echarkaoui a \u00e9galement mis en lumi\u00e8re les pr\u00e9paratifs de l\u2019Agence pour le lancement de sa campagne de Ramadan \u00e0 J\u00e9rusalem, destin\u00e9e \u00e0 soutenir les familles n\u00e9cessiteuses tout au long du mois sacr\u00e9. Il a, par ailleurs, pr\u00e9sent\u00e9 le plan d\u2019action de l\u2019Agence pour l\u2019ann\u00e9e 2026, qui pr\u00e9voit des projets de soutien aux \u00e9tablissements de sant\u00e9 et d\u2019enseignement, ainsi que des initiatives dans les domaines de la culture, des arts et des programmes d\u00e9di\u00e9s \u00e0 l\u2019enfance.<\/p>\n<p>Pour sa part, l\u2019Ambassadeur de l\u2019\u00c9tat de Palestine aupr\u00e8s du Royaume du Maroc, M. Jamal Al-Shobaki, a affirm\u00e9 que le v\u00e9ritable filet de s\u00e9curit\u00e9 de la Palestine r\u00e9side dans son ancrage arabe et islamique, au premier rang duquel figure le Maroc, dont le soutien \u00e9conomique et politique constant demeure in\u00e9branlable. Dans ce contexte, il a soulign\u00e9 que la pr\u00e9sence marocaine \u00e0 J\u00e9rusalem constitue une composante int\u00e9grante et durable du tissu social de la Ville sainte.<\/p>\n<p>L\u2019Ambassadeur a indiqu\u00e9 que le programme \u00ab Les Nuits d\u2019Al-Qods au Maroc \u00bb sera suivi, en r\u00e9ciprocit\u00e9, par les \u00ab Nuits marocaines \u00e0 J\u00e9rusalem \u00bb durant le mois sacr\u00e9 de Ramadan, r\u00e9affirmant ainsi le solide partenariat avec la BMAQ, qui joue un r\u00f4le de premier plan dans le soutien aux J\u00e9rusal\u00e9mites et le renforcement de leur r\u00e9silience.<\/p>\n<p>De son c\u00f4t\u00e9, le Pr\u00e9sident du Conseil d\u2019administration de l\u2019Association communautaire Burj Al-Luqlaq \u00e0 J\u00e9rusalem, M. Nasser Ghaith, a d\u00e9clar\u00e9 que les activit\u00e9s du programme \u00ab Les Nuits d\u2019Al-Qods au Maroc \u00bb vont au-del\u00e0 d\u2019une simple c\u00e9l\u00e9bration, constituant un rappel fort de la dimension spirituelle, historique et humaine de la Ville sainte dans la conscience collective de l\u2019Oumma.<\/p>\n<p>M. Ghaith a hautement salu\u00e9 le r\u00f4le pionnier du Royaume, sous la conduite de Sa Majest\u00e9 le Roi Mohammed VI, Pr\u00e9sident du Comit\u00e9 Al-Qods, dans le soutien \u00e0 la ville de J\u00e9rusalem \u00e0 travers des positions fermes et des initiatives concr\u00e8tes, guid\u00e9es par une approche constante et coh\u00e9rente refl\u00e9tant les liens historiques et affectifs profonds du Maroc avec la Ville sainte.<\/p>\n<p>Pour sa part, Mme Amina Talbi, membre du Bureau ex\u00e9cutif de l\u2019Association marocaine de soutien \u00e0 la reconstruction en Palestine, a soulign\u00e9 que \u00ab Les Nuits d\u2019Al-Qods au Maroc \u00bb constituent un \u00e9v\u00e9nement spirituel et culturel traduisant les liens historiques et affectifs profonds unissant le peuple marocain \u00e0 J\u00e9rusalem et \u00e0 la Palestine. Elle a insist\u00e9 sur la n\u00e9cessit\u00e9 d\u2019intensifier les efforts de soutien au peuple palestinien \u00e0 travers des initiatives concr\u00e8tes et des projets de terrain, une mission que la BMAQ n\u2019a cess\u00e9 de porter avec constance.<\/p>\n","protected":false},"excerpt":{"rendered":"<p>Rabat \u2013 Le programme \u00ab Les Nuits d\u2019Al-Qods au Maroc \u00bb a \u00e9t\u00e9 officiellement lanc\u00e9 jeudi soir \u00e0 l\u2019Institut National Sup\u00e9rieur de Musique et d\u2019Art Chor\u00e9graphique \u00e0 Rabat. Cette initiative est organis\u00e9e par l\u2019Agence Bayt Mal Al-Qods Acharif (BMAQ), en partenariat avec l\u2019Association communautaire Burj Al-Luqlaq \u00e0 J\u00e9rusalem et l\u2019Association marocaine de soutien \u00e0 la&hellip;<\/p>\n","protected":false},"author":4,"featured_media":11808,"comment_status":"open","ping_status":"open","sticky":false,"template":"","format":"standard","meta":{"inline_featured_image":false,"footnotes":""},"categories":[41],"tags":[],"class_list":["post-11831","post","type-post","status-publish","format-standard","has-post-thumbnail","hentry","category-lactualite","category-41","description-off"],"_links":{"self":[{"href":"https:\/\/www.bmaq.org\/fr\/wp-json\/wp\/v2\/posts\/11831","targetHints":{"allow":["GET"]}}],"collection":[{"href":"https:\/\/www.bmaq.org\/fr\/wp-json\/wp\/v2\/posts"}],"about":[{"href":"https:\/\/www.bmaq.org\/fr\/wp-json\/wp\/v2\/types\/post"}],"author":[{"embeddable":true,"href":"https:\/\/www.bmaq.org\/fr\/wp-json\/wp\/v2\/users\/4"}],"replies":[{"embeddable":true,"href":"https:\/\/www.bmaq.org\/fr\/wp-json\/wp\/v2\/comments?post=11831"}],"version-history":[{"count":1,"href":"https:\/\/www.bmaq.org\/fr\/wp-json\/wp\/v2\/posts\/11831\/revisions"}],"predecessor-version":[{"id":11832,"href":"https:\/\/www.bmaq.org\/fr\/wp-json\/wp\/v2\/posts\/11831\/revisions\/11832"}],"wp:featuredmedia":[{"embeddable":true,"href":"https:\/\/www.bmaq.org\/fr\/wp-json\/wp\/v2\/media\/11808"}],"wp:attachment":[{"href":"https:\/\/www.bmaq.org\/fr\/wp-json\/wp\/v2\/media?parent=11831"}],"wp:term":[{"taxonomy":"category","embeddable":true,"href":"https:\/\/www.bmaq.org\/fr\/wp-json\/wp\/v2\/categories?post=11831"},{"taxonomy":"post_tag","embeddable":true,"href":"https:\/\/www.bmaq.org\/fr\/wp-json\/wp\/v2\/tags?post=11831"}],"curies":[{"name":"wp","href":"https:\/\/api.w.org\/{rel}","templated":true}]}}