{"id":11824,"date":"2026-01-24T02:31:50","date_gmt":"2026-01-23T23:31:50","guid":{"rendered":"https:\/\/www.bmaq.org\/?p=11824"},"modified":"2026-01-24T02:43:44","modified_gmt":"2026-01-23T23:43:44","slug":"bmaq-lance-le-programme-les-nuits-de-jerusalem-au-maroc-pour-renforcer-la-presence-symbolique-de-la-ville-sainte-dans-la-conscience-humaine","status":"publish","type":"post","link":"https:\/\/www.bmaq.org\/fr\/2026\/01\/24\/bmaq-lance-le-programme-les-nuits-de-jerusalem-au-maroc-pour-renforcer-la-presence-symbolique-de-la-ville-sainte-dans-la-conscience-humaine\/","title":{"rendered":"BMAQ lance le programme \u00abLes Nuits d\u2019Al-Quds au Maroc\u00bb pour renforcer la pr\u00e9sence symbolique de la Ville sainte dans la conscience humaine"},"content":{"rendered":"<p>L\u2019Agence Bayt Mal Al-Qods Acharif (BMAQ) inaugurera, jeudi, le programme \u00ab Les Nuits d\u2019Al-Quds au Maroc \u00bb \u00e0 l\u2019Institut National Sup\u00e9rieur de Musique et d\u2019Art Chor\u00e9graphique, attenant au Th\u00e9\u00e2tre Mohammed V \u00e0 Rabat. Organis\u00e9 en partenariat avec la Soci\u00e9t\u00e9 communautaire Burj Al-Luqlaq de J\u00e9rusalem et l\u2019Association marocaine de soutien \u00e0 la reconstruction en Palestine, l\u2019\u00e9v\u00e9nement mettra en vedette des troupes artistiques et des ensembles de chants religieux du Maroc et de J\u00e9rusalem.<\/p>\n<p>Pr\u00e9vu jusqu\u2019\u00e0 samedi prochain, ce programme s\u2019inscrit dans le cadre des efforts continus de l\u2019Agence, men\u00e9s conform\u00e9ment aux Hautes Instructions de Sa Majest\u00e9 le Roi Mohammed VI, Pr\u00e9sident du Comit\u00e9 Al-Qods, visant \u00e0 renforcer la pr\u00e9sence symbolique de la Ville sainte et \u00e0 promouvoir la solidarit\u00e9 avec sa population et ses lieux saints.<\/p>\n<p>Cette initiative refl\u00e8te l\u2019engagement de la BMAQ \u00e0 mobiliser la culture, la cr\u00e9ativit\u00e9 et les industries culturelles comme un pont humain entre le Maroc et J\u00e9rusalem, \u00e0 sensibiliser \u00e0 la cause palestinienne et \u00e0 soutenir la r\u00e9silience des J\u00e9rusal\u00e9mites, conform\u00e9ment \u00e0 sa mission constante.<\/p>\n<p>Le programme propose des expositions d\u2019arts visuels d\u2019artistes palestiniens Talib Odweik et Shihab Al-Qawasmi, ainsi que des espaces d\u00e9di\u00e9s aux produits traditionnels. Les spectacles incluent la troupe du Forum des jeunes du patrimoine de J\u00e9rusalem et le groupe de chants religieux \u00ab Anwar Al-Qods \u00bb, dirig\u00e9 par le munshid Zuhair Al-Sabbah, r\u00e9unissant au total plus de 20 artistes palestiniens de tous \u00e2ges.<\/p>\n<p>D\u2019autres prestations seront assur\u00e9es par le Groupe Al-Furqan pour le chant religieux et la r\u00e9citation coranique, dirig\u00e9 par le professeur Omar Al-Jaadi, ainsi que par l\u2019ensemble Ikhwan Al-Fann, sous la direction de l\u2019artiste Ayoub Al-Ammarti et accompagn\u00e9 du musicien Marwan Haji. La jeune artiste Yousra Chouhad pr\u00e9sentera \u00e9galement des performances instrumentales en solo.<\/p>\n","protected":false},"excerpt":{"rendered":"<p>L\u2019Agence Bayt Mal Al-Qods Acharif (BMAQ) inaugurera, jeudi, le programme \u00ab Les Nuits d\u2019Al-Quds au Maroc \u00bb \u00e0 l\u2019Institut National Sup\u00e9rieur de Musique et d\u2019Art Chor\u00e9graphique, attenant au Th\u00e9\u00e2tre Mohammed V \u00e0 Rabat. Organis\u00e9 en partenariat avec la Soci\u00e9t\u00e9 communautaire Burj Al-Luqlaq de J\u00e9rusalem et l\u2019Association marocaine de soutien \u00e0 la reconstruction en Palestine, l\u2019\u00e9v\u00e9nement&hellip;<\/p>\n","protected":false},"author":4,"featured_media":11821,"comment_status":"open","ping_status":"open","sticky":false,"template":"","format":"standard","meta":{"inline_featured_image":false,"footnotes":""},"categories":[41],"tags":[],"class_list":["post-11824","post","type-post","status-publish","format-standard","has-post-thumbnail","hentry","category-lactualite","category-41","description-off"],"_links":{"self":[{"href":"https:\/\/www.bmaq.org\/fr\/wp-json\/wp\/v2\/posts\/11824","targetHints":{"allow":["GET"]}}],"collection":[{"href":"https:\/\/www.bmaq.org\/fr\/wp-json\/wp\/v2\/posts"}],"about":[{"href":"https:\/\/www.bmaq.org\/fr\/wp-json\/wp\/v2\/types\/post"}],"author":[{"embeddable":true,"href":"https:\/\/www.bmaq.org\/fr\/wp-json\/wp\/v2\/users\/4"}],"replies":[{"embeddable":true,"href":"https:\/\/www.bmaq.org\/fr\/wp-json\/wp\/v2\/comments?post=11824"}],"version-history":[{"count":4,"href":"https:\/\/www.bmaq.org\/fr\/wp-json\/wp\/v2\/posts\/11824\/revisions"}],"predecessor-version":[{"id":11836,"href":"https:\/\/www.bmaq.org\/fr\/wp-json\/wp\/v2\/posts\/11824\/revisions\/11836"}],"wp:featuredmedia":[{"embeddable":true,"href":"https:\/\/www.bmaq.org\/fr\/wp-json\/wp\/v2\/media\/11821"}],"wp:attachment":[{"href":"https:\/\/www.bmaq.org\/fr\/wp-json\/wp\/v2\/media?parent=11824"}],"wp:term":[{"taxonomy":"category","embeddable":true,"href":"https:\/\/www.bmaq.org\/fr\/wp-json\/wp\/v2\/categories?post=11824"},{"taxonomy":"post_tag","embeddable":true,"href":"https:\/\/www.bmaq.org\/fr\/wp-json\/wp\/v2\/tags?post=11824"}],"curies":[{"name":"wp","href":"https:\/\/api.w.org\/{rel}","templated":true}]}}