{"id":10441,"date":"2024-11-29T23:26:50","date_gmt":"2024-11-29T20:26:50","guid":{"rendered":"https:\/\/www.bmaq.org\/?p=10441"},"modified":"2024-11-30T19:28:11","modified_gmt":"2024-11-30T16:28:11","slug":"santiago-lagence-bayt-mal-al-qods-participe-a-la-semaine-du-maroc-au-chili-et-souligne-le-soutien-continu-du-royaume-a-al-qods-et-a-la-palestine","status":"publish","type":"post","link":"https:\/\/www.bmaq.org\/fr\/2024\/11\/29\/santiago-lagence-bayt-mal-al-qods-participe-a-la-semaine-du-maroc-au-chili-et-souligne-le-soutien-continu-du-royaume-a-al-qods-et-a-la-palestine\/","title":{"rendered":"Santiago : L&rsquo;Agence Bayt Mal Al-Qods participe \u00e0 la Semaine du Maroc au Chili et souligne le soutien continu du Royaume \u00e0 Al-Qods et \u00e0 la Palestine"},"content":{"rendered":"<p>Santiago : L&rsquo;Agence Bayt Mal Al-Qods participe \u00e0 la Semaine du Maroc au Chili et souligne le soutien continu du Royaume \u00e0 Al-Qods et \u00e0 la Palestine<\/p>\n<p>Chili 29 novembre 2024<br \/>\nL&rsquo;Agence Bayt Mal Al-Qods Al Sharif participe aux activit\u00e9s de la Semaine du Royaume du Maroc au Chili, qui s&rsquo;est ouverte jeudi au Centre Culturel \u00ab La Moneda \u00bb de la capitale Santiago, et se poursuivra jusqu&rsquo;au 8 d\u00e9cembre 2024, \u00e0 l&rsquo;initiative de l&rsquo;Ambassade du Royaume en R\u00e9publique du Chili.<br \/>\nLa participation de l&rsquo;Agence \u00e0 cette initiative constitue une occasion de pr\u00e9senter le soutien important et influent apport\u00e9 par le Royaume du Maroc, sous la conduite de Sa Majest\u00e9 le Roi Mohammed VI, que Dieu l\u2019assiste, Pr\u00e9sident du Comit\u00e9 d\u2019Ai-Qods, \u00e0 la question palestinienne, co\u00efncidant avec la comm\u00e9moration de la Journ\u00e9e internationale de solidarit\u00e9 avec le peuple palestinien, qui a lieu le 29 novembre de chaque ann\u00e9e.<br \/>\nLe Stand de l&rsquo;Agence dans l&rsquo;exposition comprend des images et des tableaux pr\u00e9sentant des exemples de programmes et de projets sociaux, en plus d&rsquo;un pavillon pour les documents et publications, et un autre pour les produits de terrain que l&rsquo;Agence soutient au profit des associations et organismes palestiniens \u00e0 Al-Qods dans le cadre de projets de d\u00e9veloppement humain, de programmes d&rsquo;autonomisation des femmes d\u2019Al-Qods et d&rsquo;initiatives civiles pour la jeunesse d\u2019Al-Qods, ainsi que de v\u00eatements et de textiles qui refl\u00e8tent l&rsquo;identit\u00e9 et le patrimoine palestinien.<br \/>\nDans un discours prononc\u00e9 \u00e0 cette occasion, le directeur charg\u00e9 de la gestion de l&rsquo;Agence Bayt Mal Al-Qods Al-Sharif, Dr. Mohamed Salem Echarkaoui, a d\u00e9clar\u00e9 que les Marocains, dont la capitale abrite le si\u00e8ge principal de l&rsquo;Agence \u00ab se consid\u00e8rent comme faisant partie de Palestine. Ils ont une fi\u00e8re pr\u00e9sence historique dans la ville d\u2019Al-Qods, \u00e0 travers Hay Al-Maghariba adjacent \u00e0 la porte, qui porte encore le nom des Marocains \u00bb.<br \/>\nM. Echarkaoui a soulign\u00e9 : \u00ab Le Maroc continue de renforcer sa pr\u00e9sence historique \u00e0 Al-Qods en poss\u00e9dant une propri\u00e9t\u00e9 historique au c\u0153ur de la vieille ville sur le chemin des douleurs, qui est en train d&rsquo;\u00eatre transform\u00e9e en centre culturel marocain pour consolider les valeurs du Royaume du Maroc, qui reposent sur les principes de paix et de coexistence.<br \/>\nIl a soulign\u00e9 que le Maroc continue de soutenir la cause palestinienne \u00e0 travers les t\u00e2ches entreprises par le Comit\u00e9 d\u2019Al-Qods, que ce soit sur le plan politique et juridique, \u00e0 travers les efforts de la diplomatie marocaine, ou sur le plan humanitaire \u00e0 travers les projets mis en \u0153uvre par l\u2019Agence Bayt Mal Al-Qods dans les domaines de la sant\u00e9, de l&rsquo;\u00e9ducation, du logement et du d\u00e9veloppement social et humain.<br \/>\nLa d\u00e9l\u00e9gation de l&rsquo;Agence, conduite par le directeur charg\u00e9 de la gestion de l&rsquo;institution, Dr. Mohamed Salem Echarkaoui, comprend des repr\u00e9sentants de ses bureaux de Rabat et d\u2018Al-Qods, ainsi qu&rsquo;une d\u00e9l\u00e9gation palestinienne qui comprend Amjad Shehab, professeur d&rsquo;enseignement sup\u00e9rieur, membre de l\u2019institution supr\u00eame islamique \u00e0 Al-Qods, et le p\u00e8re Johnny Abi Khalil, conseiller \u00e0 l&rsquo;\u00c9cole patriarcale latine d\u2019Al-Qods, le r\u00e9v\u00e9rend Imad Haddad, pasteur de l&rsquo;\u00c9glise \u00e9vang\u00e9lique luth\u00e9rienne d&rsquo;Amman, et Rania Al-Muhtadi, professeur de litt\u00e9rature espagnole \u00e0 l&rsquo;Universit\u00e9 Al-Qods.<\/p>\n<p>\/\/<\/p>\n","protected":false},"excerpt":{"rendered":"<p>Santiago : L&rsquo;Agence Bayt Mal Al-Qods participe \u00e0 la Semaine du Maroc au Chili et souligne le soutien continu du Royaume \u00e0 Al-Qods et \u00e0 la Palestine Chili 29 novembre 2024 L&rsquo;Agence Bayt Mal Al-Qods Al Sharif participe aux activit\u00e9s de la Semaine du Royaume du Maroc au Chili, qui s&rsquo;est ouverte jeudi au Centre&hellip;<\/p>\n","protected":false},"author":4,"featured_media":10427,"comment_status":"open","ping_status":"open","sticky":false,"template":"","format":"standard","meta":{"inline_featured_image":false,"footnotes":""},"categories":[41],"tags":[],"class_list":["post-10441","post","type-post","status-publish","format-standard","has-post-thumbnail","hentry","category-lactualite","category-41","description-off"],"_links":{"self":[{"href":"https:\/\/www.bmaq.org\/fr\/wp-json\/wp\/v2\/posts\/10441","targetHints":{"allow":["GET"]}}],"collection":[{"href":"https:\/\/www.bmaq.org\/fr\/wp-json\/wp\/v2\/posts"}],"about":[{"href":"https:\/\/www.bmaq.org\/fr\/wp-json\/wp\/v2\/types\/post"}],"author":[{"embeddable":true,"href":"https:\/\/www.bmaq.org\/fr\/wp-json\/wp\/v2\/users\/4"}],"replies":[{"embeddable":true,"href":"https:\/\/www.bmaq.org\/fr\/wp-json\/wp\/v2\/comments?post=10441"}],"version-history":[{"count":1,"href":"https:\/\/www.bmaq.org\/fr\/wp-json\/wp\/v2\/posts\/10441\/revisions"}],"predecessor-version":[{"id":10442,"href":"https:\/\/www.bmaq.org\/fr\/wp-json\/wp\/v2\/posts\/10441\/revisions\/10442"}],"wp:featuredmedia":[{"embeddable":true,"href":"https:\/\/www.bmaq.org\/fr\/wp-json\/wp\/v2\/media\/10427"}],"wp:attachment":[{"href":"https:\/\/www.bmaq.org\/fr\/wp-json\/wp\/v2\/media?parent=10441"}],"wp:term":[{"taxonomy":"category","embeddable":true,"href":"https:\/\/www.bmaq.org\/fr\/wp-json\/wp\/v2\/categories?post=10441"},{"taxonomy":"post_tag","embeddable":true,"href":"https:\/\/www.bmaq.org\/fr\/wp-json\/wp\/v2\/tags?post=10441"}],"curies":[{"name":"wp","href":"https:\/\/api.w.org\/{rel}","templated":true}]}}