{"id":10272,"date":"2024-10-26T23:40:30","date_gmt":"2024-10-26T20:40:30","guid":{"rendered":"https:\/\/www.bmaq.org\/?p=10272"},"modified":"2024-10-27T00:42:11","modified_gmt":"2024-10-26T21:42:11","slug":"rabat-accueille-un-grand-festival-de-solidarite-avec-le-peuple-palestinien-en-presence-dune-delegation-palestinienne-de-haut-rang","status":"publish","type":"post","link":"https:\/\/www.bmaq.org\/fr\/2024\/10\/26\/rabat-accueille-un-grand-festival-de-solidarite-avec-le-peuple-palestinien-en-presence-dune-delegation-palestinienne-de-haut-rang\/","title":{"rendered":"Rabat accueille un grand festival de solidarit\u00e9 avec le peuple palestinien, en pr\u00e9sence d&rsquo;une d\u00e9l\u00e9gation palestinienne de haut rang"},"content":{"rendered":"<p>&nbsp;<\/p>\n<p>Rabat &#8211; 26 octobre 2024<\/p>\n<p>L&rsquo;Association marocaine d&rsquo;appui \u00e0 la reconstruction en Palestine a organis\u00e9 le Festival de Rabat de solidarit\u00e9 avec le peuple palestinien sous le slogan \u00ab Avec lui dans l&rsquo;adversit\u00e9 comme dans les jours de prosp\u00e9rit\u00e9 \u00bb, co\u00efncidant avec la visite de la d\u00e9l\u00e9gation du Congr\u00e8s populaire \u00e0 Al-Qods et de l\u2019instance islamo-chr\u00e9tienne de soutien \u00e0 Al Qods et aux sites sacr\u00e9s,au Royaume du Maroc, \u00e0 l&rsquo;invitation de l&rsquo;Agence Bayt Mal Al-Qods Al-Sharif.<\/p>\n<p>Le festival, auquel ont particip\u00e9 des personnalit\u00e9s marocaines et \u00e9trang\u00e8res, a vu l&rsquo;organisation d&rsquo;expositions de photos, de peintures artistiques et de produits artisanaux traditionnels, d&rsquo;un salon galerie et de cuisine palestinienne, outre des projections sur \u00e9cran repr\u00e9sentant le D\u00f4me du Rocher et la Mosqu\u00e9e Al-Aqsa, utilisant la technologie d&rsquo;animation 3D.<\/p>\n<p>Dans un discours prononc\u00e9 \u00e0 cette occasion, Bilal Natsheh, secr\u00e9taire g\u00e9n\u00e9ral de l&rsquo;Assembl\u00e9e populaire nationale d&rsquo;Al-Qods, a salu\u00e9 \u00ab le r\u00f4le du Royaume et ses initiatives continues de solidarit\u00e9, Roi et peuple, pour soutenir la cause palestinienne, au premier rang desquelles la pr\u00e9servation de l&rsquo;identit\u00e9 de la Ville Sainte.<\/p>\n<p>Natsheh a salu\u00e9 \u00ab\u00a0les efforts de Sa Majest\u00e9 le Roi Mohammed VI, pr\u00e9sident du Comit\u00e9 Al-Qods, dans les forums internationaux et r\u00e9gionaux pour soutenir Al-Qods et pr\u00e9server son caract\u00e8re arabe, historique et ses valeurs sacr\u00e9es islamiques et chr\u00e9tiennes, en sa qualit\u00e9 de fid\u00e8le gardien\u00a0\u00bb. avertissant, en m\u00eame temps, des r\u00e9percussions de la situation actuelle de la Ville Sainte.<\/p>\n<p>De son c\u00f4t\u00e9, le directeur charg\u00e9 de la gestion de l&rsquo;Agence Bayt Mal Al-Qods Al-Sharif, Mohamed Salem Echarkaoui, a soulign\u00e9 que tous les Marocains, sous la conduite de Sa Majest\u00e9 le Roi Mohammed VI, que Dieu l&rsquo;assiste, pr\u00e9sident du Comit\u00e9 Al-Qods, sont unanimes dans la loyaut\u00e9 \u00e0 la cause palestinienne, tout comme ils sontt fid\u00e8les \u00e0 leur premi\u00e8re cause nationale, en continuant sur ce chemin sans compromis ni compromission.\u00bb<\/p>\n<p>Echarkaoui a exprim\u00e9, \u00e0 cette occasion, que les conditions difficiles dans la Ville sainte \u00ab n\u00e9cessitent quelque chose pour soutenir la fermet\u00e9 de sa population et de ses institutions alors qu&rsquo;ils font face quotidiennement \u00e0 de grands d\u00e9fis qui mortifient leur vie, menacent leur existence et leur continuit\u00e9 et restreignent leur libert\u00e9 civile et religieuse\u00bb<\/p>\n<p>Le festval de solidarit\u00e9, \u00e0 laquelle ont particip\u00e9 notamment l&rsquo;ambassadeur de l&rsquo;\u00c9tat de Palestine aupr\u00e8s du Royaume du Maroc, Jamal Al-Shoubaki, le pr\u00e9sident de l&rsquo;Association marocaine d&rsquo;appui \u00e0 la reconstruction en Palestine, Muhammad Jamal Al-Bouzidi, et le repr\u00e9sentant de L&rsquo;association marocaine de soutien \u00e0 la lutte palestinienne, Abdelhafiz Oualalou, a conclu par une c\u00e9r\u00e9monie de remise du subvention allou\u00e9e par l&rsquo;Association d&rsquo;appui \u00e0 la reconstruction en Palestine aux projets de l&rsquo;Agence Bayt Mal Al-Qods, d&rsquo;un montant de 5 millions de dirhams marocains.<\/p>\n<p>\\\\<\/p>\n","protected":false},"excerpt":{"rendered":"<p>&nbsp; Rabat &#8211; 26 octobre 2024 L&rsquo;Association marocaine d&rsquo;appui \u00e0 la reconstruction en Palestine a organis\u00e9 le Festival de Rabat de solidarit\u00e9 avec le peuple palestinien sous le slogan \u00ab Avec lui dans l&rsquo;adversit\u00e9 comme dans les jours de prosp\u00e9rit\u00e9 \u00bb, co\u00efncidant avec la visite de la d\u00e9l\u00e9gation du Congr\u00e8s populaire \u00e0 Al-Qods et de&hellip;<\/p>\n","protected":false},"author":4,"featured_media":10251,"comment_status":"open","ping_status":"open","sticky":false,"template":"","format":"standard","meta":{"inline_featured_image":false,"footnotes":""},"categories":[41],"tags":[],"class_list":["post-10272","post","type-post","status-publish","format-standard","has-post-thumbnail","hentry","category-lactualite","category-41","description-off"],"_links":{"self":[{"href":"https:\/\/www.bmaq.org\/fr\/wp-json\/wp\/v2\/posts\/10272","targetHints":{"allow":["GET"]}}],"collection":[{"href":"https:\/\/www.bmaq.org\/fr\/wp-json\/wp\/v2\/posts"}],"about":[{"href":"https:\/\/www.bmaq.org\/fr\/wp-json\/wp\/v2\/types\/post"}],"author":[{"embeddable":true,"href":"https:\/\/www.bmaq.org\/fr\/wp-json\/wp\/v2\/users\/4"}],"replies":[{"embeddable":true,"href":"https:\/\/www.bmaq.org\/fr\/wp-json\/wp\/v2\/comments?post=10272"}],"version-history":[{"count":1,"href":"https:\/\/www.bmaq.org\/fr\/wp-json\/wp\/v2\/posts\/10272\/revisions"}],"predecessor-version":[{"id":10273,"href":"https:\/\/www.bmaq.org\/fr\/wp-json\/wp\/v2\/posts\/10272\/revisions\/10273"}],"wp:featuredmedia":[{"embeddable":true,"href":"https:\/\/www.bmaq.org\/fr\/wp-json\/wp\/v2\/media\/10251"}],"wp:attachment":[{"href":"https:\/\/www.bmaq.org\/fr\/wp-json\/wp\/v2\/media?parent=10272"}],"wp:term":[{"taxonomy":"category","embeddable":true,"href":"https:\/\/www.bmaq.org\/fr\/wp-json\/wp\/v2\/categories?post=10272"},{"taxonomy":"post_tag","embeddable":true,"href":"https:\/\/www.bmaq.org\/fr\/wp-json\/wp\/v2\/tags?post=10272"}],"curies":[{"name":"wp","href":"https:\/\/api.w.org\/{rel}","templated":true}]}}